{"id":2307,"date":"2022-08-18T14:29:39","date_gmt":"2022-08-18T17:29:39","guid":{"rendered":"http:\/\/blogdoarmindomaia.com.br\/?p=2307"},"modified":"2022-08-18T14:29:41","modified_gmt":"2022-08-18T17:29:41","slug":"projeto-semeando-conhecimentos-encerra-acoes-nas-escolas","status":"publish","type":"post","link":"http:\/\/blogdoarmindomaia.com.br\/?p=2307","title":{"rendered":"Projeto Semeando Conhecimentos encerra a\u00e7\u00f5es nas escolas"},"content":{"rendered":"\n<figure class=\"wp-block-image size-large\"><img loading=\"lazy\" decoding=\"async\" width=\"1024\" height=\"682\" src=\"http:\/\/blogdoarmindomaia.com.br\/wp-content\/uploads\/2022\/08\/Projeto-Semeando-Conhecimento-pag-09-1024x682.jpg\" alt=\"\" class=\"wp-image-2308\" srcset=\"http:\/\/blogdoarmindomaia.com.br\/wp-content\/uploads\/2022\/08\/Projeto-Semeando-Conhecimento-pag-09-1024x682.jpg 1024w, http:\/\/blogdoarmindomaia.com.br\/wp-content\/uploads\/2022\/08\/Projeto-Semeando-Conhecimento-pag-09-300x200.jpg 300w, http:\/\/blogdoarmindomaia.com.br\/wp-content\/uploads\/2022\/08\/Projeto-Semeando-Conhecimento-pag-09-768x512.jpg 768w, http:\/\/blogdoarmindomaia.com.br\/wp-content\/uploads\/2022\/08\/Projeto-Semeando-Conhecimento-pag-09.jpg 1280w\" sizes=\"auto, (max-width: 1024px) 100vw, 1024px\" \/><\/figure>\n\n\n\n<figure class=\"wp-block-image size-large\"><img loading=\"lazy\" decoding=\"async\" width=\"1024\" height=\"461\" src=\"http:\/\/blogdoarmindomaia.com.br\/wp-content\/uploads\/2022\/08\/maria_julia-1024x461.jpg\" alt=\"\" class=\"wp-image-2309\" srcset=\"http:\/\/blogdoarmindomaia.com.br\/wp-content\/uploads\/2022\/08\/maria_julia-1024x461.jpg 1024w, http:\/\/blogdoarmindomaia.com.br\/wp-content\/uploads\/2022\/08\/maria_julia-300x135.jpg 300w, http:\/\/blogdoarmindomaia.com.br\/wp-content\/uploads\/2022\/08\/maria_julia-768x346.jpg 768w, http:\/\/blogdoarmindomaia.com.br\/wp-content\/uploads\/2022\/08\/maria_julia.jpg 1280w\" sizes=\"auto, (max-width: 1024px) 100vw, 1024px\" \/><\/figure>\n\n\n\n<p>Dez dias. Cinquenta horas de produ\u00e7\u00e3o. Dezesseis horas de <em>workshows<\/em>. Vinte escolas, mais de dois mil estudantes impactados, quatro m\u00fasicos, uma Kombi e a infinidade da m\u00fasica instrumental. Terminou nesta sexta (12) a primeira etapa do projeto \u00b4A M\u00fasica Semeando Conhecimentos`.<\/p>\n\n\n\n<p>Realizada pelo grupo araxaense Tiago Martins Quarteto, por meio da Lei Federal de Incentivo \u00e0 Cultura com o patroc\u00ednio da CBMM e apoio da Secretaria Municipal de Educa\u00e7\u00e3o, a a\u00e7\u00e3o movimentou as institui\u00e7\u00f5es educacionais e levou cultura e aprendizado para os quatro cantos da cidade. \u201cFoi um desafio, mas valeu muito enfrent\u00e1-lo. &nbsp;Levamos \u00e0s escolas a estrutura de um <em>pocket show<\/em>, com cen\u00e1rio, luzes e som de qualidade e vivenciamos a alegria das crian\u00e7as com aquele ineditismo. Tenho certeza de que os frutos v\u00e3o aparecer em muito pouco tempo, ali\u00e1s j\u00e1 come\u00e7amos a ter not\u00edcias deles\u201d, diz o produtor geral do projeto, Daniel Nacati.<\/p>\n\n\n\n<p>A secret\u00e1ria Municipal de Educa\u00e7\u00e3o de Arax\u00e1, Zulma Moreira, ressalta o quanto a a\u00e7\u00e3o mobilizou as escolas e diz que os ganhos ocorrem nas mais variadas \u00e1reas. \u201cO projeto propiciou aos nossos alunos a oportunidade de conhecer sons, instrumentos, ritmos, melodias, harmonias. Tenho certeza de que por meio dele os estudantes desenvolveram habilidades \u00edmpares na forma\u00e7\u00e3o intelectual, emocional e inter-relacional. Um momento l\u00fadico, de alegria e aprendizado que s\u00f3 a musicalidade pode oferecer\u201d, ressalta Zulma.<\/p>\n\n\n\n<p>Na Escola Municipal de Educa\u00e7\u00e3o Infantil Dom Pixote 113 alunos de seis meses a cinco anos participaram do projeto. Um presente, segundo a diretora Renata Batista Lima. \u201cEmocionamos com as diversas rea\u00e7\u00f5es das nossas crian\u00e7as durante a apresenta\u00e7\u00e3o do projeto: pularam, dan\u00e7aram, balan\u00e7aram os bra\u00e7os, bateram palmas, engatinharam at\u00e9 o palco, imitaram os instrumentos com gestos corporais\u2026 foi puro encantamento! Foi um dia para conhecer os instrumentos, brincar com os sons, divertir com a m\u00fasica e potencializar dons!\u201d, diz.<\/p>\n\n\n\n<p><strong>Al\u00e9m da escola<\/strong><\/p>\n\n\n\n<p>A rea\u00e7\u00e3o de alguns alunos chamou a aten\u00e7\u00e3o tamb\u00e9m em casa. Maria J\u00falia de Lima Alves, de quatro anos, contou todos os detalhes da apresenta\u00e7\u00e3o aos pais, logo que saiu da escola. \u201cEla contou que tinha ido uma Kombi na escola com muita m\u00fasica e instrumentos. Depois falou que queria aprender a tocar guitarra de todo jeito. No primeiro momento, pensei que era s\u00f3 curiosidade, mas ela est\u00e1 insistindo, est\u00e1 realmente decidida e vou fazer minha parte com muito prazer\u201d, diz o pai Jos\u00e9 Ronaldo Alves Albuquerque J\u00fanior.<\/p>\n\n\n\n<p>A m\u00fasica e a arte sempre estiveram presentes na vida da Maria J\u00falia e do irm\u00e3o, de um ano. A m\u00e3e \u00e9 bailarina e o pai \u00e9 m\u00fasico, toca viol\u00e3o, guitarra, baixo e bateria. Apesar do incentivo constante, eles contam que est\u00e3o surpresos com tudo que aconteceu ap\u00f3s as a\u00e7\u00f5es do projeto na escola.&nbsp; \u201cQuando a Maria J\u00falia era bem pequenina at\u00e9 brincava comigo na hora que eu ia ensaiar, mas sempre cantando, n\u00e3o ligava muito para os instrumentos. Depois que ela teve acesso ao projeto mudou tudo e estamos contentes de ver nossos filhos seguindo esse caminho\u201d, comemora Jos\u00e9 Ronaldo. \u201cO projeto mudou o querer, mexeu com o cora\u00e7\u00e3o da Maria J\u00falia. No Dia das Crian\u00e7as ela pediu e vai ganhar um viol\u00e3o profissional adequado para idade dela\u201d, adianta.<\/p>\n\n\n\n<p>A hist\u00f3ria de Nikolas Borges Valle da Cunha, de 5 anos, n\u00e3o \u00e9 diferente. Depois que o projeto passou pela escola dele, ele pediu aos pais para continuar estudando m\u00fasica. &nbsp;\u201cEst\u00e1 muito empolgado! Agora brinca todo dia com alguns instrumentos que ganhou e que estavam esquecidos aqui. J\u00e1 estamos procurando uma escola de m\u00fasica, ele quer aprender teclado. O projeto \u00e9 maravilhoso, deveria fazer parte da grade curricular das crian\u00e7as\u201d, diz a m\u00e3e Micheline Borges Valle.<\/p>\n\n\n\n<p>Nikolas est\u00e1 t\u00e3o entusiasmado que j\u00e1 pensa no futuro enquanto m\u00fasico. \u201cEu gostei muito, pode ser at\u00e9 que eu toque algum dia nesse projeto\u201d, brinca.<\/p>\n\n\n\n<p>Para o idealizador do projeto, Tiago Martins, a rea\u00e7\u00e3o de Nikolas e de Maria J\u00falia n\u00e3o \u00e9 surpresa. Ele explica que a m\u00fasica pode ser um agente importante na forma\u00e7\u00e3o das crian\u00e7as e que o projeto \u2018A M\u00fasica Semeando Conhecimentos`, nasceu desta percep\u00e7\u00e3o.&nbsp; \u201cCaminhando no universo da m\u00fasica como produtor e educador musical percebi que muitas s\u00f3 precisam de oportunidade, s\u00f3 precisam que a m\u00fasica chegue at\u00e9 elas para que possa haver uma transforma\u00e7\u00e3o\u201d, finaliza Tiago.<\/p>\n\n\n\n<p><strong>Workshop<\/strong><\/p>\n\n\n\n<p>O projeto ser\u00e1 encerrado com um workshop sobre consci\u00eancia r\u00edtmica, aberto \u00e0 comunidade. \u201cOs participantes ir\u00e3o sair do curso com uma audi\u00e7\u00e3o anal\u00edtica bem clara. Os instrutores v\u00e3o trabalhar temas como pulsa\u00e7\u00e3o, ciclos r\u00edtmicos, contagens musicais, improvisa\u00e7\u00e3o, pr\u00e1tica de conjunto, escrita e composi\u00e7\u00e3o, dentre outras habilidades. A percuss\u00e3o corporal \u00e9 um dos pilares do workshop, mostrando essa m\u00fasica de dentro para fora\u201d, explica Tiago.<\/p>\n\n\n\n<p>O workshop ser\u00e1 realizado no dia 21 de agosto a partir de 10h no Parque do Cristo. A entrada \u00e9 gratuita.<\/p>\n","protected":false},"excerpt":{"rendered":"<p>Dez dias. Cinquenta horas de produ\u00e7\u00e3o. Dezesseis horas de workshows. Vinte escolas, mais de dois mil estudantes impactados, quatro m\u00fasicos,<\/p>\n","protected":false},"author":2,"featured_media":2308,"comment_status":"open","ping_status":"open","sticky":false,"template":"","format":"standard","meta":{"footnotes":""},"categories":[9,5],"tags":[],"class_list":["post-2307","post","type-post","status-publish","format-standard","has-post-thumbnail","hentry","category-araxa","category-arte-e-cultura"],"_links":{"self":[{"href":"http:\/\/blogdoarmindomaia.com.br\/index.php?rest_route=\/wp\/v2\/posts\/2307","targetHints":{"allow":["GET"]}}],"collection":[{"href":"http:\/\/blogdoarmindomaia.com.br\/index.php?rest_route=\/wp\/v2\/posts"}],"about":[{"href":"http:\/\/blogdoarmindomaia.com.br\/index.php?rest_route=\/wp\/v2\/types\/post"}],"author":[{"embeddable":true,"href":"http:\/\/blogdoarmindomaia.com.br\/index.php?rest_route=\/wp\/v2\/users\/2"}],"replies":[{"embeddable":true,"href":"http:\/\/blogdoarmindomaia.com.br\/index.php?rest_route=%2Fwp%2Fv2%2Fcomments&post=2307"}],"version-history":[{"count":1,"href":"http:\/\/blogdoarmindomaia.com.br\/index.php?rest_route=\/wp\/v2\/posts\/2307\/revisions"}],"predecessor-version":[{"id":2310,"href":"http:\/\/blogdoarmindomaia.com.br\/index.php?rest_route=\/wp\/v2\/posts\/2307\/revisions\/2310"}],"wp:featuredmedia":[{"embeddable":true,"href":"http:\/\/blogdoarmindomaia.com.br\/index.php?rest_route=\/wp\/v2\/media\/2308"}],"wp:attachment":[{"href":"http:\/\/blogdoarmindomaia.com.br\/index.php?rest_route=%2Fwp%2Fv2%2Fmedia&parent=2307"}],"wp:term":[{"taxonomy":"category","embeddable":true,"href":"http:\/\/blogdoarmindomaia.com.br\/index.php?rest_route=%2Fwp%2Fv2%2Fcategories&post=2307"},{"taxonomy":"post_tag","embeddable":true,"href":"http:\/\/blogdoarmindomaia.com.br\/index.php?rest_route=%2Fwp%2Fv2%2Ftags&post=2307"}],"curies":[{"name":"wp","href":"https:\/\/api.w.org\/{rel}","templated":true}]}}