{"id":2314,"date":"2022-08-18T14:37:43","date_gmt":"2022-08-18T17:37:43","guid":{"rendered":"http:\/\/blogdoarmindomaia.com.br\/?p=2314"},"modified":"2022-08-18T14:37:45","modified_gmt":"2022-08-18T17:37:45","slug":"eleicoes-2022-propaganda-eleitoral-ja-esta-liberada","status":"publish","type":"post","link":"http:\/\/blogdoarmindomaia.com.br\/?p=2314","title":{"rendered":"Elei\u00e7\u00f5es 2022: propaganda eleitoral j\u00e1 est\u00e1 liberada"},"content":{"rendered":"\n<figure class=\"wp-block-image size-full\"><img loading=\"lazy\" decoding=\"async\" width=\"860\" height=\"570\" src=\"http:\/\/blogdoarmindomaia.com.br\/wp-content\/uploads\/2022\/08\/Eleicoes-2022-propaganda-eleitoral-ja-esta-liberada-pag-07.jpg\" alt=\"\" class=\"wp-image-2315\" srcset=\"http:\/\/blogdoarmindomaia.com.br\/wp-content\/uploads\/2022\/08\/Eleicoes-2022-propaganda-eleitoral-ja-esta-liberada-pag-07.jpg 860w, http:\/\/blogdoarmindomaia.com.br\/wp-content\/uploads\/2022\/08\/Eleicoes-2022-propaganda-eleitoral-ja-esta-liberada-pag-07-300x199.jpg 300w, http:\/\/blogdoarmindomaia.com.br\/wp-content\/uploads\/2022\/08\/Eleicoes-2022-propaganda-eleitoral-ja-esta-liberada-pag-07-768x509.jpg 768w\" sizes=\"auto, (max-width: 860px) 100vw, 860px\" \/><\/figure>\n\n\n\n<p>Dede a \u00faltima ter\u00e7a-feira (16) est\u00e1 permitida a propaganda eleitoral de candidatas e candidatos \u00e0s Elei\u00e7\u00f5es 2022, inclusive na internet. Os mais de 156 milh\u00f5es de eleitoras e eleitores aptos a votar escolher\u00e3o presidente da Rep\u00fablica, governadores, senadores, deputados federais e deputados estaduais ou distritais. As elei\u00e7\u00f5es ocorrer\u00e3o no dia 2 de outubro, em primeiro turno, e no dia 30 de outubro, em eventual segundo do turno.<\/p>\n\n\n\n<p>Confira, a seguir, os prazos espec\u00edficos da propaganda eleitoral que candidatas e candidatos, partidos pol\u00edticos, coliga\u00e7\u00f5es e federa\u00e7\u00f5es partid\u00e1rias devem estar atentos e respeitar. Todos os prazos come\u00e7am a vigorar a partir de hoje.<\/p>\n\n\n\n<p><strong>Alto-falantes e aparelhagem de som<\/strong><\/p>\n\n\n\n<p>Segundo a legisla\u00e7\u00e3o eleitoral, os alto-falantes ou amplificadores de som podem funcionar entre 8h e 22h durante a campanha, at\u00e9 a v\u00e9spera da elei\u00e7\u00e3o (1\u00ba de outubro).<\/p>\n\n\n\n<p>At\u00e9 29 de setembro, as candidatas ou candidatos, os partidos, as federa\u00e7\u00f5es e as coliga\u00e7\u00f5es poder\u00e3o realizar com\u00edcios e utilizar aparelhagem de som fixa, entre 8h e 24h. Esse hor\u00e1rio poder\u00e1 ser prorrogado por mais duas horas se o com\u00edcio for de encerramento de campanha.<\/p>\n\n\n\n<p><strong>Material gr\u00e1fico, caminhada e carreata<\/strong><\/p>\n\n\n\n<p>J\u00e1 a distribui\u00e7\u00e3o de material gr\u00e1fico (panfletos, santinhos e outros) e a caminhada, carreata ou passeata, acompanhadas ou n\u00e3o por carro de som ou mini trio, est\u00e3o liberadas at\u00e9 as 22h de 1\u00ba de outubro, pela legisla\u00e7\u00e3o.<\/p>\n\n\n\n<p><strong>An\u00fancios de propaganda eleitoral<\/strong><\/p>\n\n\n\n<p>Ser\u00e3o permitidas at\u00e9 30 de setembro a divulga\u00e7\u00e3o paga, na imprensa escrita, e a reprodu\u00e7\u00e3o na internet do jornal impresso de at\u00e9 dez an\u00fancios de propaganda eleitoral, por ve\u00edculo, em datas diversas, para cada candidata ou candidato, no espa\u00e7o m\u00e1ximo, por edi\u00e7\u00e3o, de um oitavo de p\u00e1gina de jornal padr\u00e3o e de um quarto de p\u00e1gina de revista ou tabloide.<\/p>\n\n\n\n<p><strong>Servi\u00e7os<\/strong><\/p>\n\n\n\n<p>Tamb\u00e9m a partir desta ter\u00e7a-feira, independentemente do crit\u00e9rio de prioridade, os servi\u00e7os telef\u00f4nicos, oficiais ou concedidos, instalar\u00e3o, nas sedes dos diret\u00f3rios dos partidos pol\u00edticos devidamente registrados, os telefones necess\u00e1rios \u00e0s atividades da legenda, mediante o requerimento da Presid\u00eancia do partido e o pagamento das taxas devidas.&nbsp;<\/p>\n\n\n\n<p>(foto Senado Federal)<\/p>\n","protected":false},"excerpt":{"rendered":"<p>Dede a \u00faltima ter\u00e7a-feira (16) est\u00e1 permitida a propaganda eleitoral de candidatas e candidatos \u00e0s Elei\u00e7\u00f5es 2022, inclusive na internet.<\/p>\n","protected":false},"author":2,"featured_media":2315,"comment_status":"open","ping_status":"open","sticky":false,"template":"","format":"standard","meta":{"footnotes":""},"categories":[9,7],"tags":[],"class_list":["post-2314","post","type-post","status-publish","format-standard","has-post-thumbnail","hentry","category-araxa","category-brasil"],"_links":{"self":[{"href":"http:\/\/blogdoarmindomaia.com.br\/index.php?rest_route=\/wp\/v2\/posts\/2314","targetHints":{"allow":["GET"]}}],"collection":[{"href":"http:\/\/blogdoarmindomaia.com.br\/index.php?rest_route=\/wp\/v2\/posts"}],"about":[{"href":"http:\/\/blogdoarmindomaia.com.br\/index.php?rest_route=\/wp\/v2\/types\/post"}],"author":[{"embeddable":true,"href":"http:\/\/blogdoarmindomaia.com.br\/index.php?rest_route=\/wp\/v2\/users\/2"}],"replies":[{"embeddable":true,"href":"http:\/\/blogdoarmindomaia.com.br\/index.php?rest_route=%2Fwp%2Fv2%2Fcomments&post=2314"}],"version-history":[{"count":1,"href":"http:\/\/blogdoarmindomaia.com.br\/index.php?rest_route=\/wp\/v2\/posts\/2314\/revisions"}],"predecessor-version":[{"id":2316,"href":"http:\/\/blogdoarmindomaia.com.br\/index.php?rest_route=\/wp\/v2\/posts\/2314\/revisions\/2316"}],"wp:featuredmedia":[{"embeddable":true,"href":"http:\/\/blogdoarmindomaia.com.br\/index.php?rest_route=\/wp\/v2\/media\/2315"}],"wp:attachment":[{"href":"http:\/\/blogdoarmindomaia.com.br\/index.php?rest_route=%2Fwp%2Fv2%2Fmedia&parent=2314"}],"wp:term":[{"taxonomy":"category","embeddable":true,"href":"http:\/\/blogdoarmindomaia.com.br\/index.php?rest_route=%2Fwp%2Fv2%2Fcategories&post=2314"},{"taxonomy":"post_tag","embeddable":true,"href":"http:\/\/blogdoarmindomaia.com.br\/index.php?rest_route=%2Fwp%2Fv2%2Ftags&post=2314"}],"curies":[{"name":"wp","href":"https:\/\/api.w.org\/{rel}","templated":true}]}}