{"id":2317,"date":"2022-08-18T14:42:00","date_gmt":"2022-08-18T17:42:00","guid":{"rendered":"http:\/\/blogdoarmindomaia.com.br\/?p=2317"},"modified":"2022-08-18T14:42:02","modified_gmt":"2022-08-18T17:42:02","slug":"divulgada-a-data-de-vacinacao-antirrabica-em-araxa","status":"publish","type":"post","link":"http:\/\/blogdoarmindomaia.com.br\/?p=2317","title":{"rendered":"Divulgada a data de vacina\u00e7\u00e3o antirr\u00e1bica em Arax\u00e1"},"content":{"rendered":"\n<figure class=\"wp-block-image size-full\"><img loading=\"lazy\" decoding=\"async\" width=\"1024\" height=\"680\" src=\"http:\/\/blogdoarmindomaia.com.br\/wp-content\/uploads\/2022\/08\/Divulgada-a-data-de-vacinacao-antirrabica-pag-03.jpeg\" alt=\"\" class=\"wp-image-2318\" srcset=\"http:\/\/blogdoarmindomaia.com.br\/wp-content\/uploads\/2022\/08\/Divulgada-a-data-de-vacinacao-antirrabica-pag-03.jpeg 1024w, http:\/\/blogdoarmindomaia.com.br\/wp-content\/uploads\/2022\/08\/Divulgada-a-data-de-vacinacao-antirrabica-pag-03-300x199.jpeg 300w, http:\/\/blogdoarmindomaia.com.br\/wp-content\/uploads\/2022\/08\/Divulgada-a-data-de-vacinacao-antirrabica-pag-03-768x510.jpeg 768w\" sizes=\"auto, (max-width: 1024px) 100vw, 1024px\" \/><\/figure>\n\n\n\n<p>A Vigil\u00e2ncia em Sa\u00fade da Prefeitura de Arax\u00e1 iniciou a Campanha de Vacina\u00e7\u00e3o Antirr\u00e1bica Animal na zona rural entre os dias 16 e 31 de agosto e, em seguida, a a\u00e7\u00e3o acontece no per\u00edmetro urbano, entre os dias 12 e 17 de setembro. A vacina\u00e7\u00e3o abrange c\u00e3es e gatos e \u00e9 realizada anualmente.<br><br>A raiva \u00e9 uma doen\u00e7a que mata, tanto o animal quanto o ser humano, e n\u00e3o tem cura. Portanto, a melhor preven\u00e7\u00e3o \u00e9 a vacina. A doen\u00e7a \u00e9 transmitida principalmente por mordidas, al\u00e9m de lambidas, unhadas e arranh\u00f5es de animais doentes. No Brasil foram registrados cinco \u00f3bitos humanos por raiva em 2022 at\u00e9 o momento, quatro deles em Minas Gerais. Em Arax\u00e1, n\u00e3o h\u00e1 registro de casos positivos.<br><br>Para receber o imunizante, o animal deve ter mais de 3 meses de vida e estar em boas condi\u00e7\u00f5es de sa\u00fade. N\u00e3o h\u00e1 contraindica\u00e7\u00e3o para animais gestantes e lactantes. Os animais que est\u00e3o recebendo a dose no primeiro ano de vida precisam tomar a dose de refor\u00e7o 21 dias ap\u00f3s a primeira aplica\u00e7\u00e3o. A meta para 2022 \u00e9 que 16.319 animais sejam vacinados.<br><br>A coordenadora da Vigil\u00e2ncia em Sa\u00fade, Leninha Severo, destaca a import\u00e2ncia da campanha na cidade. \u201cA Administra\u00e7\u00e3o Municipal vem a cada dia dando mais aten\u00e7\u00e3o \u00e0 causa animal. Pedimos \u00e0 popula\u00e7\u00e3o que se conscientize e leve seu c\u00e3o ou gato para se vacinar, a\u00e7\u00e3o de extrema import\u00e2ncia\u201d, afirma.<br><br>O cronograma do per\u00edmetro urbano com locais e datas ser\u00e1 divulgado em breve nas m\u00eddias digitais da Prefeitura de Arax\u00e1.<\/p>\n","protected":false},"excerpt":{"rendered":"<p>A Vigil\u00e2ncia em Sa\u00fade da Prefeitura de Arax\u00e1 iniciou a Campanha de Vacina\u00e7\u00e3o Antirr\u00e1bica Animal na zona rural entre os<\/p>\n","protected":false},"author":2,"featured_media":2318,"comment_status":"open","ping_status":"open","sticky":false,"template":"","format":"standard","meta":{"footnotes":""},"categories":[9,29],"tags":[],"class_list":["post-2317","post","type-post","status-publish","format-standard","has-post-thumbnail","hentry","category-araxa","category-saude"],"_links":{"self":[{"href":"http:\/\/blogdoarmindomaia.com.br\/index.php?rest_route=\/wp\/v2\/posts\/2317","targetHints":{"allow":["GET"]}}],"collection":[{"href":"http:\/\/blogdoarmindomaia.com.br\/index.php?rest_route=\/wp\/v2\/posts"}],"about":[{"href":"http:\/\/blogdoarmindomaia.com.br\/index.php?rest_route=\/wp\/v2\/types\/post"}],"author":[{"embeddable":true,"href":"http:\/\/blogdoarmindomaia.com.br\/index.php?rest_route=\/wp\/v2\/users\/2"}],"replies":[{"embeddable":true,"href":"http:\/\/blogdoarmindomaia.com.br\/index.php?rest_route=%2Fwp%2Fv2%2Fcomments&post=2317"}],"version-history":[{"count":1,"href":"http:\/\/blogdoarmindomaia.com.br\/index.php?rest_route=\/wp\/v2\/posts\/2317\/revisions"}],"predecessor-version":[{"id":2319,"href":"http:\/\/blogdoarmindomaia.com.br\/index.php?rest_route=\/wp\/v2\/posts\/2317\/revisions\/2319"}],"wp:featuredmedia":[{"embeddable":true,"href":"http:\/\/blogdoarmindomaia.com.br\/index.php?rest_route=\/wp\/v2\/media\/2318"}],"wp:attachment":[{"href":"http:\/\/blogdoarmindomaia.com.br\/index.php?rest_route=%2Fwp%2Fv2%2Fmedia&parent=2317"}],"wp:term":[{"taxonomy":"category","embeddable":true,"href":"http:\/\/blogdoarmindomaia.com.br\/index.php?rest_route=%2Fwp%2Fv2%2Fcategories&post=2317"},{"taxonomy":"post_tag","embeddable":true,"href":"http:\/\/blogdoarmindomaia.com.br\/index.php?rest_route=%2Fwp%2Fv2%2Ftags&post=2317"}],"curies":[{"name":"wp","href":"https:\/\/api.w.org\/{rel}","templated":true}]}}