{"id":2320,"date":"2022-08-18T14:44:37","date_gmt":"2022-08-18T17:44:37","guid":{"rendered":"http:\/\/blogdoarmindomaia.com.br\/?p=2320"},"modified":"2022-08-18T14:44:40","modified_gmt":"2022-08-18T17:44:40","slug":"araxa-recebe-atividades-da-campanha-agosto-lilas-no-proximo-sabado-2","status":"publish","type":"post","link":"http:\/\/blogdoarmindomaia.com.br\/?p=2320","title":{"rendered":"Arax\u00e1 recebe atividades da Campanha Agosto Lil\u00e1s no pr\u00f3ximo s\u00e1bado"},"content":{"rendered":"\n<figure class=\"wp-block-image size-full\"><img loading=\"lazy\" decoding=\"async\" width=\"1024\" height=\"1024\" src=\"http:\/\/blogdoarmindomaia.com.br\/wp-content\/uploads\/2022\/08\/Araxa-recebe-atividades-da-Campanha-Agosto-Lilas-pag-09-1.jpeg\" alt=\"\" class=\"wp-image-2321\" srcset=\"http:\/\/blogdoarmindomaia.com.br\/wp-content\/uploads\/2022\/08\/Araxa-recebe-atividades-da-Campanha-Agosto-Lilas-pag-09-1.jpeg 1024w, http:\/\/blogdoarmindomaia.com.br\/wp-content\/uploads\/2022\/08\/Araxa-recebe-atividades-da-Campanha-Agosto-Lilas-pag-09-1-300x300.jpeg 300w, http:\/\/blogdoarmindomaia.com.br\/wp-content\/uploads\/2022\/08\/Araxa-recebe-atividades-da-Campanha-Agosto-Lilas-pag-09-1-150x150.jpeg 150w, http:\/\/blogdoarmindomaia.com.br\/wp-content\/uploads\/2022\/08\/Araxa-recebe-atividades-da-Campanha-Agosto-Lilas-pag-09-1-768x768.jpeg 768w\" sizes=\"auto, (max-width: 1024px) 100vw, 1024px\" \/><\/figure>\n\n\n\n<p>Arax\u00e1 recebe no pr\u00f3ximo s\u00e1bado (20) atividades alusivas ao Agosto Lil\u00e1s, m\u00eas de conscientiza\u00e7\u00e3o da viol\u00eancia contra a mulher. A iniciativa \u00e9 uma parceria entre a Prefeitura de Arax\u00e1, por meio do Centro de Refer\u00eancia de Atendimento \u00e0 Mulher (CRAM), Pol\u00edcia Civil, Pol\u00edcia Militar e empresas apoiadoras.<br><br>A partir das 8h30, acontece a concentra\u00e7\u00e3o no estacionamento do Est\u00e1dio Fausto Alvim para caminhada at\u00e9 a Pra\u00e7a Governador Valadares.<br><br>J\u00e1 na Pra\u00e7a Governador Valadares, das 9h \u00e0s 12h, o p\u00fablico conta com atividades organizadas pelos parceiros, com a oferta de aulas de zumba, combat dance, crossfit e circense; roda de conversa sobre atividade f\u00edsica e boa alimenta\u00e7\u00e3o; massagem; aferi\u00e7\u00e3o de press\u00e3o arterial, testes de glicemia e s\u00edfilis e avalia\u00e7\u00e3o p\u00f3s-covid; informativo de exames de mama e papanicolau.<br><br>A coordenadora do CRAM, Maria Cec\u00edlia Lemos, fala da import\u00e2ncia do trabalho em rede para estimular o enfrentamento \u00e0 viol\u00eancia contra a mulher. \u201cAtrav\u00e9s do CRAM n\u00f3s facilitamos o acesso aos \u00f3rg\u00e3os de Seguran\u00e7a P\u00fablica, evitando a exposi\u00e7\u00e3o e proporcionando apoio para que ela possa se afastar desse tipo de viol\u00eancia que est\u00e1 sofrendo\u201d, afirma.<br><br><strong>16 anos da Lei Maria da Penha<\/strong><br><br>A Lei n\u00ba 11.340\/06, conhecida como Lei Maria da Penha, completou 16 anos no dia 7 passado, motivo pelo agosto foi escolhido para marcar a conscientiza\u00e7\u00e3o pelo fim da viol\u00eancia contra a mulher, ampliando os conhecimentos sobre os dispositivos legais existentes e formas de aux\u00edlio \u00e0s v\u00edtimas.<br><br>O Agosto Lil\u00e1s \u00e9 uma campanha nacional que n\u00e3o surgiu \u00e0 toa: o Brasil \u00e9 o quinto pa\u00eds onde mais se matam mulheres no mundo, de acordo com a Organiza\u00e7\u00e3o das Na\u00e7\u00f5es Unidas (ONU).<br><\/p>\n","protected":false},"excerpt":{"rendered":"<p>Arax\u00e1 recebe no pr\u00f3ximo s\u00e1bado (20) atividades alusivas ao Agosto Lil\u00e1s, m\u00eas de conscientiza\u00e7\u00e3o da viol\u00eancia contra a mulher. A<\/p>\n","protected":false},"author":2,"featured_media":2321,"comment_status":"open","ping_status":"open","sticky":false,"template":"","format":"standard","meta":{"footnotes":""},"categories":[9,11],"tags":[],"class_list":["post-2320","post","type-post","status-publish","format-standard","has-post-thumbnail","hentry","category-araxa","category-destaques"],"_links":{"self":[{"href":"http:\/\/blogdoarmindomaia.com.br\/index.php?rest_route=\/wp\/v2\/posts\/2320","targetHints":{"allow":["GET"]}}],"collection":[{"href":"http:\/\/blogdoarmindomaia.com.br\/index.php?rest_route=\/wp\/v2\/posts"}],"about":[{"href":"http:\/\/blogdoarmindomaia.com.br\/index.php?rest_route=\/wp\/v2\/types\/post"}],"author":[{"embeddable":true,"href":"http:\/\/blogdoarmindomaia.com.br\/index.php?rest_route=\/wp\/v2\/users\/2"}],"replies":[{"embeddable":true,"href":"http:\/\/blogdoarmindomaia.com.br\/index.php?rest_route=%2Fwp%2Fv2%2Fcomments&post=2320"}],"version-history":[{"count":1,"href":"http:\/\/blogdoarmindomaia.com.br\/index.php?rest_route=\/wp\/v2\/posts\/2320\/revisions"}],"predecessor-version":[{"id":2322,"href":"http:\/\/blogdoarmindomaia.com.br\/index.php?rest_route=\/wp\/v2\/posts\/2320\/revisions\/2322"}],"wp:featuredmedia":[{"embeddable":true,"href":"http:\/\/blogdoarmindomaia.com.br\/index.php?rest_route=\/wp\/v2\/media\/2321"}],"wp:attachment":[{"href":"http:\/\/blogdoarmindomaia.com.br\/index.php?rest_route=%2Fwp%2Fv2%2Fmedia&parent=2320"}],"wp:term":[{"taxonomy":"category","embeddable":true,"href":"http:\/\/blogdoarmindomaia.com.br\/index.php?rest_route=%2Fwp%2Fv2%2Fcategories&post=2320"},{"taxonomy":"post_tag","embeddable":true,"href":"http:\/\/blogdoarmindomaia.com.br\/index.php?rest_route=%2Fwp%2Fv2%2Ftags&post=2320"}],"curies":[{"name":"wp","href":"https:\/\/api.w.org\/{rel}","templated":true}]}}