{"id":233,"date":"2022-04-12T20:43:54","date_gmt":"2022-04-12T23:43:54","guid":{"rendered":"http:\/\/blogdoarmindomaia.com.br\/?p=233"},"modified":"2022-04-12T20:43:56","modified_gmt":"2022-04-12T23:43:56","slug":"novo-procurador-geral-da-prefeitura-de-araxa-defende-a-legalidade-juridica-em-todas-as-decisoes","status":"publish","type":"post","link":"http:\/\/blogdoarmindomaia.com.br\/?p=233","title":{"rendered":"Novo Procurador Geral da Prefeitura de Arax\u00e1, defende a legalidade jur\u00eddica em todas as decis\u00f5es"},"content":{"rendered":"\n<figure class=\"wp-block-image size-large is-style-default\"><img loading=\"lazy\" decoding=\"async\" width=\"1024\" height=\"499\" src=\"http:\/\/blogdoarmindomaia.com.br\/wp-content\/uploads\/2022\/04\/Novo-Procurador-Geral-da-Prefeitura-de-Araxa-pag-04-1024x499.png\" alt=\"\" class=\"wp-image-234\" srcset=\"http:\/\/blogdoarmindomaia.com.br\/wp-content\/uploads\/2022\/04\/Novo-Procurador-Geral-da-Prefeitura-de-Araxa-pag-04-1024x499.png 1024w, http:\/\/blogdoarmindomaia.com.br\/wp-content\/uploads\/2022\/04\/Novo-Procurador-Geral-da-Prefeitura-de-Araxa-pag-04-300x146.png 300w, http:\/\/blogdoarmindomaia.com.br\/wp-content\/uploads\/2022\/04\/Novo-Procurador-Geral-da-Prefeitura-de-Araxa-pag-04-768x374.png 768w, http:\/\/blogdoarmindomaia.com.br\/wp-content\/uploads\/2022\/04\/Novo-Procurador-Geral-da-Prefeitura-de-Araxa-pag-04.png 1198w\" sizes=\"auto, (max-width: 1024px) 100vw, 1024px\" \/><\/figure>\n\n\n\n<p>Esta semana o Jornal Intera\u00e7\u00e3o conversou com exclusividade com o novo Procurador Geral da Prefeitura de Arax\u00e1, Dr.&nbsp;<em><strong>Jonathan<\/strong><\/em>&nbsp;Renaud de Oliveira&nbsp;<em><strong>Ferreira, &nbsp;que assumiu a pasta no lugar de Rick Paranhos que foi para a chefia de gabinete do prefeito Robson Magela.<\/strong><\/em><\/p>\n\n\n\n<p><em><strong>Segundo Jonathan, \u201ca gente j\u00e1 vinha acompanhando no gabinete<\/strong><\/em>&nbsp;as quest\u00f5es jur\u00eddicas dos aspectos da administra\u00e7\u00e3o p\u00fablica,&nbsp; como Superintendente . A nossa miss\u00e3o \u00e9 sempre buscar a legalidade jur\u00eddica para dar ao prefeito e para a prefeitura um respaldo das decis\u00f5es tomadas e das diretrizes&nbsp; que a administra\u00e7\u00e3o deve seguir. A gente acredita que com essa minirreforma em algumas pastas, o prefeito buscou dar uma sacudida na administra\u00e7\u00e3o para movimentar alguns setores e trazer novidades e pessoas novas. O Dr. Rick administrou a Procuradoria em um ano e tr\u00eas meses de forma muito competente e com tranquilidade e n\u00f3s queremos manter esse cen\u00e1rio&nbsp; com a busca sempre pela legalidade e pela transpar\u00eancia da administra\u00e7\u00e3o e o cumprimento das normas legais\u201d.&nbsp;&nbsp;<\/p>\n","protected":false},"excerpt":{"rendered":"<p>Esta semana o Jornal Intera\u00e7\u00e3o conversou com exclusividade com o novo Procurador Geral da Prefeitura de Arax\u00e1, Dr.&nbsp;Jonathan&nbsp;Renaud de Oliveira&nbsp;Ferreira,<\/p>\n","protected":false},"author":2,"featured_media":234,"comment_status":"open","ping_status":"open","sticky":false,"template":"","format":"standard","meta":{"footnotes":""},"categories":[9,11],"tags":[],"class_list":["post-233","post","type-post","status-publish","format-standard","has-post-thumbnail","hentry","category-araxa","category-destaques"],"_links":{"self":[{"href":"http:\/\/blogdoarmindomaia.com.br\/index.php?rest_route=\/wp\/v2\/posts\/233","targetHints":{"allow":["GET"]}}],"collection":[{"href":"http:\/\/blogdoarmindomaia.com.br\/index.php?rest_route=\/wp\/v2\/posts"}],"about":[{"href":"http:\/\/blogdoarmindomaia.com.br\/index.php?rest_route=\/wp\/v2\/types\/post"}],"author":[{"embeddable":true,"href":"http:\/\/blogdoarmindomaia.com.br\/index.php?rest_route=\/wp\/v2\/users\/2"}],"replies":[{"embeddable":true,"href":"http:\/\/blogdoarmindomaia.com.br\/index.php?rest_route=%2Fwp%2Fv2%2Fcomments&post=233"}],"version-history":[{"count":1,"href":"http:\/\/blogdoarmindomaia.com.br\/index.php?rest_route=\/wp\/v2\/posts\/233\/revisions"}],"predecessor-version":[{"id":235,"href":"http:\/\/blogdoarmindomaia.com.br\/index.php?rest_route=\/wp\/v2\/posts\/233\/revisions\/235"}],"wp:featuredmedia":[{"embeddable":true,"href":"http:\/\/blogdoarmindomaia.com.br\/index.php?rest_route=\/wp\/v2\/media\/234"}],"wp:attachment":[{"href":"http:\/\/blogdoarmindomaia.com.br\/index.php?rest_route=%2Fwp%2Fv2%2Fmedia&parent=233"}],"wp:term":[{"taxonomy":"category","embeddable":true,"href":"http:\/\/blogdoarmindomaia.com.br\/index.php?rest_route=%2Fwp%2Fv2%2Fcategories&post=233"},{"taxonomy":"post_tag","embeddable":true,"href":"http:\/\/blogdoarmindomaia.com.br\/index.php?rest_route=%2Fwp%2Fv2%2Ftags&post=233"}],"curies":[{"name":"wp","href":"https:\/\/api.w.org\/{rel}","templated":true}]}}