{"id":2336,"date":"2022-08-19T11:11:44","date_gmt":"2022-08-19T14:11:44","guid":{"rendered":"http:\/\/blogdoarmindomaia.com.br\/?p=2336"},"modified":"2022-08-19T11:11:47","modified_gmt":"2022-08-19T14:11:47","slug":"parque-do-cristo-recebe-workshop-de-consciencia-ritmica-neste-domingo-21","status":"publish","type":"post","link":"http:\/\/blogdoarmindomaia.com.br\/?p=2336","title":{"rendered":"Parque do Cristo recebe workshop de Consci\u00eancia R\u00edtmica neste domingo (21)"},"content":{"rendered":"\n<figure class=\"wp-block-image size-large\"><img loading=\"lazy\" decoding=\"async\" width=\"1024\" height=\"682\" src=\"http:\/\/blogdoarmindomaia.com.br\/wp-content\/uploads\/2022\/08\/quarteto_2-1024x682.jpg\" alt=\"\" class=\"wp-image-2337\" srcset=\"http:\/\/blogdoarmindomaia.com.br\/wp-content\/uploads\/2022\/08\/quarteto_2-1024x682.jpg 1024w, http:\/\/blogdoarmindomaia.com.br\/wp-content\/uploads\/2022\/08\/quarteto_2-300x200.jpg 300w, http:\/\/blogdoarmindomaia.com.br\/wp-content\/uploads\/2022\/08\/quarteto_2-768x512.jpg 768w, http:\/\/blogdoarmindomaia.com.br\/wp-content\/uploads\/2022\/08\/quarteto_2.jpg 1280w\" sizes=\"auto, (max-width: 1024px) 100vw, 1024px\" \/><\/figure>\n\n\n\n<figure class=\"wp-block-image size-large\"><img loading=\"lazy\" decoding=\"async\" width=\"1024\" height=\"682\" src=\"http:\/\/blogdoarmindomaia.com.br\/wp-content\/uploads\/2022\/08\/erasmo_valeriano-1024x682.jpg\" alt=\"\" class=\"wp-image-2338\" srcset=\"http:\/\/blogdoarmindomaia.com.br\/wp-content\/uploads\/2022\/08\/erasmo_valeriano-1024x682.jpg 1024w, http:\/\/blogdoarmindomaia.com.br\/wp-content\/uploads\/2022\/08\/erasmo_valeriano-300x200.jpg 300w, http:\/\/blogdoarmindomaia.com.br\/wp-content\/uploads\/2022\/08\/erasmo_valeriano-768x512.jpg 768w, http:\/\/blogdoarmindomaia.com.br\/wp-content\/uploads\/2022\/08\/erasmo_valeriano.jpg 1280w\" sizes=\"auto, (max-width: 1024px) 100vw, 1024px\" \/><\/figure>\n\n\n\n<figure class=\"wp-block-image size-large\"><img loading=\"lazy\" decoding=\"async\" width=\"1024\" height=\"682\" src=\"http:\/\/blogdoarmindomaia.com.br\/wp-content\/uploads\/2022\/08\/jack_will-1024x682.jpg\" alt=\"\" class=\"wp-image-2339\" srcset=\"http:\/\/blogdoarmindomaia.com.br\/wp-content\/uploads\/2022\/08\/jack_will-1024x682.jpg 1024w, http:\/\/blogdoarmindomaia.com.br\/wp-content\/uploads\/2022\/08\/jack_will-300x200.jpg 300w, http:\/\/blogdoarmindomaia.com.br\/wp-content\/uploads\/2022\/08\/jack_will-768x512.jpg 768w, http:\/\/blogdoarmindomaia.com.br\/wp-content\/uploads\/2022\/08\/jack_will.jpg 1280w\" sizes=\"auto, (max-width: 1024px) 100vw, 1024px\" \/><\/figure>\n\n\n\n<figure class=\"wp-block-image size-large\"><img loading=\"lazy\" decoding=\"async\" width=\"1024\" height=\"682\" src=\"http:\/\/blogdoarmindomaia.com.br\/wp-content\/uploads\/2022\/08\/le_santana-1024x682.jpg\" alt=\"\" class=\"wp-image-2340\" srcset=\"http:\/\/blogdoarmindomaia.com.br\/wp-content\/uploads\/2022\/08\/le_santana-1024x682.jpg 1024w, http:\/\/blogdoarmindomaia.com.br\/wp-content\/uploads\/2022\/08\/le_santana-300x200.jpg 300w, http:\/\/blogdoarmindomaia.com.br\/wp-content\/uploads\/2022\/08\/le_santana-768x512.jpg 768w, http:\/\/blogdoarmindomaia.com.br\/wp-content\/uploads\/2022\/08\/le_santana.jpg 1280w\" sizes=\"auto, (max-width: 1024px) 100vw, 1024px\" \/><\/figure>\n\n\n\n<figure class=\"wp-block-image size-large\"><img loading=\"lazy\" decoding=\"async\" width=\"1024\" height=\"682\" src=\"http:\/\/blogdoarmindomaia.com.br\/wp-content\/uploads\/2022\/08\/quarteto_1-1024x682.jpg\" alt=\"\" class=\"wp-image-2341\" srcset=\"http:\/\/blogdoarmindomaia.com.br\/wp-content\/uploads\/2022\/08\/quarteto_1-1024x682.jpg 1024w, http:\/\/blogdoarmindomaia.com.br\/wp-content\/uploads\/2022\/08\/quarteto_1-300x200.jpg 300w, http:\/\/blogdoarmindomaia.com.br\/wp-content\/uploads\/2022\/08\/quarteto_1-768x512.jpg 768w, http:\/\/blogdoarmindomaia.com.br\/wp-content\/uploads\/2022\/08\/quarteto_1.jpg 1280w\" sizes=\"auto, (max-width: 1024px) 100vw, 1024px\" \/><\/figure>\n\n\n\n<figure class=\"wp-block-image size-large\"><img loading=\"lazy\" decoding=\"async\" width=\"1024\" height=\"682\" src=\"http:\/\/blogdoarmindomaia.com.br\/wp-content\/uploads\/2022\/08\/tiago_martins-1024x682.jpg\" alt=\"\" class=\"wp-image-2342\" srcset=\"http:\/\/blogdoarmindomaia.com.br\/wp-content\/uploads\/2022\/08\/tiago_martins-1024x682.jpg 1024w, http:\/\/blogdoarmindomaia.com.br\/wp-content\/uploads\/2022\/08\/tiago_martins-300x200.jpg 300w, http:\/\/blogdoarmindomaia.com.br\/wp-content\/uploads\/2022\/08\/tiago_martins-768x512.jpg 768w, http:\/\/blogdoarmindomaia.com.br\/wp-content\/uploads\/2022\/08\/tiago_martins.jpg 1280w\" sizes=\"auto, (max-width: 1024px) 100vw, 1024px\" \/><\/figure>\n\n\n\n<p><em>Atividade encerra o projeto \u201cA M\u00fasica Semeando Conhecimentos\u201d<\/em><\/p>\n\n\n\n<p>A popula\u00e7\u00e3o de Arax\u00e1 poder\u00e1 participar neste domingo (21) de um<em> workshop <\/em>gratuito sobre consci\u00eancia r\u00edtmica. A atividade, que faz parte do projeto \u201cA M\u00fasica Semeando Conhecimentos\u201d, ser\u00e1 realizada em um dos principais cart\u00f5es postais da cidade: o Parque do Cristo.<\/p>\n\n\n\n<p>Entre as belezas naturais do local, os integrantes do grupo Tiago Martins Quarteto v\u00e3o ensinar aos participantes no\u00e7\u00f5es sobre percuss\u00e3o corporal, mostrando a m\u00fasica de dentro para fora. \u201cTodo ritmo tem uma clave e a ideia do workshop \u00e9 externar essas claves internas que as pessoas t\u00eam e muitas vezes nem sabem. Vamos trabalhar ainda temas como pulsa\u00e7\u00e3o, ciclos r\u00edtmicos, contagens musicais, dentre outras habilidades\u201d, explica o m\u00fasico Tiago Martins.<\/p>\n\n\n\n<p>O idealizador do workshop \u00e9 o m\u00fasico uberlandense Jack Will. Com fortes ra\u00edzes afro-mineiras, o baterista e percussionista graduado em M\u00fasica pela Universidade Federal de Uberl\u00e2ndia (UFU) atua profissionalmente h\u00e1 18 anos em shows, grava\u00e7\u00f5es e aulas. Segundo Jack, qualquer pessoa, independentemente da idade, pode participar do momento. \u201cDe forma muito intuitiva todos os envolvidos v\u00e3o descobrir que conseguem cantar e tocar atrav\u00e9s das palmas. Levar essa consci\u00eancia r\u00edtmica atrav\u00e9s das Claves Intuitivas Afro-Brasileiras \u00e9 sensacional. Ser\u00e1 um momento de descobertas, de tocar almas, trazer mem\u00f3rias, bater os p\u00e9s, soltar o corpo, sentir o que cada clave traz\u201d, explica Jack, ressaltando que os interessados n\u00e3o precisam fazer inscri\u00e7\u00f5es pr\u00e9vias para participar do momento. \u201c\u00c9 s\u00f3 chegar e aprender, se divertir conosco\u201d, ressalta.<\/p>\n\n\n\n<p>O workshop, que come\u00e7a \u00e0s 10h, encerra o projeto <em>\u201cA M\u00fasica Semeando Conhecimentos\u201d. <\/em>Realizada pelo grupo araxaense Tiago Martins Quarteto, por meio da Lei Federal de Incentivo \u00e0 Cultura com o patroc\u00ednio da CBMM e apoio da Prefeitura de Arax\u00e1, por meio da Secretaria Municipal de Educa\u00e7\u00e3o, a a\u00e7\u00e3o tamb\u00e9m movimentou as institui\u00e7\u00f5es educacionais nas \u00faltimas semanas e levou cultura e aprendizado para os quatro cantos da cidade. \u201cPercorremos mais de 20 institui\u00e7\u00f5es educacionais levando m\u00fasica instrumental e novos conhecimentos para alunos da rede p\u00fablica de Arax\u00e1. Foram momentos de muito aprendizado para todos e estamos muito felizes com os resultados que j\u00e1 come\u00e7aram a aparecer e se multiplicam cada vez que uma crian\u00e7a come\u00e7a a se interessar pela m\u00fasica\u201d, diz Tiago.<\/p>\n\n\n\n<p><strong>Tiago Martins Quarteto<\/strong><\/p>\n\n\n\n<p>O grupo Tiago Martins Quarteto \u00e9 uma refer\u00eancia quando o assunto \u00e9 a m\u00fasica brasileira e o Jazz Fusion. Composto por Tiago Martins, Jack Will, Erasmo Valeriano e Leo Santana; reflete a for\u00e7a dos talentos individuais formando um conjunto que externa grande conhecimento t\u00e9cnico e dons incr\u00edveis j\u00e1 aplaudidos pelos quatro cantos do pa\u00eds.<\/p>\n\n\n\n<p><strong><em>Forma\u00e7\u00e3o:<\/em><\/strong><\/p>\n\n\n\n<p><strong><em>Tiago Martins&nbsp;<\/em><\/strong><\/p>\n\n\n\n<p>Guitarrista, violonista, professor e produtor, Tiago Martins \u00e9 m\u00fasico profissional desde os 17 anos e especializou-se no IG&amp;T em Campinas (SP). \u00c9 diretor da Nota Certa Escola de M\u00fasica em Arax\u00e1 e professor de guitarra desde 2008. J\u00e1 se apresentou em grandes eventos como o Pixinga Bass Festival e tocou ao lado de nomes como Toninho Horta, Danilo Caymmi, Ney Concei\u00e7\u00e3o, Robertinho Silva, Eduardo Machado, Edu Ardanuy, Aquiles Faneco, Andr\u00e9 Nieri, Carlos Balla, Artur Maia, Dino Rangel Big Band, Ludy Rocha, Germano Soraggi, Em\u00edlio e Eduardo e Thaeme e Thiago. Em 2021 Tiago Martins foi o vencedor do concurso de Jazz e Blues de Tiradentes (MG), sendo uma das atra\u00e7\u00f5es do evento neste ano. S\u00e3o 23 anos ininterruptos de amor \u00e0 m\u00fasica.<\/p>\n\n\n\n<p><strong><em>Jack Will<\/em><\/strong><\/p>\n\n\n\n<p>Jack Will \u00e9 um m\u00fasico uberlandense com fortes ra\u00edzes afro-mineiras. Baterista e percussionista com gradua\u00e7\u00e3o em M\u00fasica pela UFU, atua profissionalmente h\u00e1 18 anos em shows, grava\u00e7\u00f5es e aulas. J\u00e1 tocou com v\u00e1rios m\u00fasicos em diversos estados do Brasil e tamb\u00e9m em alguns pa\u00edses da Europa. Em 2022 vai lan\u00e7ar o seu primeiro \u00e1lbum autoral celebrando a arte da m\u00fasica instrumental.<\/p>\n\n\n\n<p><strong><em>Erasmo Valeriano<\/em><\/strong><\/p>\n\n\n\n<p>Erasmo Valeriano \u00e9 baixista e violonista. Atua profissionalmente h\u00e1 17 anos em shows, grava\u00e7\u00f5es e aulas. Fez parte do corpo docente do curso t\u00e9cnico da Escola Municipal de M\u00fasica Maestro Elias Porf\u00edrio de Azevedo, onde lecionou Harmonia, Percep\u00e7\u00e3o e Viol\u00e3o em Conjunto. Tocou com diversos artistas da cidade de Arax\u00e1 e regi\u00e3o, em v\u00e1rias cidades e estados brasileiros. Atualmente integra o Bejazz, grupo que existe h\u00e1 mais de quarenta anos na cidade.<\/p>\n\n\n\n<p><strong><em>Le Santana<\/em><\/strong><\/p>\n\n\n\n<p>Le Santana \u00e9 multi-instrumentista, compositor, arranjador e professor de m\u00fasica. Atua majoritariamente como pianista e arranjador em shows e grava\u00e7\u00f5es de m\u00fasica instrumental e MPB. Sua abordagem compreende conex\u00f5es entre a musicalidade dos regionalismos brasileiros e o seu piano jazz\u00edstico. Lan\u00e7ou em 2021 o seu primeiro \u00e1lbum (Pyt\u00e3) com 11 can\u00e7\u00f5es autorais.&nbsp; Atua em diversos segmentos de educa\u00e7\u00e3o musical como musicaliza\u00e7\u00e3o, t\u00e9cnica em piano popular do b\u00e1sico ao avan\u00e7ado, harmonia, arranjo e improvisa\u00e7\u00e3o. Atuou tamb\u00e9m em produ\u00e7\u00f5es, bandas de variados g\u00eaneros, acompanhou dezenas de artistas em shows e grava\u00e7\u00f5es e h\u00e1 cinco anos idealizou o Canal Jo\u00e3o Bemol, no Youtube, que conta com mais de 200 v\u00eddeos, 27 mil seguidores e aproximadamente 1 milh\u00e3o e meio de visualiza\u00e7\u00f5es.<\/p>\n\n\n\n<p><strong><u>Servi\u00e7o:<\/u><\/strong><\/p>\n\n\n\n<p><strong><em>Projeto <\/em><\/strong><strong>\u201cA M\u00fasica Semeando Conhecimentos\u201d<\/strong><\/p>\n\n\n\n<p><em>Workshop de Consci\u00eancia R\u00edtmica<\/em><\/p>\n\n\n\n<p><strong>Data: <\/strong>21\/08 (domingo)<\/p>\n\n\n\n<p><strong>Hor\u00e1rio:<\/strong> 10h<\/p>\n\n\n\n<p><strong>Local:<\/strong> Parque do Cristo<\/p>\n\n\n\n<p><strong>Informa\u00e7\u00f5es: <\/strong>@musicasemeando<\/p>\n\n\n\n<p><em>Toda a atividade \u00e9 gratuita e aberta ao p\u00fablico<\/em><\/p>\n","protected":false},"excerpt":{"rendered":"<p>Atividade encerra o projeto \u201cA M\u00fasica Semeando Conhecimentos\u201d A popula\u00e7\u00e3o de Arax\u00e1 poder\u00e1 participar neste domingo (21) de um workshop<\/p>\n","protected":false},"author":2,"featured_media":2337,"comment_status":"open","ping_status":"open","sticky":false,"template":"","format":"standard","meta":{"footnotes":""},"categories":[9,5,11],"tags":[],"class_list":["post-2336","post","type-post","status-publish","format-standard","has-post-thumbnail","hentry","category-araxa","category-arte-e-cultura","category-destaques"],"_links":{"self":[{"href":"http:\/\/blogdoarmindomaia.com.br\/index.php?rest_route=\/wp\/v2\/posts\/2336","targetHints":{"allow":["GET"]}}],"collection":[{"href":"http:\/\/blogdoarmindomaia.com.br\/index.php?rest_route=\/wp\/v2\/posts"}],"about":[{"href":"http:\/\/blogdoarmindomaia.com.br\/index.php?rest_route=\/wp\/v2\/types\/post"}],"author":[{"embeddable":true,"href":"http:\/\/blogdoarmindomaia.com.br\/index.php?rest_route=\/wp\/v2\/users\/2"}],"replies":[{"embeddable":true,"href":"http:\/\/blogdoarmindomaia.com.br\/index.php?rest_route=%2Fwp%2Fv2%2Fcomments&post=2336"}],"version-history":[{"count":1,"href":"http:\/\/blogdoarmindomaia.com.br\/index.php?rest_route=\/wp\/v2\/posts\/2336\/revisions"}],"predecessor-version":[{"id":2343,"href":"http:\/\/blogdoarmindomaia.com.br\/index.php?rest_route=\/wp\/v2\/posts\/2336\/revisions\/2343"}],"wp:featuredmedia":[{"embeddable":true,"href":"http:\/\/blogdoarmindomaia.com.br\/index.php?rest_route=\/wp\/v2\/media\/2337"}],"wp:attachment":[{"href":"http:\/\/blogdoarmindomaia.com.br\/index.php?rest_route=%2Fwp%2Fv2%2Fmedia&parent=2336"}],"wp:term":[{"taxonomy":"category","embeddable":true,"href":"http:\/\/blogdoarmindomaia.com.br\/index.php?rest_route=%2Fwp%2Fv2%2Fcategories&post=2336"},{"taxonomy":"post_tag","embeddable":true,"href":"http:\/\/blogdoarmindomaia.com.br\/index.php?rest_route=%2Fwp%2Fv2%2Ftags&post=2336"}],"curies":[{"name":"wp","href":"https:\/\/api.w.org\/{rel}","templated":true}]}}