{"id":2361,"date":"2022-08-22T15:09:49","date_gmt":"2022-08-22T18:09:49","guid":{"rendered":"http:\/\/blogdoarmindomaia.com.br\/?p=2361"},"modified":"2022-08-22T15:09:51","modified_gmt":"2022-08-22T18:09:51","slug":"associacao-vidanca-firma-convenio-com-a-prefeitura","status":"publish","type":"post","link":"http:\/\/blogdoarmindomaia.com.br\/?p=2361","title":{"rendered":"Associa\u00e7\u00e3o Vidan\u00e7a firma conv\u00eanio com a Prefeitura"},"content":{"rendered":"\n<figure class=\"wp-block-image size-full\"><img loading=\"lazy\" decoding=\"async\" width=\"1024\" height=\"768\" src=\"http:\/\/blogdoarmindomaia.com.br\/wp-content\/uploads\/2022\/08\/Convenio-com-Associacao-Vidanca-4.jpeg\" alt=\"\" class=\"wp-image-2362\" srcset=\"http:\/\/blogdoarmindomaia.com.br\/wp-content\/uploads\/2022\/08\/Convenio-com-Associacao-Vidanca-4.jpeg 1024w, http:\/\/blogdoarmindomaia.com.br\/wp-content\/uploads\/2022\/08\/Convenio-com-Associacao-Vidanca-4-300x225.jpeg 300w, http:\/\/blogdoarmindomaia.com.br\/wp-content\/uploads\/2022\/08\/Convenio-com-Associacao-Vidanca-4-768x576.jpeg 768w\" sizes=\"auto, (max-width: 1024px) 100vw, 1024px\" \/><\/figure>\n\n\n\n<p>A Prefeitura de Arax\u00e1 firmou conv\u00eanio no valor de R$ 50.000 com a Associa\u00e7\u00e3o Vidan\u00e7a. O termo foi assinado pelo prefeito Robson Magela, nesta quinta-feira (11), e ser\u00e1 pago em parcela \u00fanica por meio de recursos pr\u00f3prios. A assinatura contou com a presen\u00e7a do presidente da entidade, Arlindo Afonso Castro, da coordenadora Polyana Ferreira Cardoso Ribeiro e do vereador Jo\u00e3o Veras, autor da indica\u00e7\u00e3o do conv\u00eanio.<br><br>A associa\u00e7\u00e3o \u00e9 uma entidade sem fins lucrativos que oferece aulas de dan\u00e7a e teatro para alunos carentes em per\u00edodo integral. O projeto atende crian\u00e7as e adolescentes com idades entre 9 e 17 anos. As atividades acontecem h\u00e1 10 anos e acolhem tamb\u00e9m alunos com defici\u00eancia visual.<br><br>Polyana explica que a associa\u00e7\u00e3o h\u00e1 muito tempo esperava por esse recurso. \u201cEstamos muito felizes, pois est\u00e1vamos aguardando o recurso para come\u00e7ar as atividades culturais. Elas s\u00e3o muito importantes, pois muitas crian\u00e7as e adolescentes n\u00e3o realizam as aulas por n\u00e3o terem condi\u00e7\u00f5es de irem at\u00e9 o nosso local. J\u00e1 o nosso projeto leva as atividades at\u00e9 eles no per\u00edodo de tempo integral. Tenho certeza que vai ser muito linda essa oportunidade que eles v\u00e3o ter, e a prefeitura est\u00e1 fazendo toda a diferen\u00e7a\u201d, acrescenta.<br><br>O vereador Jo\u00e3o Veras destaca que a atual gest\u00e3o est\u00e1 trabalhando para apoiar institui\u00e7\u00f5es que desenvolvem boas a\u00e7\u00f5es para a comunidade. \u201cA Administra\u00e7\u00e3o Municipal est\u00e1 fazendo a diferen\u00e7a para a popula\u00e7\u00e3o. Nunca antes aconteceu isso na hist\u00f3ria pol\u00edtica de Arax\u00e1. A Associa\u00e7\u00e3o Vidan\u00e7a desenvolve um trabalho maravilhoso com crian\u00e7as e adolescentes, e eu agrade\u00e7o demais \u00e0 prefeitura em poder propiciar isso para as pessoas que realmente precisam\u201d, refor\u00e7a.<br><br>O prefeito Robson Magela reitera que a gest\u00e3o sempre vai contribuir com o trabalho de entidades assistenciais que prestam um servi\u00e7o s\u00e9rio e importante para a comunidade.&nbsp;<br><br>Estamos muito felizes em poder assinar esse termo de fomento e ajudar com o trabalho t\u00e3o bonito que \u00e9 desenvolvido por essa institui\u00e7\u00e3o. O Terceiro Setor \u00e9 um bra\u00e7o da Administra\u00e7\u00e3o Municipal, os projetos e atividades desenvolvidas por ele contribui para a melhor qualidade de vida das pessoas da cidade. Ent\u00e3o, nada mais justo do que n\u00f3s, enquanto Poder P\u00fablico, contribuirmos com as entidades que desempenham esse papel fundamental\u201d, conclui o prefeito.&nbsp;<br><\/p>\n","protected":false},"excerpt":{"rendered":"<p>A Prefeitura de Arax\u00e1 firmou conv\u00eanio no valor de R$ 50.000 com a Associa\u00e7\u00e3o Vidan\u00e7a. O termo foi assinado pelo<\/p>\n","protected":false},"author":2,"featured_media":2362,"comment_status":"open","ping_status":"open","sticky":false,"template":"","format":"standard","meta":{"footnotes":""},"categories":[9,5],"tags":[],"class_list":["post-2361","post","type-post","status-publish","format-standard","has-post-thumbnail","hentry","category-araxa","category-arte-e-cultura"],"_links":{"self":[{"href":"http:\/\/blogdoarmindomaia.com.br\/index.php?rest_route=\/wp\/v2\/posts\/2361","targetHints":{"allow":["GET"]}}],"collection":[{"href":"http:\/\/blogdoarmindomaia.com.br\/index.php?rest_route=\/wp\/v2\/posts"}],"about":[{"href":"http:\/\/blogdoarmindomaia.com.br\/index.php?rest_route=\/wp\/v2\/types\/post"}],"author":[{"embeddable":true,"href":"http:\/\/blogdoarmindomaia.com.br\/index.php?rest_route=\/wp\/v2\/users\/2"}],"replies":[{"embeddable":true,"href":"http:\/\/blogdoarmindomaia.com.br\/index.php?rest_route=%2Fwp%2Fv2%2Fcomments&post=2361"}],"version-history":[{"count":1,"href":"http:\/\/blogdoarmindomaia.com.br\/index.php?rest_route=\/wp\/v2\/posts\/2361\/revisions"}],"predecessor-version":[{"id":2363,"href":"http:\/\/blogdoarmindomaia.com.br\/index.php?rest_route=\/wp\/v2\/posts\/2361\/revisions\/2363"}],"wp:featuredmedia":[{"embeddable":true,"href":"http:\/\/blogdoarmindomaia.com.br\/index.php?rest_route=\/wp\/v2\/media\/2362"}],"wp:attachment":[{"href":"http:\/\/blogdoarmindomaia.com.br\/index.php?rest_route=%2Fwp%2Fv2%2Fmedia&parent=2361"}],"wp:term":[{"taxonomy":"category","embeddable":true,"href":"http:\/\/blogdoarmindomaia.com.br\/index.php?rest_route=%2Fwp%2Fv2%2Fcategories&post=2361"},{"taxonomy":"post_tag","embeddable":true,"href":"http:\/\/blogdoarmindomaia.com.br\/index.php?rest_route=%2Fwp%2Fv2%2Ftags&post=2361"}],"curies":[{"name":"wp","href":"https:\/\/api.w.org\/{rel}","templated":true}]}}