{"id":2376,"date":"2022-08-22T16:13:10","date_gmt":"2022-08-22T19:13:10","guid":{"rendered":"http:\/\/blogdoarmindomaia.com.br\/?p=2376"},"modified":"2022-08-22T16:13:12","modified_gmt":"2022-08-22T19:13:12","slug":"prefeitura-negocia-retomada-de-voos-comerciais-para-araxa","status":"publish","type":"post","link":"http:\/\/blogdoarmindomaia.com.br\/?p=2376","title":{"rendered":"Prefeitura negocia retomada de voos comerciais para Arax\u00e1"},"content":{"rendered":"\n<figure class=\"wp-block-image size-full\"><img loading=\"lazy\" decoding=\"async\" width=\"1024\" height=\"683\" src=\"http:\/\/blogdoarmindomaia.com.br\/wp-content\/uploads\/2022\/08\/Prefeitura-negocia-retomada-de-voos-comerciais-para-Araxa-pag-07.jpeg\" alt=\"\" class=\"wp-image-2377\" srcset=\"http:\/\/blogdoarmindomaia.com.br\/wp-content\/uploads\/2022\/08\/Prefeitura-negocia-retomada-de-voos-comerciais-para-Araxa-pag-07.jpeg 1024w, http:\/\/blogdoarmindomaia.com.br\/wp-content\/uploads\/2022\/08\/Prefeitura-negocia-retomada-de-voos-comerciais-para-Araxa-pag-07-300x200.jpeg 300w, http:\/\/blogdoarmindomaia.com.br\/wp-content\/uploads\/2022\/08\/Prefeitura-negocia-retomada-de-voos-comerciais-para-Araxa-pag-07-768x512.jpeg 768w\" sizes=\"auto, (max-width: 1024px) 100vw, 1024px\" \/><\/figure>\n\n\n\n<p>Uma comitiva da Prefeitura de Arax\u00e1 se reuniu, nesta sexta (19), com representantes da empresa Gol Linhas A\u00e9reas, em S\u00e3o Paulo. A reuni\u00e3o foi intermediada pelo copiloto de Boeing 737 da Gol, Diego Alexandre da Silva, araxaense que h\u00e1 tr\u00eas anos passou a integrar o &#8220;time de \u00e1guias&#8221; da empresa.<br><br>O intuito da visita foi negociar com o diretor de planejamento da Gol, Rafael Moreira Mello Ara\u00fajo, e o especialista de Planejamento e Infraestrutura, Matheus Motta, a disponibilidade de voos semanais de Arax\u00e1 para Uberl\u00e2ndia e S\u00e3o Paulo.<br><br>A comitiva da prefeitura foi formada pelos secret\u00e1rios de Desenvolvimento Econ\u00f4mico, Inova\u00e7\u00e3o e Turismo, Juliano Cesar da Silva, e de Governo, Rick Paranhos, al\u00e9m do administrador do Aeroporto Municipal, Fabiano Cota, e do assessor Hudinam de Oliveira Filho.<br><br>De acordo com Fabiano Cota, a empresa sinalizou interesse em firmar o acordo. \u201cN\u00f3s apresentamos o sistema operacional e a estrutura de navega\u00e7\u00e3o do aeroporto, que s\u00e3o considerados de excelente n\u00edvel t\u00e9cnico. \u00c9 um quesito relevante para a an\u00e1lise da proposta\u201d, ressalta o administrador do aeroporto.<br><br>Voltar a receber voos comerciais, suspensos desde mar\u00e7o de 2020 devido \u00e0 queda na demanda gerada pela pandemia, \u00e9 uma das metas da Secretaria Municipal de Desenvolvimento Econ\u00f4mico, Inova\u00e7\u00e3o e Turismo. \u201cA proposta foi bem recebida pela companhia a\u00e9rea. Agora, o Munic\u00edpio ir\u00e1 iniciar as tratativas com o Governo de Minas para viabilizar as negocia\u00e7\u00f5es e firmar o acordo\u201d, diz o secret\u00e1rio Juliano Cesar da Silva.<br><br>Rick Paranhos lembra que a reforma geral do terminal de passageiros e revitaliza\u00e7\u00e3o da pista de pouso e decolagem est\u00e3o em andamento. \u201cEm breve, o espa\u00e7o ser\u00e1 reinaugurado e vai colocar Arax\u00e1 novamente no cen\u00e1rio nacional do turismo e, tamb\u00e9m, contribuir para fomentar neg\u00f3cios na cidade\u201d, conclui o secret\u00e1rio de Governo.<\/p>\n","protected":false},"excerpt":{"rendered":"<p>Uma comitiva da Prefeitura de Arax\u00e1 se reuniu, nesta sexta (19), com representantes da empresa Gol Linhas A\u00e9reas, em S\u00e3o<\/p>\n","protected":false},"author":2,"featured_media":2377,"comment_status":"open","ping_status":"open","sticky":false,"template":"","format":"standard","meta":{"footnotes":""},"categories":[9,11],"tags":[],"class_list":["post-2376","post","type-post","status-publish","format-standard","has-post-thumbnail","hentry","category-araxa","category-destaques"],"_links":{"self":[{"href":"http:\/\/blogdoarmindomaia.com.br\/index.php?rest_route=\/wp\/v2\/posts\/2376","targetHints":{"allow":["GET"]}}],"collection":[{"href":"http:\/\/blogdoarmindomaia.com.br\/index.php?rest_route=\/wp\/v2\/posts"}],"about":[{"href":"http:\/\/blogdoarmindomaia.com.br\/index.php?rest_route=\/wp\/v2\/types\/post"}],"author":[{"embeddable":true,"href":"http:\/\/blogdoarmindomaia.com.br\/index.php?rest_route=\/wp\/v2\/users\/2"}],"replies":[{"embeddable":true,"href":"http:\/\/blogdoarmindomaia.com.br\/index.php?rest_route=%2Fwp%2Fv2%2Fcomments&post=2376"}],"version-history":[{"count":1,"href":"http:\/\/blogdoarmindomaia.com.br\/index.php?rest_route=\/wp\/v2\/posts\/2376\/revisions"}],"predecessor-version":[{"id":2378,"href":"http:\/\/blogdoarmindomaia.com.br\/index.php?rest_route=\/wp\/v2\/posts\/2376\/revisions\/2378"}],"wp:featuredmedia":[{"embeddable":true,"href":"http:\/\/blogdoarmindomaia.com.br\/index.php?rest_route=\/wp\/v2\/media\/2377"}],"wp:attachment":[{"href":"http:\/\/blogdoarmindomaia.com.br\/index.php?rest_route=%2Fwp%2Fv2%2Fmedia&parent=2376"}],"wp:term":[{"taxonomy":"category","embeddable":true,"href":"http:\/\/blogdoarmindomaia.com.br\/index.php?rest_route=%2Fwp%2Fv2%2Fcategories&post=2376"},{"taxonomy":"post_tag","embeddable":true,"href":"http:\/\/blogdoarmindomaia.com.br\/index.php?rest_route=%2Fwp%2Fv2%2Ftags&post=2376"}],"curies":[{"name":"wp","href":"https:\/\/api.w.org\/{rel}","templated":true}]}}