{"id":239,"date":"2022-04-12T21:04:33","date_gmt":"2022-04-13T00:04:33","guid":{"rendered":"http:\/\/blogdoarmindomaia.com.br\/?p=239"},"modified":"2022-04-12T21:04:36","modified_gmt":"2022-04-13T00:04:36","slug":"araxa-realiza-a-4a-dose-contra-a-covid-para-idosos-75-em-sistema-drive-thru","status":"publish","type":"post","link":"http:\/\/blogdoarmindomaia.com.br\/?p=239","title":{"rendered":"Arax\u00e1 realiza a 4\u00aa dose contra a covid para idosos 75+ em sistema drive-thru"},"content":{"rendered":"\n<figure class=\"wp-block-image size-full is-style-default\"><img loading=\"lazy\" decoding=\"async\" width=\"1024\" height=\"683\" src=\"http:\/\/blogdoarmindomaia.com.br\/wp-content\/uploads\/2022\/04\/vacina.jpg\" alt=\"\" class=\"wp-image-240\" srcset=\"http:\/\/blogdoarmindomaia.com.br\/wp-content\/uploads\/2022\/04\/vacina.jpg 1024w, http:\/\/blogdoarmindomaia.com.br\/wp-content\/uploads\/2022\/04\/vacina-300x200.jpg 300w, http:\/\/blogdoarmindomaia.com.br\/wp-content\/uploads\/2022\/04\/vacina-768x512.jpg 768w\" sizes=\"auto, (max-width: 1024px) 100vw, 1024px\" \/><\/figure>\n\n\n\n<p>Arax\u00e1 promove a aplica\u00e7\u00e3o da 4\u00aa dose (ou 2\u00aa dose de refor\u00e7o) da vacina contra a Covid-19 em todos os idosos a partir de 75 anos (75+) em sistema de drive-thru nesta quarta-feira (13), das 8h \u00e0s 16h, no estacionamento do Est\u00e1dio Municipal Fausto Alvim.<\/p>\n\n\n\n<p>Para receber a 4\u00aa dose (ou 2\u00aa dose de refor\u00e7o), a pessoa deve respeitar o intervalo de pelo menos 4 meses desde a aplica\u00e7\u00e3o da 3\u00aa dose.<\/p>\n\n\n\n<p>No ato da vacina\u00e7\u00e3o, \u00e9 imprescind\u00edvel apresentar o Cart\u00e3o do SUS (se tiver), o Cart\u00e3o de Vacina e mais uma c\u00f3pia (xerox) do documento pessoal que tenha o n\u00famero do CPF.<\/p>\n\n\n\n<p>4\u00aa Dose (75+)<\/p>\n\n\n\n<p>Aplica\u00e7\u00e3o da 4\u00aa dose (2\u00aa dose de refor\u00e7o) para idosos a partir de 75 anos que tomaram a 3\u00aa dose h\u00e1 pelo menos 4 meses<\/p>\n\n\n\n<p>Dia e local: 13 de abril (quarta) &#8211; Estacionamento do Est\u00e1dio Fausto Alvim (drive-thru)<\/p>\n\n\n\n<p>Documentos necess\u00e1rios: c\u00f3pia (xerox) de documento pessoal que contenha CPF, Cart\u00e3o de Vacina e Cart\u00e3o do SUS (se tiver).<\/p>\n","protected":false},"excerpt":{"rendered":"<p>Arax\u00e1 promove a aplica\u00e7\u00e3o da 4\u00aa dose (ou 2\u00aa dose de refor\u00e7o) da vacina contra a Covid-19 em todos os<\/p>\n","protected":false},"author":2,"featured_media":240,"comment_status":"open","ping_status":"open","sticky":false,"template":"","format":"standard","meta":{"footnotes":""},"categories":[9,29],"tags":[],"class_list":["post-239","post","type-post","status-publish","format-standard","has-post-thumbnail","hentry","category-araxa","category-saude"],"_links":{"self":[{"href":"http:\/\/blogdoarmindomaia.com.br\/index.php?rest_route=\/wp\/v2\/posts\/239","targetHints":{"allow":["GET"]}}],"collection":[{"href":"http:\/\/blogdoarmindomaia.com.br\/index.php?rest_route=\/wp\/v2\/posts"}],"about":[{"href":"http:\/\/blogdoarmindomaia.com.br\/index.php?rest_route=\/wp\/v2\/types\/post"}],"author":[{"embeddable":true,"href":"http:\/\/blogdoarmindomaia.com.br\/index.php?rest_route=\/wp\/v2\/users\/2"}],"replies":[{"embeddable":true,"href":"http:\/\/blogdoarmindomaia.com.br\/index.php?rest_route=%2Fwp%2Fv2%2Fcomments&post=239"}],"version-history":[{"count":1,"href":"http:\/\/blogdoarmindomaia.com.br\/index.php?rest_route=\/wp\/v2\/posts\/239\/revisions"}],"predecessor-version":[{"id":241,"href":"http:\/\/blogdoarmindomaia.com.br\/index.php?rest_route=\/wp\/v2\/posts\/239\/revisions\/241"}],"wp:featuredmedia":[{"embeddable":true,"href":"http:\/\/blogdoarmindomaia.com.br\/index.php?rest_route=\/wp\/v2\/media\/240"}],"wp:attachment":[{"href":"http:\/\/blogdoarmindomaia.com.br\/index.php?rest_route=%2Fwp%2Fv2%2Fmedia&parent=239"}],"wp:term":[{"taxonomy":"category","embeddable":true,"href":"http:\/\/blogdoarmindomaia.com.br\/index.php?rest_route=%2Fwp%2Fv2%2Fcategories&post=239"},{"taxonomy":"post_tag","embeddable":true,"href":"http:\/\/blogdoarmindomaia.com.br\/index.php?rest_route=%2Fwp%2Fv2%2Ftags&post=239"}],"curies":[{"name":"wp","href":"https:\/\/api.w.org\/{rel}","templated":true}]}}