{"id":2393,"date":"2022-08-23T11:31:38","date_gmt":"2022-08-23T14:31:38","guid":{"rendered":"http:\/\/blogdoarmindomaia.com.br\/?p=2393"},"modified":"2022-08-23T11:31:40","modified_gmt":"2022-08-23T14:31:40","slug":"bazar-beneficente-da-ampara-passa-a-funcionar-tambem-aos-sabados%ef%bf%bc","status":"publish","type":"post","link":"http:\/\/blogdoarmindomaia.com.br\/?p=2393","title":{"rendered":"Bazar Beneficente da Ampara passa a funcionar tamb\u00e9m aos s\u00e1bados\ufffc"},"content":{"rendered":"\n<figure class=\"wp-block-image size-full\"><img loading=\"lazy\" decoding=\"async\" width=\"1024\" height=\"683\" src=\"http:\/\/blogdoarmindomaia.com.br\/wp-content\/uploads\/2022\/08\/f-bazarbeneficente-ampara-5.jpg\" alt=\"\" class=\"wp-image-2394\" srcset=\"http:\/\/blogdoarmindomaia.com.br\/wp-content\/uploads\/2022\/08\/f-bazarbeneficente-ampara-5.jpg 1024w, http:\/\/blogdoarmindomaia.com.br\/wp-content\/uploads\/2022\/08\/f-bazarbeneficente-ampara-5-300x200.jpg 300w, http:\/\/blogdoarmindomaia.com.br\/wp-content\/uploads\/2022\/08\/f-bazarbeneficente-ampara-5-768x512.jpg 768w\" sizes=\"auto, (max-width: 1024px) 100vw, 1024px\" \/><\/figure>\n\n\n\n<p>A Associa\u00e7\u00e3o de Amparo \u00e0s Pessoas Com C\u00e2ncer de Arax\u00e1 (Ampara) apresenta uma grande novidade para toda a popula\u00e7\u00e3o. O Bazar Beneficente vai passar a funcionar tamb\u00e9m aos s\u00e1bados, de 8h \u00e0s 12h. Uma importante iniciativa para que as pessoas que n\u00e3o conseguem ir ao local durante a semana, consigam ir aos s\u00e1bados. O espa\u00e7o fica anexo \u00e0 sede da Ampara, na Avenida Senador Montandon, n\u00b0 98.&nbsp;<br><br>Pe\u00e7as de roupas, sapatos e diversos itens s\u00e3o vendidos a partir de R$ 3 no Bazar Beneficente, uma forma de contribuir com as a\u00e7\u00f5es realizadas pela Ampara. As vendas s\u00e3o feitas pela ajudante geral Eliene Iza\u00edas da Concei\u00e7\u00e3o.<br><br>\u201cN\u00f3s iremos ter neste primeiro s\u00e1bado que iremos funcionar vamos apresentar uma queima de estoque de sapatos com as pe\u00e7as custando R$ 4. Venham conferir os nossos produtos e ajudar a fortalecer ainda mais o trabalho da Ampara\u201d, diz Eliene.<br><br>Nas demais datas, segue em funcionamento normal de segunda a quinta, das 8h \u00e0s 17h, e na sexta-feira, das 8h \u00e0s 16h. S\u00e3o mais de 1 mil pe\u00e7as \u00e0 disposi\u00e7\u00e3o da popula\u00e7\u00e3o de Arax\u00e1 e regi\u00e3o. O Bazar Permanente fica na avenida Senador Montandon, 98, ao lado da entrada principal da institui\u00e7\u00e3o.<\/p>\n","protected":false},"excerpt":{"rendered":"<p>A Associa\u00e7\u00e3o de Amparo \u00e0s Pessoas Com C\u00e2ncer de Arax\u00e1 (Ampara) apresenta uma grande novidade para toda a popula\u00e7\u00e3o. O<\/p>\n","protected":false},"author":2,"featured_media":2394,"comment_status":"open","ping_status":"open","sticky":false,"template":"","format":"standard","meta":{"footnotes":""},"categories":[9,8],"tags":[],"class_list":["post-2393","post","type-post","status-publish","format-standard","has-post-thumbnail","hentry","category-araxa","category-cidades"],"_links":{"self":[{"href":"http:\/\/blogdoarmindomaia.com.br\/index.php?rest_route=\/wp\/v2\/posts\/2393","targetHints":{"allow":["GET"]}}],"collection":[{"href":"http:\/\/blogdoarmindomaia.com.br\/index.php?rest_route=\/wp\/v2\/posts"}],"about":[{"href":"http:\/\/blogdoarmindomaia.com.br\/index.php?rest_route=\/wp\/v2\/types\/post"}],"author":[{"embeddable":true,"href":"http:\/\/blogdoarmindomaia.com.br\/index.php?rest_route=\/wp\/v2\/users\/2"}],"replies":[{"embeddable":true,"href":"http:\/\/blogdoarmindomaia.com.br\/index.php?rest_route=%2Fwp%2Fv2%2Fcomments&post=2393"}],"version-history":[{"count":1,"href":"http:\/\/blogdoarmindomaia.com.br\/index.php?rest_route=\/wp\/v2\/posts\/2393\/revisions"}],"predecessor-version":[{"id":2395,"href":"http:\/\/blogdoarmindomaia.com.br\/index.php?rest_route=\/wp\/v2\/posts\/2393\/revisions\/2395"}],"wp:featuredmedia":[{"embeddable":true,"href":"http:\/\/blogdoarmindomaia.com.br\/index.php?rest_route=\/wp\/v2\/media\/2394"}],"wp:attachment":[{"href":"http:\/\/blogdoarmindomaia.com.br\/index.php?rest_route=%2Fwp%2Fv2%2Fmedia&parent=2393"}],"wp:term":[{"taxonomy":"category","embeddable":true,"href":"http:\/\/blogdoarmindomaia.com.br\/index.php?rest_route=%2Fwp%2Fv2%2Fcategories&post=2393"},{"taxonomy":"post_tag","embeddable":true,"href":"http:\/\/blogdoarmindomaia.com.br\/index.php?rest_route=%2Fwp%2Fv2%2Ftags&post=2393"}],"curies":[{"name":"wp","href":"https:\/\/api.w.org\/{rel}","templated":true}]}}