{"id":2399,"date":"2022-08-23T11:44:06","date_gmt":"2022-08-23T14:44:06","guid":{"rendered":"http:\/\/blogdoarmindomaia.com.br\/?p=2399"},"modified":"2022-08-23T11:44:08","modified_gmt":"2022-08-23T14:44:08","slug":"hora-de-regar-as-sementes-workshop-encerra-projeto-a-musica-semeando-conhecimentos","status":"publish","type":"post","link":"http:\/\/blogdoarmindomaia.com.br\/?p=2399","title":{"rendered":"&#8221; Hora de regar as sementes&#8221;: workshop encerra projeto &#8220;A M\u00fasica Semeando Conhecimentos&#8221;"},"content":{"rendered":"\n<figure class=\"wp-block-image size-large\"><img loading=\"lazy\" decoding=\"async\" width=\"1024\" height=\"682\" src=\"http:\/\/blogdoarmindomaia.com.br\/wp-content\/uploads\/2022\/08\/workshop_1-1024x682.jpg\" alt=\"\" class=\"wp-image-2400\" srcset=\"http:\/\/blogdoarmindomaia.com.br\/wp-content\/uploads\/2022\/08\/workshop_1-1024x682.jpg 1024w, http:\/\/blogdoarmindomaia.com.br\/wp-content\/uploads\/2022\/08\/workshop_1-300x200.jpg 300w, http:\/\/blogdoarmindomaia.com.br\/wp-content\/uploads\/2022\/08\/workshop_1-768x512.jpg 768w, http:\/\/blogdoarmindomaia.com.br\/wp-content\/uploads\/2022\/08\/workshop_1.jpg 1280w\" sizes=\"auto, (max-width: 1024px) 100vw, 1024px\" \/><\/figure>\n\n\n\n<figure class=\"wp-block-image size-large\"><img loading=\"lazy\" decoding=\"async\" width=\"1024\" height=\"682\" src=\"http:\/\/blogdoarmindomaia.com.br\/wp-content\/uploads\/2022\/08\/workshop_5-1024x682.jpg\" alt=\"\" class=\"wp-image-2401\" srcset=\"http:\/\/blogdoarmindomaia.com.br\/wp-content\/uploads\/2022\/08\/workshop_5-1024x682.jpg 1024w, http:\/\/blogdoarmindomaia.com.br\/wp-content\/uploads\/2022\/08\/workshop_5-300x200.jpg 300w, http:\/\/blogdoarmindomaia.com.br\/wp-content\/uploads\/2022\/08\/workshop_5-768x512.jpg 768w, http:\/\/blogdoarmindomaia.com.br\/wp-content\/uploads\/2022\/08\/workshop_5.jpg 1280w\" sizes=\"auto, (max-width: 1024px) 100vw, 1024px\" \/><\/figure>\n\n\n\n<figure class=\"wp-block-image size-large\"><img loading=\"lazy\" decoding=\"async\" width=\"1024\" height=\"576\" src=\"http:\/\/blogdoarmindomaia.com.br\/wp-content\/uploads\/2022\/08\/Hora-de-regar-as-sementes-pag-06-1024x576.jpg\" alt=\"\" class=\"wp-image-2402\" srcset=\"http:\/\/blogdoarmindomaia.com.br\/wp-content\/uploads\/2022\/08\/Hora-de-regar-as-sementes-pag-06-1024x576.jpg 1024w, http:\/\/blogdoarmindomaia.com.br\/wp-content\/uploads\/2022\/08\/Hora-de-regar-as-sementes-pag-06-300x169.jpg 300w, http:\/\/blogdoarmindomaia.com.br\/wp-content\/uploads\/2022\/08\/Hora-de-regar-as-sementes-pag-06-768x432.jpg 768w, http:\/\/blogdoarmindomaia.com.br\/wp-content\/uploads\/2022\/08\/Hora-de-regar-as-sementes-pag-06.jpg 1280w\" sizes=\"auto, (max-width: 1024px) 100vw, 1024px\" \/><\/figure>\n\n\n\n<p><em>A\u00e7\u00e3o foi realizada no Parque do Cristo e animou o domingo (21)<\/em><\/p>\n\n\n\n<p>O <em>Workshop<\/em> Consci\u00eancia R\u00edtmica em Busca do Autoconhecimento encerrou neste domingo (21) o projeto \u201cA M\u00fasica Semeando Conhecimentos&#8221;. Dezenas de pessoas participaram de um momento de aprendizado e divers\u00e3o no Parque do Cristo. &#8220;Fui convidada por uma amiga para assistir uma apresenta\u00e7\u00e3o aqui. Tive uma grata surpresa ao ver que era um workshop de ritmos. Foi simplesmente fant\u00e1stico. S\u00e3o iniciativas que t\u00eam que ser incentivadas porque a m\u00fasica \u00e9 essencial, alegra a alma&#8221;, diz Maria Alice Rezende, turista de Uberl\u00e2ndia.<\/p>\n\n\n\n<p>Durante mais de uma hora, o grupo Tiago Martins Quarteto ensinou aos participantes no\u00e7\u00f5es sobre percuss\u00e3o corporal, mostrando a m\u00fasica de dentro para fora. &#8220;Na batida do p\u00e9 eu posso gerar m\u00fasica. Ela \u00e9 sempre muito direta. Se voc\u00ea toca a m\u00fasica ela vai gerar algum sentimento e vai estar relacionada a v\u00e1rios fatores e linguagens da vida. M\u00fasica \u00e9 matem\u00e1tica, f\u00edsica, biologia, sociologia e mostramos isso aqui neste workshop&#8221;, explica Jack Will, que conduziu o momento ao lado dos integrantes do quarteto.<\/p>\n\n\n\n<p>O workshop foi a \u00faltima a\u00e7\u00e3o desta edi\u00e7\u00e3o do projeto \u201cA M\u00fasica Semeando Conhecimentos\u201d. Realizada pelo grupo araxaense Tiago Martins Quarteto, por meio da Lei Federal de Incentivo \u00e0 Cultura com o patroc\u00ednio da CBMM e apoio da Prefeitura de Arax\u00e1, por meio da Secretaria Municipal de Educa\u00e7\u00e3o, a a\u00e7\u00e3o tamb\u00e9m movimentou as institui\u00e7\u00f5es educacionais nas \u00faltimas semanas e levou cultura e aprendizado para os quatro cantos da cidade. &#8220;A gente n\u00e3o imaginava tamanho interesse e uma resposta t\u00e3o forte das crian\u00e7as. Foi incr\u00edvel ver os olhinhos brilhando, aquela meninada compenetrada, interessada, perguntando sobre os instrumentos, cantando junto com a banda. Nunca vou esquecer desses momentos&#8221;, relembra o m\u00fasico Le Santana.<\/p>\n\n\n\n<p>O baixista e violonista Erasmo Valeriano, conta que tamb\u00e9m se surpreendeu com o que viveu durante a a\u00e7\u00e3o. &#8220;Foi um projeto muito gostoso de fazer. Em cada escola, um jeito diferente das turminhas. Foram v\u00e1rios momentos muito interessantes e a gente foi tocado tamb\u00e9m. A proximidade com as crian\u00e7as mexeu com todos e tamb\u00e9m despertou sentimentos em todos n\u00f3s&#8221;, conta Erasmo.<\/p>\n\n\n\n<p>Para o idealizador do projeto, Tiago Martins, os resultados da iniciativa s\u00e3o vis\u00edveis e empolgantes. &#8220;Viemos com a proposta de semear o interesse em rela\u00e7\u00e3o \u00e0 m\u00fasica em crian\u00e7as e adolescentes nas escolas e tenho certeza que cumprimos nosso papel. A gente acredita na m\u00fasica como ferramenta de transforma\u00e7\u00e3o e que ela \u00e9, sim, para todos&#8221;, diz. &#8220;Tenho certeza que no futuro crian\u00e7as que a gente atendeu neste projeto estar\u00e3o aqui, semeando&#8221;, ressalta.<\/p>\n\n\n\n<p>A a\u00e7\u00e3o continua no ano que vem e deve ser ampliada. &#8220;Vamos continuar semeando a m\u00fasica, regando os talentos que tocamos e muito em breve j\u00e1 estaremos vendo os frutos deste trabalho por onde passamos. Ano que vem voltaremos com mais vontade e cheios de novidades neste projeto&#8221;, diz o produtor geral, Daniel Nacati.<\/p>\n","protected":false},"excerpt":{"rendered":"<p>A\u00e7\u00e3o foi realizada no Parque do Cristo e animou o domingo (21) O Workshop Consci\u00eancia R\u00edtmica em Busca do Autoconhecimento<\/p>\n","protected":false},"author":2,"featured_media":2400,"comment_status":"open","ping_status":"open","sticky":false,"template":"","format":"standard","meta":{"footnotes":""},"categories":[9,5,11],"tags":[],"class_list":["post-2399","post","type-post","status-publish","format-standard","has-post-thumbnail","hentry","category-araxa","category-arte-e-cultura","category-destaques"],"_links":{"self":[{"href":"http:\/\/blogdoarmindomaia.com.br\/index.php?rest_route=\/wp\/v2\/posts\/2399","targetHints":{"allow":["GET"]}}],"collection":[{"href":"http:\/\/blogdoarmindomaia.com.br\/index.php?rest_route=\/wp\/v2\/posts"}],"about":[{"href":"http:\/\/blogdoarmindomaia.com.br\/index.php?rest_route=\/wp\/v2\/types\/post"}],"author":[{"embeddable":true,"href":"http:\/\/blogdoarmindomaia.com.br\/index.php?rest_route=\/wp\/v2\/users\/2"}],"replies":[{"embeddable":true,"href":"http:\/\/blogdoarmindomaia.com.br\/index.php?rest_route=%2Fwp%2Fv2%2Fcomments&post=2399"}],"version-history":[{"count":1,"href":"http:\/\/blogdoarmindomaia.com.br\/index.php?rest_route=\/wp\/v2\/posts\/2399\/revisions"}],"predecessor-version":[{"id":2403,"href":"http:\/\/blogdoarmindomaia.com.br\/index.php?rest_route=\/wp\/v2\/posts\/2399\/revisions\/2403"}],"wp:featuredmedia":[{"embeddable":true,"href":"http:\/\/blogdoarmindomaia.com.br\/index.php?rest_route=\/wp\/v2\/media\/2400"}],"wp:attachment":[{"href":"http:\/\/blogdoarmindomaia.com.br\/index.php?rest_route=%2Fwp%2Fv2%2Fmedia&parent=2399"}],"wp:term":[{"taxonomy":"category","embeddable":true,"href":"http:\/\/blogdoarmindomaia.com.br\/index.php?rest_route=%2Fwp%2Fv2%2Fcategories&post=2399"},{"taxonomy":"post_tag","embeddable":true,"href":"http:\/\/blogdoarmindomaia.com.br\/index.php?rest_route=%2Fwp%2Fv2%2Ftags&post=2399"}],"curies":[{"name":"wp","href":"https:\/\/api.w.org\/{rel}","templated":true}]}}