{"id":2408,"date":"2022-08-24T14:10:04","date_gmt":"2022-08-24T17:10:04","guid":{"rendered":"http:\/\/blogdoarmindomaia.com.br\/?p=2408"},"modified":"2022-08-24T14:10:07","modified_gmt":"2022-08-24T17:10:07","slug":"propaganda-eleitoral-no-radio-e-na-tv-comeca-nesta-sexta-dia-26-de-agosto","status":"publish","type":"post","link":"http:\/\/blogdoarmindomaia.com.br\/?p=2408","title":{"rendered":"Propaganda eleitoral no r\u00e1dio e na TV come\u00e7a nesta sexta, dia 26 de agosto"},"content":{"rendered":"\n<figure class=\"wp-block-image size-large\"><img loading=\"lazy\" decoding=\"async\" width=\"1024\" height=\"554\" src=\"http:\/\/blogdoarmindomaia.com.br\/wp-content\/uploads\/2022\/08\/Propaganda-eleitoral-no-radio-e-na-TV-comeca-nesta-sexta-pag-07-1024x554.jpg\" alt=\"\" class=\"wp-image-2409\" srcset=\"http:\/\/blogdoarmindomaia.com.br\/wp-content\/uploads\/2022\/08\/Propaganda-eleitoral-no-radio-e-na-TV-comeca-nesta-sexta-pag-07-1024x554.jpg 1024w, http:\/\/blogdoarmindomaia.com.br\/wp-content\/uploads\/2022\/08\/Propaganda-eleitoral-no-radio-e-na-TV-comeca-nesta-sexta-pag-07-300x162.jpg 300w, http:\/\/blogdoarmindomaia.com.br\/wp-content\/uploads\/2022\/08\/Propaganda-eleitoral-no-radio-e-na-TV-comeca-nesta-sexta-pag-07-768x415.jpg 768w, http:\/\/blogdoarmindomaia.com.br\/wp-content\/uploads\/2022\/08\/Propaganda-eleitoral-no-radio-e-na-TV-comeca-nesta-sexta-pag-07.jpg 1165w\" sizes=\"auto, (max-width: 1024px) 100vw, 1024px\" \/><\/figure>\n\n\n\n<p>Nesta sexta-feira,&nbsp;26 de agosto, come\u00e7a a propaganda eleitoral no r\u00e1dio e na televis\u00e3o.Al\u00e9m dos blocos de propaganda, que somam 25 minutos di\u00e1rios de programa\u00e7\u00e3o, os partidos t\u00eam direito a inser\u00e7\u00f5es publicit\u00e1rias espalhadas pela programa\u00e7\u00e3o das emissoras de r\u00e1dio e tev\u00ea, que somam, no total, 1 hora e 10 minutos por dia. As inser\u00e7\u00f5es t\u00eam dura\u00e7\u00e3o mais curta, entre 30 e 60 segundos cada, e v\u00e3o ser veiculadas das cinco da manh\u00e3 \u00e0 meia-noite.<\/p>\n\n\n\n<p>As cotas de divulga\u00e7\u00e3o ser\u00e3o divididas igualmente entre as candidaturas majorit\u00e1rias e proporcionais, distribu\u00eddas em tr\u00eas blocos de audi\u00eancia &#8211; manh\u00e3, tarde e noite &#8211; , para alcan\u00e7ar p\u00fablicos diferentes, sendo proibida a exibi\u00e7\u00e3o em sequ\u00eancia de duas inser\u00e7\u00f5es de um mesmo partido.<\/p>\n\n\n\n<p>As emissoras de r\u00e1dio, inclusive as comunit\u00e1rias, e as emissoras de televis\u00e3o que transmitem em VHF e UHF, tamb\u00e9m precisam exibir a propaganda eleitoral. J\u00e1 as emissoras de r\u00e1dio e tev\u00ea que n\u00e3o tiverem condi\u00e7\u00f5es de captar o sinal, precisam retransmitir o programa veiculado por outra emissora, assim como acontece em rela\u00e7\u00e3o \u00e0 Voz do Brasil e aos pronunciamentos oficiais em rede nacional.<\/p>\n\n\n\n<p>Para a gera\u00e7\u00e3o da propaganda eleitoral gratuita, as r\u00e1dios e tev\u00eas v\u00e3o formar um grupo \u00fanico, o chamado pool&nbsp;de emissoras, para transmitir ao mesmo tempo. (fonte EBC)<\/p>\n","protected":false},"excerpt":{"rendered":"<p>Nesta sexta-feira,&nbsp;26 de agosto, come\u00e7a a propaganda eleitoral no r\u00e1dio e na televis\u00e3o.Al\u00e9m dos blocos de propaganda, que somam 25<\/p>\n","protected":false},"author":2,"featured_media":2409,"comment_status":"open","ping_status":"open","sticky":false,"template":"","format":"standard","meta":{"footnotes":""},"categories":[9,11,25],"tags":[],"class_list":["post-2408","post","type-post","status-publish","format-standard","has-post-thumbnail","hentry","category-araxa","category-destaques","category-politica"],"_links":{"self":[{"href":"http:\/\/blogdoarmindomaia.com.br\/index.php?rest_route=\/wp\/v2\/posts\/2408","targetHints":{"allow":["GET"]}}],"collection":[{"href":"http:\/\/blogdoarmindomaia.com.br\/index.php?rest_route=\/wp\/v2\/posts"}],"about":[{"href":"http:\/\/blogdoarmindomaia.com.br\/index.php?rest_route=\/wp\/v2\/types\/post"}],"author":[{"embeddable":true,"href":"http:\/\/blogdoarmindomaia.com.br\/index.php?rest_route=\/wp\/v2\/users\/2"}],"replies":[{"embeddable":true,"href":"http:\/\/blogdoarmindomaia.com.br\/index.php?rest_route=%2Fwp%2Fv2%2Fcomments&post=2408"}],"version-history":[{"count":1,"href":"http:\/\/blogdoarmindomaia.com.br\/index.php?rest_route=\/wp\/v2\/posts\/2408\/revisions"}],"predecessor-version":[{"id":2410,"href":"http:\/\/blogdoarmindomaia.com.br\/index.php?rest_route=\/wp\/v2\/posts\/2408\/revisions\/2410"}],"wp:featuredmedia":[{"embeddable":true,"href":"http:\/\/blogdoarmindomaia.com.br\/index.php?rest_route=\/wp\/v2\/media\/2409"}],"wp:attachment":[{"href":"http:\/\/blogdoarmindomaia.com.br\/index.php?rest_route=%2Fwp%2Fv2%2Fmedia&parent=2408"}],"wp:term":[{"taxonomy":"category","embeddable":true,"href":"http:\/\/blogdoarmindomaia.com.br\/index.php?rest_route=%2Fwp%2Fv2%2Fcategories&post=2408"},{"taxonomy":"post_tag","embeddable":true,"href":"http:\/\/blogdoarmindomaia.com.br\/index.php?rest_route=%2Fwp%2Fv2%2Ftags&post=2408"}],"curies":[{"name":"wp","href":"https:\/\/api.w.org\/{rel}","templated":true}]}}