{"id":2411,"date":"2022-08-24T14:12:02","date_gmt":"2022-08-24T17:12:02","guid":{"rendered":"http:\/\/blogdoarmindomaia.com.br\/?p=2411"},"modified":"2022-08-24T14:12:23","modified_gmt":"2022-08-24T17:12:23","slug":"polo-uab-araxa-oferta-vagas-de-pos-graduacao%ef%bf%bc","status":"publish","type":"post","link":"http:\/\/blogdoarmindomaia.com.br\/?p=2411","title":{"rendered":"Polo UAB Arax\u00e1 oferta vagas de p\u00f3s-gradua\u00e7\u00e3o\ufffc"},"content":{"rendered":"\n<figure class=\"wp-block-image size-full\"><img loading=\"lazy\" decoding=\"async\" width=\"1024\" height=\"683\" src=\"http:\/\/blogdoarmindomaia.com.br\/wp-content\/uploads\/2022\/08\/Polo-UAB.jpeg\" alt=\"\" class=\"wp-image-2412\" srcset=\"http:\/\/blogdoarmindomaia.com.br\/wp-content\/uploads\/2022\/08\/Polo-UAB.jpeg 1024w, http:\/\/blogdoarmindomaia.com.br\/wp-content\/uploads\/2022\/08\/Polo-UAB-300x200.jpeg 300w, http:\/\/blogdoarmindomaia.com.br\/wp-content\/uploads\/2022\/08\/Polo-UAB-768x512.jpeg 768w\" sizes=\"auto, (max-width: 1024px) 100vw, 1024px\" \/><\/figure>\n\n\n\n<p>O Polo Universidade Aberta (UAB) de Arax\u00e1 est\u00e1 com inscri\u00e7\u00f5es abertas, at\u00e9 28 de agosto (domingo), para vagas remanescentes do curso a dist\u00e2ncia de p\u00f3s-gradua\u00e7\u00e3o em Doc\u00eancia na Educa\u00e7\u00e3o Profissional e Tecnol\u00f3gica (EPT).<br><br>O curso \u00e9 destinado para profissionais interessados que tenham gradua\u00e7\u00e3o em qualquer \u00e1rea do conhecimento, cujo diploma seja devidamente reconhecido, validado ou revalidado por \u00f3rg\u00e3o competente do Minist\u00e9rio da Educa\u00e7\u00e3o (MEC), ou designado por este.<br><br>S\u00e3o 12 meses de dura\u00e7\u00e3o e 19 vagas ofertadas para Arax\u00e1, com processo seletivo do Instituto Federal de Educa\u00e7\u00e3o, Ci\u00eancia e Tecnologia do Sul de Minas (IFSULDEMINAS) &#8211; Campus Avan\u00e7ado de Carmo de Minas.<br><br>Todas as vagas ser\u00e3o preenchidas, de acordo com a ordem de inscri\u00e7\u00e3o do(a) candidato(a) no sistema do processo seletivo, em conformidade com as informa\u00e7\u00f5es registradas no momento da finaliza\u00e7\u00e3o da inscri\u00e7\u00e3o, considerando data, hora, minuto e segundo.<br><br>As inscri\u00e7\u00f5es s\u00e3o realizadas exclusivamente via Internet por meio do endere\u00e7o eletr\u00f4nico (&nbsp;<a href=\"https:\/\/inscricaovestibular.ifsuldeminas.edu.br\/\" target=\"_blank\" rel=\"noreferrer noopener\">https:\/\/inscricaovestibular.ifsuldeminas.edu.br\/<\/a>&nbsp;).<br><br>Para se inscrever no processo seletivo, o(a) candidato(a) dever\u00e1 acessar a p\u00e1gina do IFSULDEMINAS (&nbsp;<a href=\"http:\/\/www.ifsuldeminas.edu.br\/\" target=\"_blank\" rel=\"noreferrer noopener\">http:\/\/www.ifsuldeminas.edu.br<\/a>&nbsp;), acessar o link \u201cVestibular\u201d, em seguida clicar na op\u00e7\u00e3o \u201cInscreva-se\/Acompanhe sua inscri\u00e7\u00e3o\u201d. Realizado o acesso, dever\u00e1 selecionar o \u00edcone \u201cENTRAR COM&nbsp;<a href=\"http:\/\/gov.br\/\" target=\"_blank\" rel=\"noreferrer noopener\">GOV.BR<\/a>\u201d para ser direcionado \u00e0 plataforma&nbsp;<a href=\"http:\/\/gov.br\/\" target=\"_blank\" rel=\"noreferrer noopener\">GOV.BR<\/a>.<\/p>\n","protected":false},"excerpt":{"rendered":"<p>O Polo Universidade Aberta (UAB) de Arax\u00e1 est\u00e1 com inscri\u00e7\u00f5es abertas, at\u00e9 28 de agosto (domingo), para vagas remanescentes do<\/p>\n","protected":false},"author":2,"featured_media":2412,"comment_status":"open","ping_status":"open","sticky":false,"template":"","format":"standard","meta":{"footnotes":""},"categories":[9,13],"tags":[],"class_list":["post-2411","post","type-post","status-publish","format-standard","has-post-thumbnail","hentry","category-araxa","category-educacao"],"_links":{"self":[{"href":"http:\/\/blogdoarmindomaia.com.br\/index.php?rest_route=\/wp\/v2\/posts\/2411","targetHints":{"allow":["GET"]}}],"collection":[{"href":"http:\/\/blogdoarmindomaia.com.br\/index.php?rest_route=\/wp\/v2\/posts"}],"about":[{"href":"http:\/\/blogdoarmindomaia.com.br\/index.php?rest_route=\/wp\/v2\/types\/post"}],"author":[{"embeddable":true,"href":"http:\/\/blogdoarmindomaia.com.br\/index.php?rest_route=\/wp\/v2\/users\/2"}],"replies":[{"embeddable":true,"href":"http:\/\/blogdoarmindomaia.com.br\/index.php?rest_route=%2Fwp%2Fv2%2Fcomments&post=2411"}],"version-history":[{"count":1,"href":"http:\/\/blogdoarmindomaia.com.br\/index.php?rest_route=\/wp\/v2\/posts\/2411\/revisions"}],"predecessor-version":[{"id":2413,"href":"http:\/\/blogdoarmindomaia.com.br\/index.php?rest_route=\/wp\/v2\/posts\/2411\/revisions\/2413"}],"wp:featuredmedia":[{"embeddable":true,"href":"http:\/\/blogdoarmindomaia.com.br\/index.php?rest_route=\/wp\/v2\/media\/2412"}],"wp:attachment":[{"href":"http:\/\/blogdoarmindomaia.com.br\/index.php?rest_route=%2Fwp%2Fv2%2Fmedia&parent=2411"}],"wp:term":[{"taxonomy":"category","embeddable":true,"href":"http:\/\/blogdoarmindomaia.com.br\/index.php?rest_route=%2Fwp%2Fv2%2Fcategories&post=2411"},{"taxonomy":"post_tag","embeddable":true,"href":"http:\/\/blogdoarmindomaia.com.br\/index.php?rest_route=%2Fwp%2Fv2%2Ftags&post=2411"}],"curies":[{"name":"wp","href":"https:\/\/api.w.org\/{rel}","templated":true}]}}