{"id":2431,"date":"2022-08-24T16:41:39","date_gmt":"2022-08-24T19:41:39","guid":{"rendered":"http:\/\/blogdoarmindomaia.com.br\/?p=2431"},"modified":"2022-08-24T16:41:41","modified_gmt":"2022-08-24T19:41:41","slug":"araxa-ja-recebeu-as-urnas-eletronicas-que-serao-usadas-nas-eleicoes-deste-ano","status":"publish","type":"post","link":"http:\/\/blogdoarmindomaia.com.br\/?p=2431","title":{"rendered":"Arax\u00e1\u00a0 j\u00e1 recebeu as urnas eletr\u00f4nicas que ser\u00e3o usadas nas elei\u00e7\u00f5es deste ano"},"content":{"rendered":"\n<figure class=\"wp-block-image size-full\"><img loading=\"lazy\" decoding=\"async\" width=\"758\" height=\"409\" src=\"http:\/\/blogdoarmindomaia.com.br\/wp-content\/uploads\/2022\/08\/Araxa-ja-recebeu-as-urnas-eletronicas-que-serao-usadas-nas-eleicoes-deste-ano-pag-07.jpeg\" alt=\"\" class=\"wp-image-2432\" srcset=\"http:\/\/blogdoarmindomaia.com.br\/wp-content\/uploads\/2022\/08\/Araxa-ja-recebeu-as-urnas-eletronicas-que-serao-usadas-nas-eleicoes-deste-ano-pag-07.jpeg 758w, http:\/\/blogdoarmindomaia.com.br\/wp-content\/uploads\/2022\/08\/Araxa-ja-recebeu-as-urnas-eletronicas-que-serao-usadas-nas-eleicoes-deste-ano-pag-07-300x162.jpeg 300w\" sizes=\"auto, (max-width: 758px) 100vw, 758px\" \/><\/figure>\n\n\n\n<p>J\u00e1 est\u00e3o na sede do Cart\u00f3rio Eleitoral de Arax\u00e1, 271 urnas eletr\u00f4nicas destinadas \u00e0s elei\u00e7\u00f5es da comarca local.&nbsp; No in\u00edcio desta semana os serventu\u00e1rios da Justi\u00e7a Eleitoral do munic\u00edpio realizaram o procedimento de conferencia dos equipamentos de vota\u00e7\u00e3o. O munic\u00edpio de Arax\u00e1 possui 250 zonas eleitorais, mas as 21 urnas eletr\u00f4nicas excedentes, s\u00e3o aparelhos reservas que podem ser utilizados em caso de problemas nas urnas titulares. Segundo informou \u00e0 reportagem do Jornal Intera\u00e7\u00e3o, a Chefe do Cart\u00f3rio Eleitoral de Arax\u00e1, Alcin\u00e9ia Suely de Sales, \u201c neste primeiro momento da chegada das urnas eletr\u00f4nicas, o trabalho inicial \u00e9 a verifica\u00e7\u00e3o do funcionamento dos aparelhos e seus componentes, pe\u00e7as e principalmente a verifica\u00e7\u00e3o dos sistemas de cada urna.\u201d&nbsp; Do total de urnas recebidas, tamb\u00e9m integram o munic\u00edpio de Tapira e o Distrito Rural de Itaipu.<\/p>\n","protected":false},"excerpt":{"rendered":"<p>J\u00e1 est\u00e3o na sede do Cart\u00f3rio Eleitoral de Arax\u00e1, 271 urnas eletr\u00f4nicas destinadas \u00e0s elei\u00e7\u00f5es da comarca local.&nbsp; No in\u00edcio<\/p>\n","protected":false},"author":2,"featured_media":2432,"comment_status":"open","ping_status":"open","sticky":false,"template":"","format":"standard","meta":{"footnotes":""},"categories":[9,11,25],"tags":[],"class_list":["post-2431","post","type-post","status-publish","format-standard","has-post-thumbnail","hentry","category-araxa","category-destaques","category-politica"],"_links":{"self":[{"href":"http:\/\/blogdoarmindomaia.com.br\/index.php?rest_route=\/wp\/v2\/posts\/2431","targetHints":{"allow":["GET"]}}],"collection":[{"href":"http:\/\/blogdoarmindomaia.com.br\/index.php?rest_route=\/wp\/v2\/posts"}],"about":[{"href":"http:\/\/blogdoarmindomaia.com.br\/index.php?rest_route=\/wp\/v2\/types\/post"}],"author":[{"embeddable":true,"href":"http:\/\/blogdoarmindomaia.com.br\/index.php?rest_route=\/wp\/v2\/users\/2"}],"replies":[{"embeddable":true,"href":"http:\/\/blogdoarmindomaia.com.br\/index.php?rest_route=%2Fwp%2Fv2%2Fcomments&post=2431"}],"version-history":[{"count":1,"href":"http:\/\/blogdoarmindomaia.com.br\/index.php?rest_route=\/wp\/v2\/posts\/2431\/revisions"}],"predecessor-version":[{"id":2433,"href":"http:\/\/blogdoarmindomaia.com.br\/index.php?rest_route=\/wp\/v2\/posts\/2431\/revisions\/2433"}],"wp:featuredmedia":[{"embeddable":true,"href":"http:\/\/blogdoarmindomaia.com.br\/index.php?rest_route=\/wp\/v2\/media\/2432"}],"wp:attachment":[{"href":"http:\/\/blogdoarmindomaia.com.br\/index.php?rest_route=%2Fwp%2Fv2%2Fmedia&parent=2431"}],"wp:term":[{"taxonomy":"category","embeddable":true,"href":"http:\/\/blogdoarmindomaia.com.br\/index.php?rest_route=%2Fwp%2Fv2%2Fcategories&post=2431"},{"taxonomy":"post_tag","embeddable":true,"href":"http:\/\/blogdoarmindomaia.com.br\/index.php?rest_route=%2Fwp%2Fv2%2Ftags&post=2431"}],"curies":[{"name":"wp","href":"https:\/\/api.w.org\/{rel}","templated":true}]}}