{"id":2437,"date":"2022-08-25T14:22:33","date_gmt":"2022-08-25T17:22:33","guid":{"rendered":"http:\/\/blogdoarmindomaia.com.br\/?p=2437"},"modified":"2022-08-25T14:22:35","modified_gmt":"2022-08-25T17:22:35","slug":"6a-edicao-do-programa-prefeitura-no-bairro-sera-no-bairro-sao-geraldo","status":"publish","type":"post","link":"http:\/\/blogdoarmindomaia.com.br\/?p=2437","title":{"rendered":"6\u00aa edi\u00e7\u00e3o do programa Prefeitura no Bairro ser\u00e1 no bairro S\u00e3o Geraldo"},"content":{"rendered":"\n<figure class=\"wp-block-image size-full\"><img loading=\"lazy\" decoding=\"async\" width=\"768\" height=\"512\" src=\"http:\/\/blogdoarmindomaia.com.br\/wp-content\/uploads\/2022\/08\/6a-edicao-do-programa-Prefeitura-no-Bairro-sera-no-bairro-Sao-Geraldo-pag-07.jpeg\" alt=\"\" class=\"wp-image-2438\" srcset=\"http:\/\/blogdoarmindomaia.com.br\/wp-content\/uploads\/2022\/08\/6a-edicao-do-programa-Prefeitura-no-Bairro-sera-no-bairro-Sao-Geraldo-pag-07.jpeg 768w, http:\/\/blogdoarmindomaia.com.br\/wp-content\/uploads\/2022\/08\/6a-edicao-do-programa-Prefeitura-no-Bairro-sera-no-bairro-Sao-Geraldo-pag-07-300x200.jpeg 300w\" sizes=\"auto, (max-width: 768px) 100vw, 768px\" \/><\/figure>\n\n\n\n<p>Os moradores do bairro S\u00e3o Geraldo e de toda essa regi\u00e3o, ter\u00e3o a oportunidade de apresentar suas demandas diretamente \u00e0 Prefeitura de Arax\u00e1 e tamb\u00e9m, de ter acesso a mais de 40 servi\u00e7os gratuitos. J\u00e1 \u00e9 a 6\u00aa edi\u00e7\u00e3o do programa Prefeitura no Bairro, que ir\u00e1 acontecer no pr\u00f3ximo dia 27 de agosto, na Pra\u00e7a Santa Catarina, a partir das 8h.<br><br>Desta vez, ser\u00e3o realizados o agendamento da 1\u00aa via de identidade, vacina\u00e7\u00e3o contra a Covid e Poliomielite, acesso a programas sociais, orienta\u00e7\u00e3o para a abertura de empresas, recolhimento de eletroeletr\u00f4nicos, atividades voltadas para o p\u00fablico infantil e muitos outros projetos desenvolvidos pela Prefeitura de Arax\u00e1. Todas as a\u00e7\u00f5es, levam os projetos da Administra\u00e7\u00e3o Municipal mais pr\u00f3ximo ao cidad\u00e3o e torna mais eficiente as estrat\u00e9gias de atendimento da gest\u00e3o p\u00fablica.<br><br>O programa Prefeitura no Bairro levar\u00e1 atendimentos nas \u00e1reas de A\u00e7\u00e3o Social, Sa\u00fade, Seguran\u00e7a, Educa\u00e7\u00e3o, Cidadania, Infraestrutura, Direitos Humanos, Acolhimento \u00e0 Mulher, Meio Ambiente, Trabalho e Emprego, Habita\u00e7\u00e3o, Cultura, Esporte, Lazer e Agricultura. O Gabinete do Prefeito e a Secretaria de Governo tamb\u00e9m estar\u00e3o \u00e0 disposi\u00e7\u00e3o para ouvir as demandas da popula\u00e7\u00e3o. O programa prev\u00ea um evento peri\u00f3dico, uma vez por m\u00eas, contemplando todas as regi\u00f5es do munic\u00edpio e todas as informa\u00e7\u00f5es s\u00e3o sempre divulgadas nas redes oficiais da Prefeitura.<br><br><br><\/p>\n","protected":false},"excerpt":{"rendered":"<p>Os moradores do bairro S\u00e3o Geraldo e de toda essa regi\u00e3o, ter\u00e3o a oportunidade de apresentar suas demandas diretamente \u00e0<\/p>\n","protected":false},"author":2,"featured_media":2438,"comment_status":"open","ping_status":"open","sticky":false,"template":"","format":"standard","meta":{"footnotes":""},"categories":[9,11],"tags":[],"class_list":["post-2437","post","type-post","status-publish","format-standard","has-post-thumbnail","hentry","category-araxa","category-destaques"],"_links":{"self":[{"href":"http:\/\/blogdoarmindomaia.com.br\/index.php?rest_route=\/wp\/v2\/posts\/2437","targetHints":{"allow":["GET"]}}],"collection":[{"href":"http:\/\/blogdoarmindomaia.com.br\/index.php?rest_route=\/wp\/v2\/posts"}],"about":[{"href":"http:\/\/blogdoarmindomaia.com.br\/index.php?rest_route=\/wp\/v2\/types\/post"}],"author":[{"embeddable":true,"href":"http:\/\/blogdoarmindomaia.com.br\/index.php?rest_route=\/wp\/v2\/users\/2"}],"replies":[{"embeddable":true,"href":"http:\/\/blogdoarmindomaia.com.br\/index.php?rest_route=%2Fwp%2Fv2%2Fcomments&post=2437"}],"version-history":[{"count":1,"href":"http:\/\/blogdoarmindomaia.com.br\/index.php?rest_route=\/wp\/v2\/posts\/2437\/revisions"}],"predecessor-version":[{"id":2439,"href":"http:\/\/blogdoarmindomaia.com.br\/index.php?rest_route=\/wp\/v2\/posts\/2437\/revisions\/2439"}],"wp:featuredmedia":[{"embeddable":true,"href":"http:\/\/blogdoarmindomaia.com.br\/index.php?rest_route=\/wp\/v2\/media\/2438"}],"wp:attachment":[{"href":"http:\/\/blogdoarmindomaia.com.br\/index.php?rest_route=%2Fwp%2Fv2%2Fmedia&parent=2437"}],"wp:term":[{"taxonomy":"category","embeddable":true,"href":"http:\/\/blogdoarmindomaia.com.br\/index.php?rest_route=%2Fwp%2Fv2%2Fcategories&post=2437"},{"taxonomy":"post_tag","embeddable":true,"href":"http:\/\/blogdoarmindomaia.com.br\/index.php?rest_route=%2Fwp%2Fv2%2Ftags&post=2437"}],"curies":[{"name":"wp","href":"https:\/\/api.w.org\/{rel}","templated":true}]}}