{"id":2450,"date":"2022-08-26T14:37:05","date_gmt":"2022-08-26T17:37:05","guid":{"rendered":"http:\/\/blogdoarmindomaia.com.br\/?p=2450"},"modified":"2022-08-26T14:37:07","modified_gmt":"2022-08-26T17:37:07","slug":"sao-geraldo-recebe-a-6a-edicao-do-prefeitura-no-bairro-neste-sabado","status":"publish","type":"post","link":"http:\/\/blogdoarmindomaia.com.br\/?p=2450","title":{"rendered":"<strong>S\u00e3o Geraldo recebe a 6\u00aa Edi\u00e7\u00e3o do Prefeitura no Bairro neste s\u00e1bado<\/strong>"},"content":{"rendered":"\n<figure class=\"wp-block-image size-full\"><img loading=\"lazy\" decoding=\"async\" width=\"768\" height=\"512\" src=\"http:\/\/blogdoarmindomaia.com.br\/wp-content\/uploads\/2022\/08\/prefeitura-no-bairro.jpg\" alt=\"\" class=\"wp-image-2451\" srcset=\"http:\/\/blogdoarmindomaia.com.br\/wp-content\/uploads\/2022\/08\/prefeitura-no-bairro.jpg 768w, http:\/\/blogdoarmindomaia.com.br\/wp-content\/uploads\/2022\/08\/prefeitura-no-bairro-300x200.jpg 300w\" sizes=\"auto, (max-width: 768px) 100vw, 768px\" \/><\/figure>\n\n\n\n<p>Mais uma vez, o Governo Municipal vai estar mais pr\u00f3ximo do cidad\u00e3o. O projeto Prefeitura no Bairro chega \u00e0 6\u00aa edi\u00e7\u00e3o e oferece, de forma gratuita, mais de 40 servi\u00e7os para a popula\u00e7\u00e3o do bairro S\u00e3o Geraldo e de todo o Setor Oeste. O encontro acontece neste s\u00e1bado (27), das 8h \u00e0s 12h, na Pra\u00e7a Antenor Afonso, conhecida como Pra\u00e7a Santa Catarina. Os moradores poder\u00e3o tirar d\u00favidas, sugerir e reivindicar a\u00e7\u00f5es para seu bairro.<br><br>A cada edi\u00e7\u00e3o, o projeto vem atraindo um n\u00famero maior de p\u00fablico e surpreendendo os araxaenses com as atividades oferecidas para toda a fam\u00edlia e de diferentes idades. S\u00e3o servi\u00e7os como vacina\u00e7\u00e3o, cadastros para programas sociais, recolhimento de eletroeletr\u00f4nicos (pilhas, baterias, celulares, etc), isen\u00e7\u00e3o de IPTU para aposentados e pensionistas e diversos outros atendimentos. Nesta edi\u00e7\u00e3o, a popula\u00e7\u00e3o pode contar ainda com corte de cabelo, ado\u00e7\u00e3o de c\u00e3es e atendimento veterin\u00e1rio.&nbsp;<br><br>O prefeito Robson Magela fala sobre a alegria de poder participar de a\u00e7\u00f5es como a Prefeitura no Bairro. \u201cEsses encontros diretos com a popula\u00e7\u00e3o se transformam em estrat\u00e9gias mais eficientes para solucionar os desafios que encontramos na administra\u00e7\u00e3o. \u00c9 a comunidade que vivencia diariamente com a realidade de onde moram e, por isso, conseguem mostrar quais a\u00e7\u00f5es s\u00e3o necess\u00e1rias para o local\u201d, relata.<\/p>\n\n\n\n<p><br>Principais servi\u00e7os que ser\u00e3o oferecidos \u00e0 popula\u00e7\u00e3o:<br><br><strong>GABINETE DO PREFEITO E SECRETARIA DE GOVERNO<\/strong><br>\u2022 Atendimento<br><br><strong>SA\u00daDE<\/strong><br>\u2022 Vacina\u00e7\u00e3o contra a Covid-19;<br>\u2022 Vacina\u00e7\u00e3o de rotina &#8211; Influenza, Triviral, Febre Amarela, Hepatite B, T\u00e9tano, HPV (meninas a partir de 9 anos e meninos a partir de 11 anos), Meningoc\u00f3cica ACWY (meninas e meninos a partir de 11 anos);<br>\u2022 Dia D Municipal com vacina\u00e7\u00e3o contra a Poliomielite e Multivacina\u00e7\u00e3o;<br>\u2022 Orienta\u00e7\u00e3o Nutricional;<br>\u2022 Atualiza\u00e7\u00e3o do Cart\u00e3o do SUS;<br>\u2022 Orienta\u00e7\u00f5es sobre Sa\u00fade da Mulher;<br>\u2022 Aferi\u00e7\u00e3o de press\u00e3o arterial;<br>\u2022 Orienta\u00e7\u00e3o Postural.<br><br><strong>SOCIAL<\/strong><br>\u2022 Informa\u00e7\u00f5es e Cadastro de Programa M\u00e3os \u00e0 Obra;<br>\u2022 Cadastro do Programa Planta Popular (Habitacional);<br>\u2022 Atualiza\u00e7\u00e3o do Cadastro \u00danico;<br>\u2022 Cadastro do Programa Renda B\u00e1sica;<br>\u2022 Orienta\u00e7\u00e3o do ID Jovem;<br>\u2022 Atendimento e Acolhimento \u00e0 Mulher;<br>\u2022 Doa\u00e7\u00e3o de Mudas (Pequeno Jardineiro);<br>\u2022 Cadastro Acessuas e Confec\u00e7\u00e3o de Curr\u00edculos;<br>\u2022 Corte de cabelo.<br><br><strong>PROCON<\/strong><br>\u2022 Atendimento ao p\u00fablico para reclama\u00e7\u00f5es relativas ao consumo, finan\u00e7as, telefonia e outras.<br><br><strong>SINE<\/strong><br>\u2022 Atendimento sobre vagas de emprego e cadastro de trabalhadores;<br>\u2022 Orienta\u00e7\u00e3o de carreira com a presen\u00e7a de psic\u00f3logo.<br><br><strong>DESENVOLVIMENTO ECON\u00d4MICO<\/strong><br>\u2022 Sala do Empreendedor: como abrir sua pr\u00f3pria empresa;<br>\u2022 Orienta\u00e7\u00e3o sobre o Projeto Arax\u00e1 Empreendedora;<br>\u2022 Inscri\u00e7\u00f5es para cursos de qualifica\u00e7\u00e3o e capacita\u00e7\u00e3o.<br><br><strong>TURISMO<\/strong><br>\u2022 Apresenta\u00e7\u00e3o do Plano Municipal do Turismo;<br>\u2022 Amostra dos Pontos Tur\u00edsticos da cidade;<br>\u2022 Amostra de Produtos.<br><br><strong>IPDSA &#8211; MEIO AMBIENTE<\/strong><br>\u2022 Recolhimento de eletroeletr\u00f4nicos (pilhas, baterias, celulares, etc);<br>\u2022 Requerimento de poda de \u00e1rvores em cal\u00e7ada;<br>\u2022 Coleta de material recicl\u00e1vel.<br><br><strong>EDUCA\u00c7\u00c3O<\/strong><br>\u2022 Orienta\u00e7\u00e3o para educa\u00e7\u00e3o dos filhos;<br>\u2022 Busca ativa de crian\u00e7as de 0 a 5 anos que est\u00e3o fora da escola;<br>\u2022 Busca Ativa de Jovens e Adultos que n\u00e3o completaram o ensino fundamental;<br>\u2022 Biblioteca M\u00f3vel e Conta\u00e7\u00e3o de Hist\u00f3rias.<br><br><strong>OBRAS P\u00daBLICAS E MOBILIDADE URBANA<\/strong><br>\u2022 Apresenta\u00e7\u00e3o de Projetos das Obras da Prefeitura;<br>\u2022 Requerimento de Tapa-Buracos;<br>\u2022 Requerimento de Limpeza Urbana;<br>\u2022 Requerimento de Ilumina\u00e7\u00e3o P\u00fablica.<br><br><strong>AGRICULTURA E PECU\u00c1RIA<\/strong><br>\u2022 Cadastro de Produtores;<br>\u2022 Como obter o SIM (Selo de Inspe\u00e7\u00e3o Municipal);<br>\u2022 Inscri\u00e7\u00f5es de Programas.<br><br><strong>ESPORTES<\/strong><br>\u2022 Recrea\u00e7\u00e3o;<br>\u2022 Gin\u00e1stica para Terceira Idade;<br>\u2022 Projeto Viva a Vida;<br>\u2022 Aula Funcional.<br><br><strong>FAZENDA, PLANEJAMENTO E GEST\u00c3O<\/strong><br>\u2022 Rec\u00e1lculo de parcelas atrasadas de IPTU e D\u00edvida Ativa;<br>\u2022 Emiss\u00e3o de guias de IPTU;<br>\u2022 Isen\u00e7\u00e3o de IPTU para aposentados e pensionistas;<br>\u2022 Orienta\u00e7\u00f5es tribut\u00e1rias;<br>\u2022 Orienta\u00e7\u00f5es e preenchimentos de requerimentos de isen\u00e7\u00f5es e outros.<br><br><strong>SEGURAN\u00c7A P\u00daBLICA<\/strong><br>\u2022 Agendamento para emiss\u00e3o de 1\u00aa via de Identidade;<br>\u2022 Emiss\u00e3o de Cart\u00e3o de Estacionamento para Idoso;<br>\u2022 Emiss\u00e3o de Estacionamento para Deficiente.<br><br><strong>CULTURA<\/strong><br>\u2022 Cadastro de Artistas;<br>\u2022 Apresenta\u00e7\u00e3o Musical;<br>\u2022 Oficinas Culturais.<br><br><strong>IPREMA<\/strong><br>\u2022 Orienta\u00e7\u00e3o Previdenci\u00e1ria (Regime Geral e Iprema).<br><br><strong>VIGIL\u00c2NCIA EM SA\u00daDE<\/strong><br>\u2022 Atendimentos Cerest;<br>\u2022 Exames CTA;<br>\u2022 Atendimento veterin\u00e1rio;<br>\u2022 Ado\u00e7\u00e3o de C\u00e3es;<br>\u2022 Orienta\u00e7\u00e3o Dengue e Animais Pe\u00e7onhentos.&nbsp;&nbsp;<br><\/p>\n\n\n\n<p>&#8212;<\/p>\n","protected":false},"excerpt":{"rendered":"<p>Mais uma vez, o Governo Municipal vai estar mais pr\u00f3ximo do cidad\u00e3o. O projeto Prefeitura no Bairro chega \u00e0 6\u00aa<\/p>\n","protected":false},"author":2,"featured_media":2451,"comment_status":"open","ping_status":"open","sticky":false,"template":"","format":"standard","meta":{"footnotes":""},"categories":[9,11],"tags":[],"class_list":["post-2450","post","type-post","status-publish","format-standard","has-post-thumbnail","hentry","category-araxa","category-destaques"],"_links":{"self":[{"href":"http:\/\/blogdoarmindomaia.com.br\/index.php?rest_route=\/wp\/v2\/posts\/2450","targetHints":{"allow":["GET"]}}],"collection":[{"href":"http:\/\/blogdoarmindomaia.com.br\/index.php?rest_route=\/wp\/v2\/posts"}],"about":[{"href":"http:\/\/blogdoarmindomaia.com.br\/index.php?rest_route=\/wp\/v2\/types\/post"}],"author":[{"embeddable":true,"href":"http:\/\/blogdoarmindomaia.com.br\/index.php?rest_route=\/wp\/v2\/users\/2"}],"replies":[{"embeddable":true,"href":"http:\/\/blogdoarmindomaia.com.br\/index.php?rest_route=%2Fwp%2Fv2%2Fcomments&post=2450"}],"version-history":[{"count":1,"href":"http:\/\/blogdoarmindomaia.com.br\/index.php?rest_route=\/wp\/v2\/posts\/2450\/revisions"}],"predecessor-version":[{"id":2452,"href":"http:\/\/blogdoarmindomaia.com.br\/index.php?rest_route=\/wp\/v2\/posts\/2450\/revisions\/2452"}],"wp:featuredmedia":[{"embeddable":true,"href":"http:\/\/blogdoarmindomaia.com.br\/index.php?rest_route=\/wp\/v2\/media\/2451"}],"wp:attachment":[{"href":"http:\/\/blogdoarmindomaia.com.br\/index.php?rest_route=%2Fwp%2Fv2%2Fmedia&parent=2450"}],"wp:term":[{"taxonomy":"category","embeddable":true,"href":"http:\/\/blogdoarmindomaia.com.br\/index.php?rest_route=%2Fwp%2Fv2%2Fcategories&post=2450"},{"taxonomy":"post_tag","embeddable":true,"href":"http:\/\/blogdoarmindomaia.com.br\/index.php?rest_route=%2Fwp%2Fv2%2Ftags&post=2450"}],"curies":[{"name":"wp","href":"https:\/\/api.w.org\/{rel}","templated":true}]}}