{"id":2453,"date":"2022-08-26T14:43:33","date_gmt":"2022-08-26T17:43:33","guid":{"rendered":"http:\/\/blogdoarmindomaia.com.br\/?p=2453"},"modified":"2022-08-26T14:43:35","modified_gmt":"2022-08-26T17:43:35","slug":"araxa-confirma-primeiro-caso-de-variola-dos-macacos","status":"publish","type":"post","link":"http:\/\/blogdoarmindomaia.com.br\/?p=2453","title":{"rendered":"Arax\u00e1 confirma primeiro caso de var\u00edola dos macacos"},"content":{"rendered":"\n<figure class=\"wp-block-image size-large\"><img loading=\"lazy\" decoding=\"async\" width=\"1024\" height=\"753\" src=\"http:\/\/blogdoarmindomaia.com.br\/wp-content\/uploads\/2022\/08\/credito-foto-Alamy-1024x753.jpg\" alt=\"\" class=\"wp-image-2454\" srcset=\"http:\/\/blogdoarmindomaia.com.br\/wp-content\/uploads\/2022\/08\/credito-foto-Alamy-1024x753.jpg 1024w, http:\/\/blogdoarmindomaia.com.br\/wp-content\/uploads\/2022\/08\/credito-foto-Alamy-300x221.jpg 300w, http:\/\/blogdoarmindomaia.com.br\/wp-content\/uploads\/2022\/08\/credito-foto-Alamy-768x565.jpg 768w, http:\/\/blogdoarmindomaia.com.br\/wp-content\/uploads\/2022\/08\/credito-foto-Alamy.jpg 1300w\" sizes=\"auto, (max-width: 1024px) 100vw, 1024px\" \/><\/figure>\n\n\n\n<p>A Secretaria Municipal de Sa\u00fade comunica que o primeiro paciente confirmado com var\u00edola dos macacos \u00e9 um homem de 36 anos, cuja suspeita era investigada desde o dia 20 de agosto. O caso foi registrado na rede particular. Ele recebeu orienta\u00e7\u00f5es da equipe de sa\u00fade para manuten\u00e7\u00e3o de isolamento e quarentena at\u00e9 o controle total da infec\u00e7\u00e3o.<br><br>Ainda segundo a secretaria, na ter\u00e7a-feira (23) foi coletada uma amostra para realiza\u00e7\u00e3o de um exame de um novo caso suspeito, pela Funda\u00e7\u00e3o Ezequiel Dias (Funed). As notifica\u00e7\u00f5es ocorreram no dia 19 e 22 de agosto.<br><br>As investiga\u00e7\u00f5es seguem o protocolo definido pelo Minist\u00e9rio da Sa\u00fade e Secretaria de Estado de Sa\u00fade. Os casos suspeitos s\u00e3o comunicados imediatamente ao Centro de Informa\u00e7\u00f5es Estrat\u00e9gicas em Vigil\u00e2ncia em Sa\u00fade (Cievs)-MG, que comp\u00f5e a Rede Nacional de Alerta e Resposta \u00e0s Emerg\u00eancias em Sa\u00fade P\u00fablica, conforme protocolo estabelecido.<br><br><strong>O que \u00e9 a var\u00edola dos macacos?<br><\/strong><br>A var\u00edola dos macacos \u00e9 uma doen\u00e7a viral rara transmitida pelo contato pr\u00f3ximo com uma pessoa infectada.<br><br>A transmiss\u00e3o pode ocorrer pelas seguintes formas:<br><br>\u2022 Por contato com o v\u00edrus: com um animal, pessoa ou materiais infectados, incluindo atrav\u00e9s de mordidas e arranh\u00f5es de animais, manuseio de ca\u00e7a selvagem ou pelo uso de produtos feitos de animais infectados. Ainda n\u00e3o se sabe qual animal mant\u00e9m o v\u00edrus na natureza, embora os roedores africanos sejam suspeitos de desempenhar um papel na transmiss\u00e3o da var\u00edola \u00e0s pessoas.<br><br>\u2022 De pessoa para pessoa: pelo contato direto com fluidos corporais como sangue e pus, secre\u00e7\u00f5es respirat\u00f3rias ou feridas de uma pessoa infectada, durante o contato \u00edntimo \u2013 inclusive durante o sexo \u2013 e ao beijar, abra\u00e7ar ou tocar partes do corpo com feridas causadas pela doen\u00e7a. Ainda n\u00e3o se sabe se a var\u00edola do macaco pode se espalhar atrav\u00e9s do s\u00eamen ou fluidos vaginais.<br><br>\u2022 Por materiais contaminados que tocaram fluidos corporais ou feridas, como roupas ou len\u00e7\u00f3is.<br><br>\u2022 Da m\u00e3e para o feto atrav\u00e9s da placenta.<br><br>\u2022 Da m\u00e3e para o beb\u00ea durante ou ap\u00f3s o parto, pelo contato pele a pele.<br><br>\u2022 \u00dalceras, les\u00f5es ou feridas na boca tamb\u00e9m podem ser infecciosas, o que significa que o v\u00edrus pode se espalhar pela saliva.<br><br>O indiv\u00edduo que apresentar les\u00f5es s\u00fabitas em mucosas ou erup\u00e7\u00e3o na pele, \u00fanica ou m\u00faltipla em qualquer parte do corpo, estando associado ou n\u00e3o a outros sinais e sintomas tais como: febre, dor no corpo, dor muscular e dor nas costas, deve entrar em contato com o Setor de Vigil\u00e2ncia Epidemiol\u00f3gica, atrav\u00e9s do n\u00famero (34) 99257-1334, onde receber\u00e1 orienta\u00e7\u00f5es sobre condutas a serem seguidas mediante o protocolo da Secretaria de Estado de Sa\u00fade.<br><br>O paciente suspeito ou infectado dever\u00e1 permanecer em isolamento em quarto\/ambiente ventilado mantendo o distanciamento de pelo menos um metro de outros indiv\u00edduos.<br><\/p>\n","protected":false},"excerpt":{"rendered":"<p>A Secretaria Municipal de Sa\u00fade comunica que o primeiro paciente confirmado com var\u00edola dos macacos \u00e9 um homem de 36<\/p>\n","protected":false},"author":2,"featured_media":2454,"comment_status":"open","ping_status":"open","sticky":false,"template":"","format":"standard","meta":{"footnotes":""},"categories":[9,11,29],"tags":[],"class_list":["post-2453","post","type-post","status-publish","format-standard","has-post-thumbnail","hentry","category-araxa","category-destaques","category-saude"],"_links":{"self":[{"href":"http:\/\/blogdoarmindomaia.com.br\/index.php?rest_route=\/wp\/v2\/posts\/2453","targetHints":{"allow":["GET"]}}],"collection":[{"href":"http:\/\/blogdoarmindomaia.com.br\/index.php?rest_route=\/wp\/v2\/posts"}],"about":[{"href":"http:\/\/blogdoarmindomaia.com.br\/index.php?rest_route=\/wp\/v2\/types\/post"}],"author":[{"embeddable":true,"href":"http:\/\/blogdoarmindomaia.com.br\/index.php?rest_route=\/wp\/v2\/users\/2"}],"replies":[{"embeddable":true,"href":"http:\/\/blogdoarmindomaia.com.br\/index.php?rest_route=%2Fwp%2Fv2%2Fcomments&post=2453"}],"version-history":[{"count":1,"href":"http:\/\/blogdoarmindomaia.com.br\/index.php?rest_route=\/wp\/v2\/posts\/2453\/revisions"}],"predecessor-version":[{"id":2455,"href":"http:\/\/blogdoarmindomaia.com.br\/index.php?rest_route=\/wp\/v2\/posts\/2453\/revisions\/2455"}],"wp:featuredmedia":[{"embeddable":true,"href":"http:\/\/blogdoarmindomaia.com.br\/index.php?rest_route=\/wp\/v2\/media\/2454"}],"wp:attachment":[{"href":"http:\/\/blogdoarmindomaia.com.br\/index.php?rest_route=%2Fwp%2Fv2%2Fmedia&parent=2453"}],"wp:term":[{"taxonomy":"category","embeddable":true,"href":"http:\/\/blogdoarmindomaia.com.br\/index.php?rest_route=%2Fwp%2Fv2%2Fcategories&post=2453"},{"taxonomy":"post_tag","embeddable":true,"href":"http:\/\/blogdoarmindomaia.com.br\/index.php?rest_route=%2Fwp%2Fv2%2Ftags&post=2453"}],"curies":[{"name":"wp","href":"https:\/\/api.w.org\/{rel}","templated":true}]}}