{"id":2473,"date":"2022-08-29T14:56:19","date_gmt":"2022-08-29T17:56:19","guid":{"rendered":"http:\/\/blogdoarmindomaia.com.br\/?p=2473"},"modified":"2022-08-29T14:56:21","modified_gmt":"2022-08-29T17:56:21","slug":"nova-central-de-videomonitoramento-e-inaugurada-em-araxa-e-tambem-contempla-a-zona-rural%ef%bf%bc","status":"publish","type":"post","link":"http:\/\/blogdoarmindomaia.com.br\/?p=2473","title":{"rendered":"Nova Central de Videomonitoramento \u00e9 inaugurada em Arax\u00e1 e tamb\u00e9m contempla a zona rural\ufffc"},"content":{"rendered":"\n<figure class=\"wp-block-image size-full\"><img loading=\"lazy\" decoding=\"async\" width=\"1024\" height=\"683\" src=\"http:\/\/blogdoarmindomaia.com.br\/wp-content\/uploads\/2022\/08\/Nova-Central-de-Videomonitoramento-e-inaugurada-em-Araxa-pag-07.jpeg\" alt=\"\" class=\"wp-image-2475\" srcset=\"http:\/\/blogdoarmindomaia.com.br\/wp-content\/uploads\/2022\/08\/Nova-Central-de-Videomonitoramento-e-inaugurada-em-Araxa-pag-07.jpeg 1024w, http:\/\/blogdoarmindomaia.com.br\/wp-content\/uploads\/2022\/08\/Nova-Central-de-Videomonitoramento-e-inaugurada-em-Araxa-pag-07-300x200.jpeg 300w, http:\/\/blogdoarmindomaia.com.br\/wp-content\/uploads\/2022\/08\/Nova-Central-de-Videomonitoramento-e-inaugurada-em-Araxa-pag-07-768x512.jpeg 768w\" sizes=\"auto, (max-width: 1024px) 100vw, 1024px\" \/><\/figure>\n\n\n\n<figure class=\"wp-block-image size-full\"><img loading=\"lazy\" decoding=\"async\" width=\"1024\" height=\"683\" src=\"http:\/\/blogdoarmindomaia.com.br\/wp-content\/uploads\/2022\/08\/Central-de-Videomonitoramento-2.jpeg\" alt=\"\" class=\"wp-image-2474\" srcset=\"http:\/\/blogdoarmindomaia.com.br\/wp-content\/uploads\/2022\/08\/Central-de-Videomonitoramento-2.jpeg 1024w, http:\/\/blogdoarmindomaia.com.br\/wp-content\/uploads\/2022\/08\/Central-de-Videomonitoramento-2-300x200.jpeg 300w, http:\/\/blogdoarmindomaia.com.br\/wp-content\/uploads\/2022\/08\/Central-de-Videomonitoramento-2-768x512.jpeg 768w\" sizes=\"auto, (max-width: 1024px) 100vw, 1024px\" \/><\/figure>\n\n\n\n<p>Mais tecnologia, seguran\u00e7a e prote\u00e7\u00e3o para os araxaenses. A Prefeitura de Arax\u00e1 inaugurou, na \u00faltima sexta-feira (26), a Nova Central de Videomonitoramento \u201cHeber Damico\u201d.<br><br>A estrutura f\u00edsica do novo ambiente foi ampliada e o servi\u00e7o que era feito em um espa\u00e7o de 31m\u00b2 passou a ocupar uma sala de 87m\u00b2, em virtude da tamb\u00e9m amplia\u00e7\u00e3o do n\u00famero de c\u00e2meras de seguran\u00e7a, passando de 56 para 109.<br><br>A prefeitura investiu R$ 1.300.000 por meio de recursos pr\u00f3prios, com a contrata\u00e7\u00e3o de equipamentos mais modernos e softwares avan\u00e7ados para a os servi\u00e7os de vigil\u00e2ncia, identifica\u00e7\u00e3o de autores de acidentes e diversos crimes, assim como tamb\u00e9m para coibir vandalismo e danos ao patrim\u00f4nio p\u00fablico.<br><br>O ato de inaugura\u00e7\u00e3o contou com a presen\u00e7a do prefeito Robson Magela, do secret\u00e1rio de Seguran\u00e7a P\u00fablica, Daniel Rosa, da filha do homenageado, Sther Dias Damico, representantes das for\u00e7as de seguran\u00e7a, vereadores, secret\u00e1rios e vereadores.<br><br>&nbsp;A Nova Central de Videomonitoramento funciona 24 horas, sete dias por semana, sendo um importante e moderno instrumento para promover a seguran\u00e7a da popula\u00e7\u00e3o de Arax\u00e1. S\u00e3o 14 pontos novos no per\u00edmetro urbano e desses, quatro pontos contam com c\u00e2meras de Leitor Autom\u00e1tico de Placas (LPR). O equipamento identifica a cor do ve\u00edculo e permite a capta\u00e7\u00e3o de imagens em situa\u00e7\u00e3o de baix\u00edssima luminosidade.<br><br>De acordo com o prefeito Robson Magela, a amplia\u00e7\u00e3o \u00e9 imprescind\u00edvel, especialmente para a zona rural. \u201cArax\u00e1 est\u00e1 crescendo muito a cada dia e, pensando nisso, n\u00f3s praticamente dobramos o n\u00famero de c\u00e2meras no Centro da cidade, bairros e zona rural. Sabemos o quanto o agroneg\u00f3cio aqui da regi\u00e3o \u00e9 forte e o homem do campo merece o nosso respeito e seguran\u00e7a\u201d, diz.<br><br>Na \u00e1rea rural s\u00e3o 13 pontos, sendo 2 com LPR. Tamb\u00e9m ser\u00e3o implantadas 20 c\u00e2meras fixas de seguran\u00e7a para monitoramento interno em pr\u00e9dios p\u00fablicos. Elas capturam imagens coloridas durante o dia e em preto e branco durante a noite ou em per\u00edodos de baixa luminosidade; classifica o tipo de ve\u00edculo entre carros, vans, \u00f4nibus ou caminh\u00e3o, reconhecendo a cor e o fluxo de dire\u00e7\u00e3o do ve\u00edculo.<br><br>Outra novidade \u00e9 a implanta\u00e7\u00e3o de um poste interativo no Cal\u00e7ad\u00e3o da rua Presidente Oleg\u00e1rio Maciel. O equipamento tem um bot\u00e3o de emerg\u00eancia, onde a popula\u00e7\u00e3o em uma situa\u00e7\u00e3o de den\u00fancia e urg\u00eancia, poder\u00e1 fazer contato direto com a equipe da Central de Videomonitoramento.<br><br>O secret\u00e1rio de Seguran\u00e7a P\u00fablica, Daniel Rosa, destaca que a nova central de videomonitoramento e o totem interativo ir\u00e3o otimizar e atender a popula\u00e7\u00e3o de forma r\u00e1pida e segura.<br><br>Homenagem Heber Damico<br><br>A Nova Central de Videomonitoramento recebeu o nome do ex-servidor Heber Damico, que trabalhou na Guarda Patrimonial por quase sete anos e faleceu de Covid no dia 8 de junho de 2021, aos 55 anos.<\/p>\n","protected":false},"excerpt":{"rendered":"<p>Mais tecnologia, seguran\u00e7a e prote\u00e7\u00e3o para os araxaenses. A Prefeitura de Arax\u00e1 inaugurou, na \u00faltima sexta-feira (26), a Nova Central<\/p>\n","protected":false},"author":2,"featured_media":2474,"comment_status":"open","ping_status":"open","sticky":false,"template":"","format":"standard","meta":{"footnotes":""},"categories":[9,11],"tags":[],"class_list":["post-2473","post","type-post","status-publish","format-standard","has-post-thumbnail","hentry","category-araxa","category-destaques"],"_links":{"self":[{"href":"http:\/\/blogdoarmindomaia.com.br\/index.php?rest_route=\/wp\/v2\/posts\/2473","targetHints":{"allow":["GET"]}}],"collection":[{"href":"http:\/\/blogdoarmindomaia.com.br\/index.php?rest_route=\/wp\/v2\/posts"}],"about":[{"href":"http:\/\/blogdoarmindomaia.com.br\/index.php?rest_route=\/wp\/v2\/types\/post"}],"author":[{"embeddable":true,"href":"http:\/\/blogdoarmindomaia.com.br\/index.php?rest_route=\/wp\/v2\/users\/2"}],"replies":[{"embeddable":true,"href":"http:\/\/blogdoarmindomaia.com.br\/index.php?rest_route=%2Fwp%2Fv2%2Fcomments&post=2473"}],"version-history":[{"count":1,"href":"http:\/\/blogdoarmindomaia.com.br\/index.php?rest_route=\/wp\/v2\/posts\/2473\/revisions"}],"predecessor-version":[{"id":2476,"href":"http:\/\/blogdoarmindomaia.com.br\/index.php?rest_route=\/wp\/v2\/posts\/2473\/revisions\/2476"}],"wp:featuredmedia":[{"embeddable":true,"href":"http:\/\/blogdoarmindomaia.com.br\/index.php?rest_route=\/wp\/v2\/media\/2474"}],"wp:attachment":[{"href":"http:\/\/blogdoarmindomaia.com.br\/index.php?rest_route=%2Fwp%2Fv2%2Fmedia&parent=2473"}],"wp:term":[{"taxonomy":"category","embeddable":true,"href":"http:\/\/blogdoarmindomaia.com.br\/index.php?rest_route=%2Fwp%2Fv2%2Fcategories&post=2473"},{"taxonomy":"post_tag","embeddable":true,"href":"http:\/\/blogdoarmindomaia.com.br\/index.php?rest_route=%2Fwp%2Fv2%2Ftags&post=2473"}],"curies":[{"name":"wp","href":"https:\/\/api.w.org\/{rel}","templated":true}]}}