{"id":2477,"date":"2022-08-29T15:06:56","date_gmt":"2022-08-29T18:06:56","guid":{"rendered":"http:\/\/blogdoarmindomaia.com.br\/?p=2477"},"modified":"2022-08-29T15:06:59","modified_gmt":"2022-08-29T18:06:59","slug":"6a-edicao-do-prefeitura-no-bairro-anuncia-revitalizacao-da-praca-antenor-afonso","status":"publish","type":"post","link":"http:\/\/blogdoarmindomaia.com.br\/?p=2477","title":{"rendered":"<strong>6\u00aa edi\u00e7\u00e3o do Prefeitura no Bairro anuncia revitaliza\u00e7\u00e3o da Pra\u00e7a Antenor Afonso<\/strong>"},"content":{"rendered":"\n<figure class=\"wp-block-image size-full\"><img loading=\"lazy\" decoding=\"async\" width=\"1024\" height=\"683\" src=\"http:\/\/blogdoarmindomaia.com.br\/wp-content\/uploads\/2022\/08\/prefeitura-no-bairro-6.jpeg\" alt=\"\" class=\"wp-image-2478\" srcset=\"http:\/\/blogdoarmindomaia.com.br\/wp-content\/uploads\/2022\/08\/prefeitura-no-bairro-6.jpeg 1024w, http:\/\/blogdoarmindomaia.com.br\/wp-content\/uploads\/2022\/08\/prefeitura-no-bairro-6-300x200.jpeg 300w, http:\/\/blogdoarmindomaia.com.br\/wp-content\/uploads\/2022\/08\/prefeitura-no-bairro-6-768x512.jpeg 768w\" sizes=\"auto, (max-width: 1024px) 100vw, 1024px\" \/><\/figure>\n\n\n\n<figure class=\"wp-block-image size-full\"><img loading=\"lazy\" decoding=\"async\" width=\"1024\" height=\"683\" src=\"http:\/\/blogdoarmindomaia.com.br\/wp-content\/uploads\/2022\/08\/prefeitura-no-bairro-24.jpeg\" alt=\"\" class=\"wp-image-2479\" srcset=\"http:\/\/blogdoarmindomaia.com.br\/wp-content\/uploads\/2022\/08\/prefeitura-no-bairro-24.jpeg 1024w, http:\/\/blogdoarmindomaia.com.br\/wp-content\/uploads\/2022\/08\/prefeitura-no-bairro-24-300x200.jpeg 300w, http:\/\/blogdoarmindomaia.com.br\/wp-content\/uploads\/2022\/08\/prefeitura-no-bairro-24-768x512.jpeg 768w\" sizes=\"auto, (max-width: 1024px) 100vw, 1024px\" \/><\/figure>\n\n\n\n<figure class=\"wp-block-image size-full\"><img loading=\"lazy\" decoding=\"async\" width=\"1024\" height=\"683\" src=\"http:\/\/blogdoarmindomaia.com.br\/wp-content\/uploads\/2022\/08\/prefeitura-no-bairro-3.jpeg\" alt=\"\" class=\"wp-image-2480\" srcset=\"http:\/\/blogdoarmindomaia.com.br\/wp-content\/uploads\/2022\/08\/prefeitura-no-bairro-3.jpeg 1024w, http:\/\/blogdoarmindomaia.com.br\/wp-content\/uploads\/2022\/08\/prefeitura-no-bairro-3-300x200.jpeg 300w, http:\/\/blogdoarmindomaia.com.br\/wp-content\/uploads\/2022\/08\/prefeitura-no-bairro-3-768x512.jpeg 768w\" sizes=\"auto, (max-width: 1024px) 100vw, 1024px\" \/><\/figure>\n\n\n\n<p>A 6\u00aa edi\u00e7\u00e3o do projeto Prefeitura no Bairro, ocorrida no S\u00e3o Geraldo, anunciou a revitaliza\u00e7\u00e3o da Pra\u00e7a Antenor Afonso, popularmente conhecida como Pra\u00e7a Santa Catarina, local que recebeu os mais de 40 servi\u00e7os prestados \u00e0 comunidade no s\u00e1bado passado (27).<br><br>A melhoria, planejada para 2023, consiste na implanta\u00e7\u00e3o de aparelhos de gin\u00e1stica, ilumina\u00e7\u00e3o de Led e h\u00e1 estudos para a constru\u00e7\u00e3o de uma quadra esportiva no espa\u00e7o.<br><br>O evento tamb\u00e9m contou com o Dia D Municipal de Vacina\u00e7\u00e3o contra a Poliomielite e Multivacina\u00e7\u00e3o voltado para crian\u00e7as e adolescentes; al\u00e9m de a\u00e7\u00f5es in\u00e9ditas como atendimento veterin\u00e1rio, corte de cabelo feminino para as moradoras da regi\u00e3o e apresenta\u00e7\u00e3o da Folia de Reis Mirim, com os alunos do Orat\u00f3rio Nossa Senhora Auxiliadora.<br><br>O prefeito Robson Magela refor\u00e7a o compromisso firmado pela gest\u00e3o de aproximar a prefeitura da popula\u00e7\u00e3o. \u201cA revitaliza\u00e7\u00e3o de pra\u00e7as, como anunciamos para o bairro S\u00e3o Geraldo, \u00e9 um dos pilares fundamentais para o desenvolvimento social de uma comunidade. Afeta positivamente a vida das crian\u00e7as, idosos e de toda a fam\u00edlia araxaense&#8221;, destaca.<br><br>A moradora Cl\u00e1udia Helena Borges conta que sempre acompanha os canais oficiais da Administra\u00e7\u00e3o Municipal e, atrav\u00e9s deles, al\u00e9m de se inteirar das melhorias para a cidade, conseguiu se programar para aproveitar os servi\u00e7os do Prefeitura no Bairro.<br><br>\u201cEu fui com a minha filha e meu neto para aproveitar a oportunidade e atualizar o Cart\u00e3o de Vacina\u00e7\u00e3o dele. Eu tamb\u00e9m coloquei em dia a minha 4\u00aa dose contra a Covid-19. Temos muita dificuldade de se locomover, principalmente durante a semana, e ter uma a\u00e7\u00e3o como essa perto da gente facilita demais\u201d, destaca.<br><\/p>\n","protected":false},"excerpt":{"rendered":"<p>A 6\u00aa edi\u00e7\u00e3o do projeto Prefeitura no Bairro, ocorrida no S\u00e3o Geraldo, anunciou a revitaliza\u00e7\u00e3o da Pra\u00e7a Antenor Afonso, popularmente<\/p>\n","protected":false},"author":2,"featured_media":2478,"comment_status":"open","ping_status":"open","sticky":false,"template":"","format":"standard","meta":{"footnotes":""},"categories":[9,11],"tags":[],"class_list":["post-2477","post","type-post","status-publish","format-standard","has-post-thumbnail","hentry","category-araxa","category-destaques"],"_links":{"self":[{"href":"http:\/\/blogdoarmindomaia.com.br\/index.php?rest_route=\/wp\/v2\/posts\/2477","targetHints":{"allow":["GET"]}}],"collection":[{"href":"http:\/\/blogdoarmindomaia.com.br\/index.php?rest_route=\/wp\/v2\/posts"}],"about":[{"href":"http:\/\/blogdoarmindomaia.com.br\/index.php?rest_route=\/wp\/v2\/types\/post"}],"author":[{"embeddable":true,"href":"http:\/\/blogdoarmindomaia.com.br\/index.php?rest_route=\/wp\/v2\/users\/2"}],"replies":[{"embeddable":true,"href":"http:\/\/blogdoarmindomaia.com.br\/index.php?rest_route=%2Fwp%2Fv2%2Fcomments&post=2477"}],"version-history":[{"count":1,"href":"http:\/\/blogdoarmindomaia.com.br\/index.php?rest_route=\/wp\/v2\/posts\/2477\/revisions"}],"predecessor-version":[{"id":2481,"href":"http:\/\/blogdoarmindomaia.com.br\/index.php?rest_route=\/wp\/v2\/posts\/2477\/revisions\/2481"}],"wp:featuredmedia":[{"embeddable":true,"href":"http:\/\/blogdoarmindomaia.com.br\/index.php?rest_route=\/wp\/v2\/media\/2478"}],"wp:attachment":[{"href":"http:\/\/blogdoarmindomaia.com.br\/index.php?rest_route=%2Fwp%2Fv2%2Fmedia&parent=2477"}],"wp:term":[{"taxonomy":"category","embeddable":true,"href":"http:\/\/blogdoarmindomaia.com.br\/index.php?rest_route=%2Fwp%2Fv2%2Fcategories&post=2477"},{"taxonomy":"post_tag","embeddable":true,"href":"http:\/\/blogdoarmindomaia.com.br\/index.php?rest_route=%2Fwp%2Fv2%2Ftags&post=2477"}],"curies":[{"name":"wp","href":"https:\/\/api.w.org\/{rel}","templated":true}]}}