{"id":2494,"date":"2022-08-30T16:18:22","date_gmt":"2022-08-30T19:18:22","guid":{"rendered":"http:\/\/blogdoarmindomaia.com.br\/?p=2494"},"modified":"2022-08-30T16:18:24","modified_gmt":"2022-08-30T19:18:24","slug":"ampara-oferece-atendimento-fisioterapeutico-aos-assistidos%ef%bf%bc","status":"publish","type":"post","link":"http:\/\/blogdoarmindomaia.com.br\/?p=2494","title":{"rendered":"Ampara oferece atendimento fisioterap\u00eautico aos assistidos\ufffc"},"content":{"rendered":"\n<figure class=\"wp-block-image size-large\"><img loading=\"lazy\" decoding=\"async\" width=\"1024\" height=\"682\" src=\"http:\/\/blogdoarmindomaia.com.br\/wp-content\/uploads\/2022\/08\/f-fisioterapia-assistidos-ampara-2-1024x682.jpeg\" alt=\"\" class=\"wp-image-2496\" srcset=\"http:\/\/blogdoarmindomaia.com.br\/wp-content\/uploads\/2022\/08\/f-fisioterapia-assistidos-ampara-2-1024x682.jpeg 1024w, http:\/\/blogdoarmindomaia.com.br\/wp-content\/uploads\/2022\/08\/f-fisioterapia-assistidos-ampara-2-300x200.jpeg 300w, http:\/\/blogdoarmindomaia.com.br\/wp-content\/uploads\/2022\/08\/f-fisioterapia-assistidos-ampara-2-768x512.jpeg 768w, http:\/\/blogdoarmindomaia.com.br\/wp-content\/uploads\/2022\/08\/f-fisioterapia-assistidos-ampara-2.jpeg 1280w\" sizes=\"auto, (max-width: 1024px) 100vw, 1024px\" \/><\/figure>\n\n\n\n<figure class=\"wp-block-image size-large\"><img loading=\"lazy\" decoding=\"async\" width=\"1024\" height=\"682\" src=\"http:\/\/blogdoarmindomaia.com.br\/wp-content\/uploads\/2022\/08\/f-fisioterapia-assistidos-ampara-1-1024x682.jpeg\" alt=\"\" class=\"wp-image-2497\" srcset=\"http:\/\/blogdoarmindomaia.com.br\/wp-content\/uploads\/2022\/08\/f-fisioterapia-assistidos-ampara-1-1024x682.jpeg 1024w, http:\/\/blogdoarmindomaia.com.br\/wp-content\/uploads\/2022\/08\/f-fisioterapia-assistidos-ampara-1-300x200.jpeg 300w, http:\/\/blogdoarmindomaia.com.br\/wp-content\/uploads\/2022\/08\/f-fisioterapia-assistidos-ampara-1-768x512.jpeg 768w, http:\/\/blogdoarmindomaia.com.br\/wp-content\/uploads\/2022\/08\/f-fisioterapia-assistidos-ampara-1.jpeg 1280w\" sizes=\"auto, (max-width: 1024px) 100vw, 1024px\" \/><\/figure>\n\n\n\n<figure class=\"wp-block-image size-large\"><img loading=\"lazy\" decoding=\"async\" width=\"1024\" height=\"682\" src=\"http:\/\/blogdoarmindomaia.com.br\/wp-content\/uploads\/2022\/08\/Ampara-oferece-atendimento-fisioterapeutico-pag-08-1024x682.jpeg\" alt=\"\" class=\"wp-image-2495\" srcset=\"http:\/\/blogdoarmindomaia.com.br\/wp-content\/uploads\/2022\/08\/Ampara-oferece-atendimento-fisioterapeutico-pag-08-1024x682.jpeg 1024w, http:\/\/blogdoarmindomaia.com.br\/wp-content\/uploads\/2022\/08\/Ampara-oferece-atendimento-fisioterapeutico-pag-08-300x200.jpeg 300w, http:\/\/blogdoarmindomaia.com.br\/wp-content\/uploads\/2022\/08\/Ampara-oferece-atendimento-fisioterapeutico-pag-08-768x512.jpeg 768w, http:\/\/blogdoarmindomaia.com.br\/wp-content\/uploads\/2022\/08\/Ampara-oferece-atendimento-fisioterapeutico-pag-08.jpeg 1280w\" sizes=\"auto, (max-width: 1024px) 100vw, 1024px\" \/><\/figure>\n\n\n\n<p>Investindo em mais bem-estar para os assistidos, a Associa\u00e7\u00e3o de Amparo \u00e0s Pessoas com C\u00e2ncer de Arax\u00e1 (Ampara) passa a contar com o tratamento de fisioterapia.&nbsp; Os atendimentos s\u00e3o realizados no Centro de Traumatologia Ortopedia e Oftalmologia (CTO), situado na avenida Aracely de Paula, 1730, Centro.<\/p>\n\n\n\n<p>A fisioterapeuta Ana Cristina de Faria recebe os pacientes com muito amor e bastante compreens\u00e3o para contribuir com t\u00e9cnicas que trazem paz e tranquilidade para todos. \u201cA fisioterapia para o paciente que faz tratamento oncol\u00f3gico \u00e9 fundamental porque traz ele de volta para a sociedade. Muitas vezes, fica constrangido de sair de casa, com receio pela dor, perda de cabelo ou \u00e9 necess\u00e1rio fazer uma cirurgia mais agressiva. Hoje a fisioterapia tem condi\u00e7\u00f5es de trabalhar com o paciente fazendo que ele se sinta melhor\u201d.<\/p>\n\n\n\n<p>Para Ana, o tratamento, al\u00e9m de f\u00edsico, tamb\u00e9m \u00e9 emocional e proporciona auto-estima. Esse \u00e9 o caso da paciente Solange Imaculada de Oliveira Carvalho, de 58 anos. \u201cO tratamento est\u00e1 sendo importante. Minha vida mudou totalmente. Estava em um momento depressivo e fiz cirurgia do c\u00e2ncer. Estou curada. Aqui \u00e9 perfeito\u201d, relata uma das pacientes.<\/p>\n\n\n\n<p>Mais informa\u00e7\u00f5es, basta entrar em contato pelo n\u00famero 3612-1611 ou presencialmente na avenida Senador Montandon, 98, no Centro de Arax\u00e1.<\/p>\n","protected":false},"excerpt":{"rendered":"<p>Investindo em mais bem-estar para os assistidos, a Associa\u00e7\u00e3o de Amparo \u00e0s Pessoas com C\u00e2ncer de Arax\u00e1 (Ampara) passa a<\/p>\n","protected":false},"author":2,"featured_media":2496,"comment_status":"open","ping_status":"open","sticky":false,"template":"","format":"standard","meta":{"footnotes":""},"categories":[9,29],"tags":[],"class_list":["post-2494","post","type-post","status-publish","format-standard","has-post-thumbnail","hentry","category-araxa","category-saude"],"_links":{"self":[{"href":"http:\/\/blogdoarmindomaia.com.br\/index.php?rest_route=\/wp\/v2\/posts\/2494","targetHints":{"allow":["GET"]}}],"collection":[{"href":"http:\/\/blogdoarmindomaia.com.br\/index.php?rest_route=\/wp\/v2\/posts"}],"about":[{"href":"http:\/\/blogdoarmindomaia.com.br\/index.php?rest_route=\/wp\/v2\/types\/post"}],"author":[{"embeddable":true,"href":"http:\/\/blogdoarmindomaia.com.br\/index.php?rest_route=\/wp\/v2\/users\/2"}],"replies":[{"embeddable":true,"href":"http:\/\/blogdoarmindomaia.com.br\/index.php?rest_route=%2Fwp%2Fv2%2Fcomments&post=2494"}],"version-history":[{"count":1,"href":"http:\/\/blogdoarmindomaia.com.br\/index.php?rest_route=\/wp\/v2\/posts\/2494\/revisions"}],"predecessor-version":[{"id":2498,"href":"http:\/\/blogdoarmindomaia.com.br\/index.php?rest_route=\/wp\/v2\/posts\/2494\/revisions\/2498"}],"wp:featuredmedia":[{"embeddable":true,"href":"http:\/\/blogdoarmindomaia.com.br\/index.php?rest_route=\/wp\/v2\/media\/2496"}],"wp:attachment":[{"href":"http:\/\/blogdoarmindomaia.com.br\/index.php?rest_route=%2Fwp%2Fv2%2Fmedia&parent=2494"}],"wp:term":[{"taxonomy":"category","embeddable":true,"href":"http:\/\/blogdoarmindomaia.com.br\/index.php?rest_route=%2Fwp%2Fv2%2Fcategories&post=2494"},{"taxonomy":"post_tag","embeddable":true,"href":"http:\/\/blogdoarmindomaia.com.br\/index.php?rest_route=%2Fwp%2Fv2%2Ftags&post=2494"}],"curies":[{"name":"wp","href":"https:\/\/api.w.org\/{rel}","templated":true}]}}