{"id":2505,"date":"2022-08-31T10:53:22","date_gmt":"2022-08-31T13:53:22","guid":{"rendered":"http:\/\/blogdoarmindomaia.com.br\/?p=2505"},"modified":"2022-08-31T10:53:24","modified_gmt":"2022-08-31T13:53:24","slug":"festival-dancaraxa-2022-acontece-na-proxima-semana","status":"publish","type":"post","link":"http:\/\/blogdoarmindomaia.com.br\/?p=2505","title":{"rendered":"Festival Dan\u00e7arax\u00e1 2022 acontece na pr\u00f3xima semana"},"content":{"rendered":"\n<figure class=\"wp-block-image size-full\"><img loading=\"lazy\" decoding=\"async\" width=\"1001\" height=\"1001\" src=\"http:\/\/blogdoarmindomaia.com.br\/wp-content\/uploads\/2022\/08\/Festival-Dancaraxa-2022-acontece-na-proxima-semana-pag-06.png\" alt=\"\" class=\"wp-image-2506\" srcset=\"http:\/\/blogdoarmindomaia.com.br\/wp-content\/uploads\/2022\/08\/Festival-Dancaraxa-2022-acontece-na-proxima-semana-pag-06.png 1001w, http:\/\/blogdoarmindomaia.com.br\/wp-content\/uploads\/2022\/08\/Festival-Dancaraxa-2022-acontece-na-proxima-semana-pag-06-300x300.png 300w, http:\/\/blogdoarmindomaia.com.br\/wp-content\/uploads\/2022\/08\/Festival-Dancaraxa-2022-acontece-na-proxima-semana-pag-06-150x150.png 150w, http:\/\/blogdoarmindomaia.com.br\/wp-content\/uploads\/2022\/08\/Festival-Dancaraxa-2022-acontece-na-proxima-semana-pag-06-768x768.png 768w\" sizes=\"auto, (max-width: 1001px) 100vw, 1001px\" \/><\/figure>\n\n\n\n<p>O evento acontece de 7 a 11 de setembro e marca o retorno presencial dos dan\u00e7arinos.<\/p>\n\n\n\n<p>Em 2020, em virtude do momento de pandemia, evento foi realizado de forma 100% virtual e obteve aproximadamente 500 dan\u00e7arinos inscritos de mais de 70 escolas, colocando o festival aliado \u00e0 tecnologia e inova\u00e7\u00e3o.<\/p>\n\n\n\n<p>Neste ano, 21\u00ba Dan\u00e7arax\u00e1 2022 retorna suas competi\u00e7\u00f5es de forma presencial, reafirmando a sua refer\u00eancia como um dos maiores festivais competitivos de dan\u00e7a do pa\u00eds, reunindo 1.350 participantes de 61 escolas, advindos de 22 cidades diferentes, para a apresenta\u00e7\u00e3o de aproximadamente 500 coreografias.<\/p>\n\n\n\n<p>E n\u00e3o \u00e9 por acaso que o evento \u00e9 uma refer\u00eancia para o setor, ele tamb\u00e9m possui uma das maiores premia\u00e7\u00f5es do Brasil, com um total de 7 mil reais em pr\u00eamios. Al\u00e9m disso, ir\u00e1 contar com um corpo de jurados composto por profissionais da dan\u00e7a de renome como Adriana Assaf, Emaline Laia, Everson Botelho (Beka) e J\u00falio C\u00e9sar Estevam.<\/p>\n\n\n\n<p>De acordo com Elaine Afonso Borges, organizadora do evento, \u201co retorno presencial foi muito esperado, pois marca o reencontro dos bailarinos para integra\u00e7\u00e3o e troca de experi\u00eancias, que aprimoram o n\u00edvel dos competidores e diretores, proporcionando ainda mais a forma\u00e7\u00e3o humana e cultural em torno da dan\u00e7a.\u201d Para a promotora do festival, Tassiana Ara\u00fajo, \u201cEstes dan\u00e7arinos, que v\u00eam acompanhados por familiares e diretores, geram uma grande movimenta\u00e7\u00e3o na cidade, proporcionando fluxo em hot\u00e9is, bares e restaurantes, movimentando o com\u00e9rcio de Arax\u00e1.\u201d<\/p>\n\n\n\n<p>O 21\u00ba Dan\u00e7arax\u00e1 ser\u00e1 realizado entre os dias 7 e 11 de setembro, no Teatro Municipal Maximiliano Rocha, conta com a entrada livre e gratuita, e acessibilidade atrav\u00e9s de profissional de libras. Devido \u00e0 capacidade m\u00e1xima do local para 300 pessoas, os ingressos foram entregues antecipadamente e com prioridade para os diretores e respons\u00e1veis dos dan\u00e7arinos. Os competidores poder\u00e3o assistir as apresenta\u00e7\u00f5es em um tel\u00e3o montado na estrutura externa exclusiva, no Teatro Arena. A programa\u00e7\u00e3o oficial est\u00e1 dispon\u00edvel pelo site: www.dancaraxa.art.br<\/p>\n\n\n\n<p>O Festival tem projetos aprovados pela Lei de Incentivo \u00e0 Cultura, da Secretaria Especial de Cultura do Minist\u00e9rio do Turismo, tamb\u00e9m conta com a Lei Estadual de Incentivo \u00e0 Cultura, da Secretaria de Cultura, e a promo\u00e7\u00e3o pela Elaine e Cia. Produ\u00e7\u00f5es e Tassiana Produ\u00e7\u00f5es Art\u00edsticas que, juntamente com o patroc\u00ednio da CBMM e Funda\u00e7\u00e3o Rio Branco dentre outros parceiros, reconhecem a arte da dan\u00e7a como um importante fomentador para a qualidade de vida e bem estar social.<\/p>\n","protected":false},"excerpt":{"rendered":"<p>O evento acontece de 7 a 11 de setembro e marca o retorno presencial dos dan\u00e7arinos. Em 2020, em virtude<\/p>\n","protected":false},"author":2,"featured_media":2506,"comment_status":"open","ping_status":"open","sticky":false,"template":"","format":"standard","meta":{"footnotes":""},"categories":[9,5],"tags":[],"class_list":["post-2505","post","type-post","status-publish","format-standard","has-post-thumbnail","hentry","category-araxa","category-arte-e-cultura"],"_links":{"self":[{"href":"http:\/\/blogdoarmindomaia.com.br\/index.php?rest_route=\/wp\/v2\/posts\/2505","targetHints":{"allow":["GET"]}}],"collection":[{"href":"http:\/\/blogdoarmindomaia.com.br\/index.php?rest_route=\/wp\/v2\/posts"}],"about":[{"href":"http:\/\/blogdoarmindomaia.com.br\/index.php?rest_route=\/wp\/v2\/types\/post"}],"author":[{"embeddable":true,"href":"http:\/\/blogdoarmindomaia.com.br\/index.php?rest_route=\/wp\/v2\/users\/2"}],"replies":[{"embeddable":true,"href":"http:\/\/blogdoarmindomaia.com.br\/index.php?rest_route=%2Fwp%2Fv2%2Fcomments&post=2505"}],"version-history":[{"count":1,"href":"http:\/\/blogdoarmindomaia.com.br\/index.php?rest_route=\/wp\/v2\/posts\/2505\/revisions"}],"predecessor-version":[{"id":2507,"href":"http:\/\/blogdoarmindomaia.com.br\/index.php?rest_route=\/wp\/v2\/posts\/2505\/revisions\/2507"}],"wp:featuredmedia":[{"embeddable":true,"href":"http:\/\/blogdoarmindomaia.com.br\/index.php?rest_route=\/wp\/v2\/media\/2506"}],"wp:attachment":[{"href":"http:\/\/blogdoarmindomaia.com.br\/index.php?rest_route=%2Fwp%2Fv2%2Fmedia&parent=2505"}],"wp:term":[{"taxonomy":"category","embeddable":true,"href":"http:\/\/blogdoarmindomaia.com.br\/index.php?rest_route=%2Fwp%2Fv2%2Fcategories&post=2505"},{"taxonomy":"post_tag","embeddable":true,"href":"http:\/\/blogdoarmindomaia.com.br\/index.php?rest_route=%2Fwp%2Fv2%2Ftags&post=2505"}],"curies":[{"name":"wp","href":"https:\/\/api.w.org\/{rel}","templated":true}]}}