{"id":2508,"date":"2022-08-31T11:10:01","date_gmt":"2022-08-31T14:10:01","guid":{"rendered":"http:\/\/blogdoarmindomaia.com.br\/?p=2508"},"modified":"2022-08-31T11:10:03","modified_gmt":"2022-08-31T14:10:03","slug":"sede-da-fundacao-cultural-calmon-barreto-passa-por-reforma-geral","status":"publish","type":"post","link":"http:\/\/blogdoarmindomaia.com.br\/?p=2508","title":{"rendered":"Sede da Funda\u00e7\u00e3o Cultural Calmon Barreto passa por reforma geral"},"content":{"rendered":"\n<figure class=\"wp-block-image size-full\"><img loading=\"lazy\" decoding=\"async\" width=\"1024\" height=\"680\" src=\"http:\/\/blogdoarmindomaia.com.br\/wp-content\/uploads\/2022\/08\/Sede-da-Fundacao-Cultural-Calmon-Barreto-passa-por-reforma-geral-pag-06.jpeg\" alt=\"\" class=\"wp-image-2509\" srcset=\"http:\/\/blogdoarmindomaia.com.br\/wp-content\/uploads\/2022\/08\/Sede-da-Fundacao-Cultural-Calmon-Barreto-passa-por-reforma-geral-pag-06.jpeg 1024w, http:\/\/blogdoarmindomaia.com.br\/wp-content\/uploads\/2022\/08\/Sede-da-Fundacao-Cultural-Calmon-Barreto-passa-por-reforma-geral-pag-06-300x199.jpeg 300w, http:\/\/blogdoarmindomaia.com.br\/wp-content\/uploads\/2022\/08\/Sede-da-Fundacao-Cultural-Calmon-Barreto-passa-por-reforma-geral-pag-06-768x510.jpeg 768w\" sizes=\"auto, (max-width: 1024px) 100vw, 1024px\" \/><\/figure>\n\n\n\n<figure class=\"wp-block-image size-full\"><img loading=\"lazy\" decoding=\"async\" width=\"1024\" height=\"680\" src=\"http:\/\/blogdoarmindomaia.com.br\/wp-content\/uploads\/2022\/08\/Reforma-Fundacao-3.jpeg\" alt=\"\" class=\"wp-image-2510\" srcset=\"http:\/\/blogdoarmindomaia.com.br\/wp-content\/uploads\/2022\/08\/Reforma-Fundacao-3.jpeg 1024w, http:\/\/blogdoarmindomaia.com.br\/wp-content\/uploads\/2022\/08\/Reforma-Fundacao-3-300x199.jpeg 300w, http:\/\/blogdoarmindomaia.com.br\/wp-content\/uploads\/2022\/08\/Reforma-Fundacao-3-768x510.jpeg 768w\" sizes=\"auto, (max-width: 1024px) 100vw, 1024px\" \/><\/figure>\n\n\n\n<p>O pr\u00e9dio da Funda\u00e7\u00e3o Cultural Calmon Barreto (FCCB), antiga Esta\u00e7\u00e3o Ferrovi\u00e1ria de Arax\u00e1, um dos principais cart\u00f5es postais da cidade e tombado pelo patrim\u00f4nio hist\u00f3rico, est\u00e1 sendo reformado pela empresa contratada via licita\u00e7\u00e3o.<br><br>O valor da obra est\u00e1 or\u00e7ado em R$ 798.000, com previs\u00e3o de conclus\u00e3o em at\u00e9 10 meses. Entre as principais a\u00e7\u00f5es da manuten\u00e7\u00e3o est\u00e3o a troca do telhado e reparos na fia\u00e7\u00e3o el\u00e9trica, forros, portas, janelas, pisos, pintura, entre outros.<br><br>\u201cO pr\u00e9dio passou por algumas reformas ao longo dos anos, mas, atualmente, est\u00e1vamos com muitos problemas estruturais. Tivemos, inclusive, a situa\u00e7\u00e3o agravada por conta do intenso per\u00edodo de chuva no fim do ano passado. A edifica\u00e7\u00e3o \u00e9 uma constru\u00e7\u00e3o de quase 100 anos, que abriga o Setor de Artesanato, o Administrativo da funda\u00e7\u00e3o, al\u00e9m do Setor de Arquivos e Pesquisas, com documentos importantes que precisam de um espa\u00e7o adequado para conserva\u00e7\u00e3o\u201d, destaca a presidente da FCCB, Cynthia Ver\u00e7osa.<br><br>Ela acrescenta que toda a reforma ser\u00e1 realizada preservando os elementos arquitet\u00f4nicos do im\u00f3vel. \u201cComo se trata de um pr\u00e9dio tombado pelo patrim\u00f4nio, teremos um cuidado na preserva\u00e7\u00e3o de todos os elementos que o comp\u00f5em. Teremos tamb\u00e9m, na pintura, a volta da cor original da esta\u00e7\u00e3o, que possu\u00ed tons de cinza, azul claro e branco\u201d, adianta.<br><br><strong>Hist\u00f3rico<\/strong><br><br>Com uma \u00e1rea de edifica\u00e7\u00e3o de 1.008 m\u00b2, o pr\u00e9dio da Funda\u00e7\u00e3o Cultural Calmon Barreto come\u00e7ou a ser constru\u00eddo em 1922 com intuito de abrigar uma esta\u00e7\u00e3o ferrovi\u00e1ria. As obras foram conclu\u00eddas em 1926, quando a Estrada de Ferro Oeste de Minas inaugurou na cidade seu terminal de cargas e passageiros.<br><br>O pr\u00e9dio possui diversas refer\u00eancias do estilo neocl\u00e1ssico: colunas com detalhes toscanos, tr\u00eas front\u00f5es, duas torres decorativas (sendo uma mais alta, onde est\u00e1 instalado um rel\u00f3gio), entre outros elementos.<br><br>No primeiro momento, o local funcionou como terminal de cargas e passageiros e, depois, somente de cargas. Em 1982, a expans\u00e3o da cidade exigiu a constru\u00e7\u00e3o de outra esta\u00e7\u00e3o fora do per\u00edmetro urbano, sendo, ent\u00e3o, desativado o trecho que atravessava a cidade e a Esta\u00e7\u00e3o Ferrovi\u00e1ria.<br><br>Em 8 de fevereiro de 1985, foi assinado um Termo de Comodato, onde no m\u00eas seguinte a sede da Funda\u00e7\u00e3o Cultural Calmon Barreto passou a funcionar no espa\u00e7o. O termo se manteve at\u00e9 18 de mar\u00e7o de 1988, quando o pr\u00e9dio passou a ser propriedade definitiva do Munic\u00edpio. J\u00e1 em 28 de dezembro de 1990, o local foi tombado pela Lei Municipal n\u00ba 2.411.<\/p>\n","protected":false},"excerpt":{"rendered":"<p>O pr\u00e9dio da Funda\u00e7\u00e3o Cultural Calmon Barreto (FCCB), antiga Esta\u00e7\u00e3o Ferrovi\u00e1ria de Arax\u00e1, um dos principais cart\u00f5es postais da cidade<\/p>\n","protected":false},"author":2,"featured_media":2510,"comment_status":"open","ping_status":"open","sticky":false,"template":"","format":"standard","meta":{"footnotes":""},"categories":[9,5,11],"tags":[],"class_list":["post-2508","post","type-post","status-publish","format-standard","has-post-thumbnail","hentry","category-araxa","category-arte-e-cultura","category-destaques"],"_links":{"self":[{"href":"http:\/\/blogdoarmindomaia.com.br\/index.php?rest_route=\/wp\/v2\/posts\/2508","targetHints":{"allow":["GET"]}}],"collection":[{"href":"http:\/\/blogdoarmindomaia.com.br\/index.php?rest_route=\/wp\/v2\/posts"}],"about":[{"href":"http:\/\/blogdoarmindomaia.com.br\/index.php?rest_route=\/wp\/v2\/types\/post"}],"author":[{"embeddable":true,"href":"http:\/\/blogdoarmindomaia.com.br\/index.php?rest_route=\/wp\/v2\/users\/2"}],"replies":[{"embeddable":true,"href":"http:\/\/blogdoarmindomaia.com.br\/index.php?rest_route=%2Fwp%2Fv2%2Fcomments&post=2508"}],"version-history":[{"count":1,"href":"http:\/\/blogdoarmindomaia.com.br\/index.php?rest_route=\/wp\/v2\/posts\/2508\/revisions"}],"predecessor-version":[{"id":2511,"href":"http:\/\/blogdoarmindomaia.com.br\/index.php?rest_route=\/wp\/v2\/posts\/2508\/revisions\/2511"}],"wp:featuredmedia":[{"embeddable":true,"href":"http:\/\/blogdoarmindomaia.com.br\/index.php?rest_route=\/wp\/v2\/media\/2510"}],"wp:attachment":[{"href":"http:\/\/blogdoarmindomaia.com.br\/index.php?rest_route=%2Fwp%2Fv2%2Fmedia&parent=2508"}],"wp:term":[{"taxonomy":"category","embeddable":true,"href":"http:\/\/blogdoarmindomaia.com.br\/index.php?rest_route=%2Fwp%2Fv2%2Fcategories&post=2508"},{"taxonomy":"post_tag","embeddable":true,"href":"http:\/\/blogdoarmindomaia.com.br\/index.php?rest_route=%2Fwp%2Fv2%2Ftags&post=2508"}],"curies":[{"name":"wp","href":"https:\/\/api.w.org\/{rel}","templated":true}]}}