{"id":2514,"date":"2022-08-31T16:38:45","date_gmt":"2022-08-31T19:38:45","guid":{"rendered":"http:\/\/blogdoarmindomaia.com.br\/?p=2514"},"modified":"2022-08-31T16:38:47","modified_gmt":"2022-08-31T19:38:47","slug":"tradicao-de-araxa-recebe-homenagem-da-orquestra-ouro-preto-com-apoio-da-cbmm","status":"publish","type":"post","link":"http:\/\/blogdoarmindomaia.com.br\/?p=2514","title":{"rendered":"Tradi\u00e7\u00e3o de Arax\u00e1 recebe homenagem da Orquestra Ouro Preto com apoio da CBMM"},"content":{"rendered":"\n<figure class=\"wp-block-image size-large\"><img loading=\"lazy\" decoding=\"async\" width=\"1024\" height=\"684\" src=\"http:\/\/blogdoarmindomaia.com.br\/wp-content\/uploads\/2022\/08\/Tradicao-de-Araxa-recebe-homenagem-da-Orquestra-Ouro-Preto-com-apoio-da-CBMM-pag-06-1024x684.jpg\" alt=\"\" class=\"wp-image-2515\" srcset=\"http:\/\/blogdoarmindomaia.com.br\/wp-content\/uploads\/2022\/08\/Tradicao-de-Araxa-recebe-homenagem-da-Orquestra-Ouro-Preto-com-apoio-da-CBMM-pag-06-1024x684.jpg 1024w, http:\/\/blogdoarmindomaia.com.br\/wp-content\/uploads\/2022\/08\/Tradicao-de-Araxa-recebe-homenagem-da-Orquestra-Ouro-Preto-com-apoio-da-CBMM-pag-06-300x200.jpg 300w, http:\/\/blogdoarmindomaia.com.br\/wp-content\/uploads\/2022\/08\/Tradicao-de-Araxa-recebe-homenagem-da-Orquestra-Ouro-Preto-com-apoio-da-CBMM-pag-06-768x513.jpg 768w, http:\/\/blogdoarmindomaia.com.br\/wp-content\/uploads\/2022\/08\/Tradicao-de-Araxa-recebe-homenagem-da-Orquestra-Ouro-Preto-com-apoio-da-CBMM-pag-06-1536x1025.jpg 1536w, http:\/\/blogdoarmindomaia.com.br\/wp-content\/uploads\/2022\/08\/Tradicao-de-Araxa-recebe-homenagem-da-Orquestra-Ouro-Preto-com-apoio-da-CBMM-pag-06-2048x1367.jpg 2048w\" sizes=\"auto, (max-width: 1024px) 100vw, 1024px\" \/><\/figure>\n\n\n\n\n\n<p><em>\u201cMissa Conga\u201d reverencia o pulsar contagiante do congado em uma fus\u00e3o com a m\u00fasica de concerto, com \u00fanica apresenta\u00e7\u00e3o no dia 7 de setembro, \u00e0s 18h, no p\u00e1tio da Funda\u00e7\u00e3o Cultural Calmon Barreto. A entrada \u00e9 franca<\/em><\/p>\n\n\n\n<p>A guarda de congado Mo\u00e7ambique Mocidade Verde e Branco de Arax\u00e1 (MG) e a Orquestra Ouro Preto se envolveram em afetos, trocas e sonoridades para um encontro in\u00e9dito em um dos mais nobres altares: a arte. Dessa experi\u00eancia, promovida pela CBMM, nascem agora um livro e um concerto, compostos de palavras simples e sons fortes. \u201cMissa Conga&#8221; \u00e9 o resultado l\u00edtero-musical da fus\u00e3o entre a m\u00fasica de concerto e o pulsar contagiante de uma das mais importantes manifesta\u00e7\u00f5es culturais de Minas Gerais.<\/p>\n\n\n\n<p>O concerto faz sua estreia em Arax\u00e1, no dia 7 de setembro, \u00e0s 18h, no p\u00e1tio Esta\u00e7\u00e3o da Funda\u00e7\u00e3o Calmon Barreto (antigo pr\u00e9dio da Esta\u00e7\u00e3o), com entrada franca. Na ocasi\u00e3o, tamb\u00e9m haver\u00e1 o lan\u00e7amento do livro que retrata toda essa experi\u00eancia criativa.<\/p>\n\n\n\n<p>Neste espet\u00e1culo, a simplicidade e a beleza do ato devocional que pulsam nas apresenta\u00e7\u00f5es da Mocidade Verde e Branco foram a inspira\u00e7\u00e3o para a Orquestra Ouro Preto criar, ao lado desses mestres da nossa cultura, uma viv\u00eancia entre a liturgia da missa e a tradi\u00e7\u00e3o popular.<\/p>\n\n\n\n<p>Com arranjos de Leonardo Gorosito, um dos mais talentosos percussionistas do pa\u00eds, \u201cMissa Conga\u201d leva o sincretismo religioso a outra pot\u00eancia, conectando cada ato de uma missa tradicional a um canto tradicional do congado tornando-o protagonista dessa liturgia.<\/p>\n\n\n\n<p>Tanto o espet\u00e1culo musical quanto o livro s\u00e3o frutos de uma longa temporada de encontros com a guarda. Durante dois anos, entre 2021 e 2022, uma equipe especialmente composta pela Orquestra esteve em Arax\u00e1 realizando vasta pesquisa de campo a partir de um desafio lan\u00e7ado pela CBMM, patrocinadora do projeto: como traduzir a humanidade do cerrado?<\/p>\n\n\n\n<p>A resposta do maestro Rodrigo Toffolo, regente titular da Orquestra, foi lan\u00e7ar-se no universo dos sons, manifesta\u00e7\u00e3o cultural simb\u00f3lica capaz de tra\u00e7ar paralelos entre passado, presente e futuro. Para esse desafio, contou com a fundamental colabora\u00e7\u00e3o da pesquisadora e pianista Andr\u00e9a Lu\u00edsa Teixeira, que tamb\u00e9m assina o livro.<\/p>\n\n\n\n<p>\u201cFizemos parte de uma hist\u00f3ria que v\u00ea e interage; fomos todos eles, com as devidas permiss\u00f5es. Pudemos transitar e observar os discursos hist\u00f3ricos e os mitos. Presenciamos um patrim\u00f4nio cultural que tamb\u00e9m \u00e9 nosso e deve ser preservado, criativo e espont\u00e2neo. Os movimentos dan\u00e7antes e sonoros do congado propiciam a liberdade, para que o humano se torne mais humano, e a arte sensibilize e a cultura respire\u201d, afirma Toffolo.<\/p>\n\n\n\n<p>O congado \u2013 ou a congada \u2013 \u00e9 uma manifesta\u00e7\u00e3o cultural e religiosa afro-brasileira que remonta o Reino do Congo e busca, por meio do canto, da dan\u00e7a e da devo\u00e7\u00e3o, a prote\u00e7\u00e3o de Nossa Senhora do Ros\u00e1rio, de S\u00e3o Benedito e de Santa Efig\u00eania. No congado, os tambores, a m\u00fasica, da indument\u00e1ria \u00e0 representa\u00e7\u00e3o, tudo \u00e9 sagrado.<\/p>\n\n\n\n<p>A cidade de Arax\u00e1 \u00e9 conhecida por organizar, h\u00e1 mais de 60 anos, um encontro de grupos de Congado e Mo\u00e7ambique, com participa\u00e7\u00f5es de outros grupos, como, por exemplo, al\u00e9m dos Ternos de Arax\u00e1, os de Campos Altos, Ituiutaba, Santa Rosa da Serra, S\u00e3o Gotardo e outras cidades do Alto Parana\u00edba.<\/p>\n\n\n\n<p>A Orquestra Ouro Preto, acolhida e regida pela Mocidade Verde e Branco, traz agora a p\u00fablico essa obra que \u00e9 uma somat\u00f3ria de ensinamentos, trocas, cren\u00e7as, mem\u00f3rias e sabedorias traduzidas em uma musicalidade que reverencia o passado e d\u00e1 a ele um apontamento para os novos tempos.<\/p>\n\n\n\n<p>Estrear uma obra de tamanha pot\u00eancia em Arax\u00e1 \u00e9 algo simb\u00f3lico. \u201cA Congada \u00e9 uma importante manifesta\u00e7\u00e3o cultural da nossa regi\u00e3o. Temos como pilar apoiar e valorizar a cultura da nossa gente. Intermediar o interc\u00e2mbio cultural entre as manifesta\u00e7\u00f5es art\u00edsticas da nossa cidade com grandes projetos como a Orquestra Ouro Preto tamb\u00e9m \u00e9 uma forma de enriquecer, ainda mais, a programa\u00e7\u00e3o cultural de Arax\u00e1, proporcionando ao p\u00fablico local experi\u00eancias inovadoras e diferentes\u201d, destaca \u00c1lvaro Rezende, da \u00e1rea de Relacionamento com a Comunidade da CBMM. <strong><\/strong><\/p>\n\n\n\n<p>Para a Funda\u00e7\u00e3o Cultural Calmon Barreto, projetos relevantes como este da Orquestra de Ouro Preto e outros vindos em parceria com a empresa CBMM s\u00e3o de suma import\u00e2ncia para o fomento da cultura em nossa cidade. \u201cFico muito feliz e ressalto que projetos que s\u00e3o elaborados com a preocupa\u00e7\u00e3o com a cultura local e principalmente com a salvaguarda de nossas manifesta\u00e7\u00f5es culturais veem de encontro com nosso objetivo: a preserva\u00e7\u00e3o\u201d, ressalta Cynthia Ver\u00e7osa, presidente da Funda\u00e7\u00e3o Cultural Calmon Barreto.<\/p>\n\n\n\n<hr class=\"wp-block-separator has-alpha-channel-opacity\"\/>\n\n\n\n<p><strong>Servi\u00e7o<\/strong><\/p>\n\n\n\n<p>Lan\u00e7amento do livro e apresenta\u00e7\u00e3o do concerto \u201cMissa Conga\u201d \u2013 Orquestra Ouro Preto e Congado Mo\u00e7ambique Mocidade Verde e Branco<\/p>\n\n\n\n<p><strong>Data:<\/strong> 7 de setembro de 2022 \u2013 quarta-feira<\/p>\n\n\n\n<p><strong>Hor\u00e1rio:<\/strong> 18 horas<\/p>\n\n\n\n<p><strong>Local:<\/strong> P\u00e1tio da Funda\u00e7\u00e3o Cultural Calmon Barreto (antigo pr\u00e9dio da Esta\u00e7\u00e3o) \u2013 Pra\u00e7a Artur Bernardes, 10 &#8211; Centro &#8211; Arax\u00e1\/MG<\/p>\n\n\n\n<p><strong>Ingressos:<\/strong> Entrada franca<\/p>\n\n\n\n<p><strong>Informa\u00e7\u00f5es:<\/strong> www.orquestraouropreto.com.br<\/p>\n","protected":false},"excerpt":{"rendered":"<p>\u201cMissa Conga\u201d reverencia o pulsar contagiante do congado em uma fus\u00e3o com a m\u00fasica de concerto, com \u00fanica apresenta\u00e7\u00e3o no<\/p>\n","protected":false},"author":2,"featured_media":2515,"comment_status":"open","ping_status":"open","sticky":false,"template":"","format":"standard","meta":{"footnotes":""},"categories":[9,5,11],"tags":[],"class_list":["post-2514","post","type-post","status-publish","format-standard","has-post-thumbnail","hentry","category-araxa","category-arte-e-cultura","category-destaques"],"_links":{"self":[{"href":"http:\/\/blogdoarmindomaia.com.br\/index.php?rest_route=\/wp\/v2\/posts\/2514","targetHints":{"allow":["GET"]}}],"collection":[{"href":"http:\/\/blogdoarmindomaia.com.br\/index.php?rest_route=\/wp\/v2\/posts"}],"about":[{"href":"http:\/\/blogdoarmindomaia.com.br\/index.php?rest_route=\/wp\/v2\/types\/post"}],"author":[{"embeddable":true,"href":"http:\/\/blogdoarmindomaia.com.br\/index.php?rest_route=\/wp\/v2\/users\/2"}],"replies":[{"embeddable":true,"href":"http:\/\/blogdoarmindomaia.com.br\/index.php?rest_route=%2Fwp%2Fv2%2Fcomments&post=2514"}],"version-history":[{"count":1,"href":"http:\/\/blogdoarmindomaia.com.br\/index.php?rest_route=\/wp\/v2\/posts\/2514\/revisions"}],"predecessor-version":[{"id":2517,"href":"http:\/\/blogdoarmindomaia.com.br\/index.php?rest_route=\/wp\/v2\/posts\/2514\/revisions\/2517"}],"wp:featuredmedia":[{"embeddable":true,"href":"http:\/\/blogdoarmindomaia.com.br\/index.php?rest_route=\/wp\/v2\/media\/2515"}],"wp:attachment":[{"href":"http:\/\/blogdoarmindomaia.com.br\/index.php?rest_route=%2Fwp%2Fv2%2Fmedia&parent=2514"}],"wp:term":[{"taxonomy":"category","embeddable":true,"href":"http:\/\/blogdoarmindomaia.com.br\/index.php?rest_route=%2Fwp%2Fv2%2Fcategories&post=2514"},{"taxonomy":"post_tag","embeddable":true,"href":"http:\/\/blogdoarmindomaia.com.br\/index.php?rest_route=%2Fwp%2Fv2%2Ftags&post=2514"}],"curies":[{"name":"wp","href":"https:\/\/api.w.org\/{rel}","templated":true}]}}