{"id":2519,"date":"2022-09-01T16:15:32","date_gmt":"2022-09-01T19:15:32","guid":{"rendered":"http:\/\/blogdoarmindomaia.com.br\/?p=2519"},"modified":"2022-09-01T16:15:35","modified_gmt":"2022-09-01T19:15:35","slug":"araxa-tera-desfile-civico-de-sete-de-setembro-este-ano","status":"publish","type":"post","link":"http:\/\/blogdoarmindomaia.com.br\/?p=2519","title":{"rendered":"Arax\u00e1 ter\u00e1 desfile c\u00edvico de sete de setembro este ano"},"content":{"rendered":"\n<figure class=\"wp-block-image size-full\"><img loading=\"lazy\" decoding=\"async\" width=\"1024\" height=\"683\" src=\"http:\/\/blogdoarmindomaia.com.br\/wp-content\/uploads\/2022\/09\/Araxa-tera-desfile-civico-pag-03.jpg\" alt=\"\" class=\"wp-image-2520\" srcset=\"http:\/\/blogdoarmindomaia.com.br\/wp-content\/uploads\/2022\/09\/Araxa-tera-desfile-civico-pag-03.jpg 1024w, http:\/\/blogdoarmindomaia.com.br\/wp-content\/uploads\/2022\/09\/Araxa-tera-desfile-civico-pag-03-300x200.jpg 300w, http:\/\/blogdoarmindomaia.com.br\/wp-content\/uploads\/2022\/09\/Araxa-tera-desfile-civico-pag-03-768x512.jpg 768w\" sizes=\"auto, (max-width: 1024px) 100vw, 1024px\" \/><\/figure>\n\n\n\n<p>Ap\u00f3s dois anos &nbsp;interrompido por causa da pandemia da Covid-19, este ano o tradicional desfile c\u00edvico de sete de setembro voltar\u00e1 a acontecer em Arax\u00e1. &nbsp;Em entrevista ao Jornal Intera\u00e7\u00e3o, a Secret\u00e1ria Municipal de Educa\u00e7\u00e3o de Arax\u00e1, Zulma Moreira disse que, \u201c a parada c\u00edvica de sete de setembro ser\u00e1 retomado na pr\u00f3xima quarta-feira, dia sete de setembro, a partir das 8 horas da manh\u00e3 com a concentra\u00e7\u00e3o ser\u00e1 entre a rua da Bandeira e avenida Senador Montandon. O desfile ter\u00e1 in\u00edcio na avenida Get\u00falio Vargas com dispers\u00e3o no largo da igreja Matriz\u201d.<\/p>\n\n\n\n<p>Ainda de acordo com a Secret\u00e1ria de Educa\u00e7\u00e3o, respons\u00e1vel pela organiza\u00e7\u00e3o do desfile c\u00edvico em Arax\u00e1, \u201c o evento ter\u00e1 12 blocos, com a participa\u00e7\u00e3o de 130 institui\u00e7\u00f5es, entre escolas, entidades assistenciais, clubes de servi\u00e7os, empresas, secretarias municipais,&nbsp; Corpo de Bombeiros, Tiro de Guerra, Pol\u00edcia Militar entre outros\u201d.<\/p>\n\n\n\n<p>Tamb\u00e9m ser\u00e1 montado pr\u00f3ximo ao altar da p\u00e1tria, na avenida Get\u00falio Vargas, de frente a Funda\u00e7\u00e3o Cultural Calmon Barreto, um palanque de autoridades. &nbsp;&nbsp;&nbsp;&nbsp;&nbsp;<\/p>\n","protected":false},"excerpt":{"rendered":"<p>Ap\u00f3s dois anos &nbsp;interrompido por causa da pandemia da Covid-19, este ano o tradicional desfile c\u00edvico de sete de setembro<\/p>\n","protected":false},"author":2,"featured_media":2520,"comment_status":"open","ping_status":"open","sticky":false,"template":"","format":"standard","meta":{"footnotes":""},"categories":[9,11],"tags":[],"class_list":["post-2519","post","type-post","status-publish","format-standard","has-post-thumbnail","hentry","category-araxa","category-destaques"],"_links":{"self":[{"href":"http:\/\/blogdoarmindomaia.com.br\/index.php?rest_route=\/wp\/v2\/posts\/2519","targetHints":{"allow":["GET"]}}],"collection":[{"href":"http:\/\/blogdoarmindomaia.com.br\/index.php?rest_route=\/wp\/v2\/posts"}],"about":[{"href":"http:\/\/blogdoarmindomaia.com.br\/index.php?rest_route=\/wp\/v2\/types\/post"}],"author":[{"embeddable":true,"href":"http:\/\/blogdoarmindomaia.com.br\/index.php?rest_route=\/wp\/v2\/users\/2"}],"replies":[{"embeddable":true,"href":"http:\/\/blogdoarmindomaia.com.br\/index.php?rest_route=%2Fwp%2Fv2%2Fcomments&post=2519"}],"version-history":[{"count":1,"href":"http:\/\/blogdoarmindomaia.com.br\/index.php?rest_route=\/wp\/v2\/posts\/2519\/revisions"}],"predecessor-version":[{"id":2521,"href":"http:\/\/blogdoarmindomaia.com.br\/index.php?rest_route=\/wp\/v2\/posts\/2519\/revisions\/2521"}],"wp:featuredmedia":[{"embeddable":true,"href":"http:\/\/blogdoarmindomaia.com.br\/index.php?rest_route=\/wp\/v2\/media\/2520"}],"wp:attachment":[{"href":"http:\/\/blogdoarmindomaia.com.br\/index.php?rest_route=%2Fwp%2Fv2%2Fmedia&parent=2519"}],"wp:term":[{"taxonomy":"category","embeddable":true,"href":"http:\/\/blogdoarmindomaia.com.br\/index.php?rest_route=%2Fwp%2Fv2%2Fcategories&post=2519"},{"taxonomy":"post_tag","embeddable":true,"href":"http:\/\/blogdoarmindomaia.com.br\/index.php?rest_route=%2Fwp%2Fv2%2Ftags&post=2519"}],"curies":[{"name":"wp","href":"https:\/\/api.w.org\/{rel}","templated":true}]}}