{"id":2529,"date":"2022-09-01T16:41:07","date_gmt":"2022-09-01T19:41:07","guid":{"rendered":"http:\/\/blogdoarmindomaia.com.br\/?p=2529"},"modified":"2022-09-01T16:41:09","modified_gmt":"2022-09-01T19:41:09","slug":"21o-open-araxa-de-voo-livre-comeca-dia-06-de-setembro","status":"publish","type":"post","link":"http:\/\/blogdoarmindomaia.com.br\/?p=2529","title":{"rendered":"21\u00ba Open Arax\u00e1 de Voo Livre come\u00e7a dia 06 de setembro"},"content":{"rendered":"\n<figure class=\"wp-block-image size-large\"><img loading=\"lazy\" decoding=\"async\" width=\"1024\" height=\"631\" src=\"http:\/\/blogdoarmindomaia.com.br\/wp-content\/uploads\/2022\/09\/21o-Open-Araxa-de-Voo-Livre-comeca-dia-06-de-setembro-pag-03-1024x631.jpg\" alt=\"\" class=\"wp-image-2530\" srcset=\"http:\/\/blogdoarmindomaia.com.br\/wp-content\/uploads\/2022\/09\/21o-Open-Araxa-de-Voo-Livre-comeca-dia-06-de-setembro-pag-03-1024x631.jpg 1024w, http:\/\/blogdoarmindomaia.com.br\/wp-content\/uploads\/2022\/09\/21o-Open-Araxa-de-Voo-Livre-comeca-dia-06-de-setembro-pag-03-300x185.jpg 300w, http:\/\/blogdoarmindomaia.com.br\/wp-content\/uploads\/2022\/09\/21o-Open-Araxa-de-Voo-Livre-comeca-dia-06-de-setembro-pag-03-768x473.jpg 768w, http:\/\/blogdoarmindomaia.com.br\/wp-content\/uploads\/2022\/09\/21o-Open-Araxa-de-Voo-Livre-comeca-dia-06-de-setembro-pag-03.jpg 1116w\" sizes=\"auto, (max-width: 1024px) 100vw, 1024px\" \/><\/figure>\n\n\n\n<figure class=\"wp-block-image size-large\"><img loading=\"lazy\" decoding=\"async\" width=\"1024\" height=\"768\" src=\"http:\/\/blogdoarmindomaia.com.br\/wp-content\/uploads\/2022\/09\/6f43b5263fbba79c5962514b85d34738_XL-1024x768.jpg\" alt=\"\" class=\"wp-image-2531\" srcset=\"http:\/\/blogdoarmindomaia.com.br\/wp-content\/uploads\/2022\/09\/6f43b5263fbba79c5962514b85d34738_XL-1024x768.jpg 1024w, http:\/\/blogdoarmindomaia.com.br\/wp-content\/uploads\/2022\/09\/6f43b5263fbba79c5962514b85d34738_XL-300x225.jpg 300w, http:\/\/blogdoarmindomaia.com.br\/wp-content\/uploads\/2022\/09\/6f43b5263fbba79c5962514b85d34738_XL-768x576.jpg 768w, http:\/\/blogdoarmindomaia.com.br\/wp-content\/uploads\/2022\/09\/6f43b5263fbba79c5962514b85d34738_XL.jpg 1200w\" sizes=\"auto, (max-width: 1024px) 100vw, 1024px\" \/><\/figure>\n\n\n\n<p>Com a participa\u00e7\u00e3o de pilotos de Arax\u00e1, v\u00e1rios Estados brasileiros e at\u00e9 do exterior, acontece a partir do dia 06 de setembro na rampa do Horizonte perdido em Arax\u00e1, o 21\u00ba Open Arax\u00e1 de Voo Livre. A competi\u00e7\u00e3o volta a Arax\u00e1, depois de <strong>quatro anos paralisada. O 21\u00ba Open Arax\u00e1 de Voo Livre, \u00e9 uma&nbsp; realiza\u00e7\u00e3o&nbsp; do Clube Araxaense de Voo Livre e com a chancela da Confedera\u00e7\u00e3o Brasileira de Voo Livre.<\/strong><\/p>\n\n\n\n<p><strong>De acordo com um dos organizadores do evento o piloto e associado da CAVL, o araxaense Marco Ant\u00f4nio Prado, que tamb\u00e9m \u00e9 o atual presidente da Federa\u00e7\u00e3o Goiana de Voo Livre, \u201ca expectativa \u00e9 muito grande, em rela\u00e7\u00e3o a volta das competi\u00e7\u00f5es oficiais de voo livre em nossa cidade.&nbsp; De 06 a 10 de setembro, n\u00f3s queremos voltar a colorir os c\u00e9us de Arax\u00e1 e&nbsp; da regi\u00e3o com dezenas de parapentes. Al\u00e9m de resgatar&nbsp; o esporte, n\u00f3s tamb\u00e9m queremos manter constantes as competi\u00e7\u00f5es de voo livre em Arax\u00e1, como sempre foi tradi\u00e7\u00e3o.\u201d&nbsp;<\/strong><\/p>\n\n\n\n<p><strong>Ainda segundo Marco Ant\u00f4nio, \u201co Open Arax\u00e1 de Voo Livre se trata &nbsp;de uma das competi\u00e7\u00f5es mais tradicionais do parapente do Brasil, que ter\u00e1 como palco a rampa de decolagem do Horizonte Perdido em Arax\u00e1, tamb\u00e9m classificada entre as melhores do pa\u00eds .\u201d&nbsp;<\/strong><\/p>\n\n\n\n<p><strong>Sobre a estrutura do evento ele disse que, \u201c gra\u00e7as a Deus o inc\u00eandio que aconteceu na semana passada no entorno da rampa do Horizonte Perdido, n\u00e3o prejudicou a estrutura do local. Inclusive desta vez n\u00f3s preparamos algumas atra\u00e7\u00f5es especiais para dar op\u00e7\u00e3o tamb\u00e9m para as fam\u00edlias dos pilotos, equipes de apoio e \u00e9 claro para a comunidade de Arax\u00e1 que certamente vai poder prestigiar o campeonato. Teremos restaurante, quiosque, pra\u00e7a de alimenta\u00e7\u00e3o, banheiros, camping&nbsp; e shows musicais no local\u201d.<\/strong><\/p>\n\n\n\n<p><strong>&nbsp;Ainda de acordo com o empres\u00e1rio Marco Ant\u00f4nio, \u201c j\u00e1 t\u00eam pilotos do Brasil inteiro &nbsp;e de outros pa\u00edses j\u00e1 se inscreveram para a prova. A rampa vai estar lotada, aqui v\u00e3o estar os melhores pilotos do Pa\u00eds, gra\u00e7as aos apoios importantes da CBMM, da Prefeitura de Arax\u00e1. A nossa expectativa \u00e9 de receber mais de cem pilotos, com as suas equipes de apoio, que tamb\u00e9m v\u00e3o movimentar a nossa cidade durante os dias da prova e tamb\u00e9m fomentar o turismo e a economia da cidade\u201d. Finalizando, Marco, disse que, \u201c o pessoal que \u00e9 filiado ao&nbsp; Clube Araxaense de Voo Livre, que \u00e9 o real organizador desse evento, j\u00e1 est\u00e1 se credenciando para participar da competi\u00e7\u00e3o. E aqueles pilotos que ainda n\u00e3o se inscreveram, podem procurar as redes sociais da CAVL e tamb\u00e9m nas redes sociais para saber de mais detalhes do evento. E outro detalhe, \u00e9 que as pessoas que quiserem fazer voo duplo durante o evento, \u00e9 s\u00f3 procurar o pessoal da organiza\u00e7\u00e3o no s\u00e1bado e no domingo\u201d.&nbsp;&nbsp;&nbsp;<\/strong><\/p>\n","protected":false},"excerpt":{"rendered":"<p>Com a participa\u00e7\u00e3o de pilotos de Arax\u00e1, v\u00e1rios Estados brasileiros e at\u00e9 do exterior, acontece a partir do dia 06<\/p>\n","protected":false},"author":2,"featured_media":2530,"comment_status":"open","ping_status":"open","sticky":false,"template":"","format":"standard","meta":{"footnotes":""},"categories":[9,15],"tags":[],"class_list":["post-2529","post","type-post","status-publish","format-standard","has-post-thumbnail","hentry","category-araxa","category-esportes"],"_links":{"self":[{"href":"http:\/\/blogdoarmindomaia.com.br\/index.php?rest_route=\/wp\/v2\/posts\/2529","targetHints":{"allow":["GET"]}}],"collection":[{"href":"http:\/\/blogdoarmindomaia.com.br\/index.php?rest_route=\/wp\/v2\/posts"}],"about":[{"href":"http:\/\/blogdoarmindomaia.com.br\/index.php?rest_route=\/wp\/v2\/types\/post"}],"author":[{"embeddable":true,"href":"http:\/\/blogdoarmindomaia.com.br\/index.php?rest_route=\/wp\/v2\/users\/2"}],"replies":[{"embeddable":true,"href":"http:\/\/blogdoarmindomaia.com.br\/index.php?rest_route=%2Fwp%2Fv2%2Fcomments&post=2529"}],"version-history":[{"count":1,"href":"http:\/\/blogdoarmindomaia.com.br\/index.php?rest_route=\/wp\/v2\/posts\/2529\/revisions"}],"predecessor-version":[{"id":2532,"href":"http:\/\/blogdoarmindomaia.com.br\/index.php?rest_route=\/wp\/v2\/posts\/2529\/revisions\/2532"}],"wp:featuredmedia":[{"embeddable":true,"href":"http:\/\/blogdoarmindomaia.com.br\/index.php?rest_route=\/wp\/v2\/media\/2530"}],"wp:attachment":[{"href":"http:\/\/blogdoarmindomaia.com.br\/index.php?rest_route=%2Fwp%2Fv2%2Fmedia&parent=2529"}],"wp:term":[{"taxonomy":"category","embeddable":true,"href":"http:\/\/blogdoarmindomaia.com.br\/index.php?rest_route=%2Fwp%2Fv2%2Fcategories&post=2529"},{"taxonomy":"post_tag","embeddable":true,"href":"http:\/\/blogdoarmindomaia.com.br\/index.php?rest_route=%2Fwp%2Fv2%2Ftags&post=2529"}],"curies":[{"name":"wp","href":"https:\/\/api.w.org\/{rel}","templated":true}]}}