{"id":2533,"date":"2022-09-01T16:44:42","date_gmt":"2022-09-01T19:44:42","guid":{"rendered":"http:\/\/blogdoarmindomaia.com.br\/?p=2533"},"modified":"2022-09-01T16:44:44","modified_gmt":"2022-09-01T19:44:44","slug":"dinamo-inicia-avaliacao-de-atletas-para-as-categorias-sub-15-e-sub-17-residentes-de-araxa","status":"publish","type":"post","link":"http:\/\/blogdoarmindomaia.com.br\/?p=2533","title":{"rendered":"<strong>D\u00ednamo inicia avalia\u00e7\u00e3o de atletas para as categorias Sub-15 e Sub-17 residentes de Arax\u00e1<\/strong>"},"content":{"rendered":"\n<p><em>Seletiva ser\u00e1 realizada no Centro de Treinamento (CT) Octaviano Para\u00edso (Para\u00eds\u00e3o).<\/em><\/p>\n\n\n\n<figure class=\"wp-block-image size-large\"><img loading=\"lazy\" decoding=\"async\" width=\"1024\" height=\"682\" src=\"http:\/\/blogdoarmindomaia.com.br\/wp-content\/uploads\/2022\/09\/f-dinamo-seletiva-futebol-1-1024x682.jpeg\" alt=\"\" class=\"wp-image-2534\" srcset=\"http:\/\/blogdoarmindomaia.com.br\/wp-content\/uploads\/2022\/09\/f-dinamo-seletiva-futebol-1-1024x682.jpeg 1024w, http:\/\/blogdoarmindomaia.com.br\/wp-content\/uploads\/2022\/09\/f-dinamo-seletiva-futebol-1-300x200.jpeg 300w, http:\/\/blogdoarmindomaia.com.br\/wp-content\/uploads\/2022\/09\/f-dinamo-seletiva-futebol-1-768x512.jpeg 768w, http:\/\/blogdoarmindomaia.com.br\/wp-content\/uploads\/2022\/09\/f-dinamo-seletiva-futebol-1-1536x1023.jpeg 1536w, http:\/\/blogdoarmindomaia.com.br\/wp-content\/uploads\/2022\/09\/f-dinamo-seletiva-futebol-1.jpeg 1600w\" sizes=\"auto, (max-width: 1024px) 100vw, 1024px\" \/><\/figure>\n\n\n\n<p><br>A Associa\u00e7\u00e3o Esportiva D\u00ednamo Esporte Clube est\u00e1 com inscri\u00e7\u00f5es abertas para a avalia\u00e7\u00e3o de atletas da cidade para a temporada de 2023. O clube \u00e9 o representante de Arax\u00e1 no Campeonato Mineiro nas categorias de base e a sele\u00e7\u00e3o vai contemplar atletas do sub-15 e sub-17 entre os dias 5 a 16 de setembro.<br><br>Para a categoria Sub-15, atletas nascidos em 2008 e 2009, a seletiva ser\u00e1 realizada de 5 a 9 de setembro. J\u00e1 a seletiva para a categoria sub-17, nascidos em 2006 e 2007, acontece na semana seguinte, entre os dias 12 e 16 de setembro.<br><br>As inscri\u00e7\u00f5es j\u00e1 iniciaram e devem ser feitas no site do clube (<a href=\"http:\/\/www.dinamoaraxa.com.br\/\" target=\"_blank\" rel=\"noreferrer noopener\">www.dinamoaraxa.com.br<\/a>) por meio do banner &#8216;Fa\u00e7a parte do clube&#8217; na p\u00e1gina inicial. Para a matr\u00edcula \u00e9 preciso preencher os seguintes documentos: RG e CPF do atleta; Declara\u00e7\u00e3o de matr\u00edcula escolar e Atestado m\u00e9dico liberando o atleta para atividades f\u00edsicas (Validade m\u00ednima 3 meses).<br><br>Cada participante da seletiva dever\u00e1 levar o pr\u00f3prio uniforme para treino: Camisa, cal\u00e7\u00e3o, mei\u00e3o, caneleira e chuteira. \u00c9 proibido utilizar camisa de outros clubes.<\/p>\n","protected":false},"excerpt":{"rendered":"<p>Seletiva ser\u00e1 realizada no Centro de Treinamento (CT) Octaviano Para\u00edso (Para\u00eds\u00e3o). A Associa\u00e7\u00e3o Esportiva D\u00ednamo Esporte Clube est\u00e1 com inscri\u00e7\u00f5es<\/p>\n","protected":false},"author":2,"featured_media":2534,"comment_status":"open","ping_status":"open","sticky":false,"template":"","format":"standard","meta":{"footnotes":""},"categories":[9,15],"tags":[],"class_list":["post-2533","post","type-post","status-publish","format-standard","has-post-thumbnail","hentry","category-araxa","category-esportes"],"_links":{"self":[{"href":"http:\/\/blogdoarmindomaia.com.br\/index.php?rest_route=\/wp\/v2\/posts\/2533","targetHints":{"allow":["GET"]}}],"collection":[{"href":"http:\/\/blogdoarmindomaia.com.br\/index.php?rest_route=\/wp\/v2\/posts"}],"about":[{"href":"http:\/\/blogdoarmindomaia.com.br\/index.php?rest_route=\/wp\/v2\/types\/post"}],"author":[{"embeddable":true,"href":"http:\/\/blogdoarmindomaia.com.br\/index.php?rest_route=\/wp\/v2\/users\/2"}],"replies":[{"embeddable":true,"href":"http:\/\/blogdoarmindomaia.com.br\/index.php?rest_route=%2Fwp%2Fv2%2Fcomments&post=2533"}],"version-history":[{"count":1,"href":"http:\/\/blogdoarmindomaia.com.br\/index.php?rest_route=\/wp\/v2\/posts\/2533\/revisions"}],"predecessor-version":[{"id":2535,"href":"http:\/\/blogdoarmindomaia.com.br\/index.php?rest_route=\/wp\/v2\/posts\/2533\/revisions\/2535"}],"wp:featuredmedia":[{"embeddable":true,"href":"http:\/\/blogdoarmindomaia.com.br\/index.php?rest_route=\/wp\/v2\/media\/2534"}],"wp:attachment":[{"href":"http:\/\/blogdoarmindomaia.com.br\/index.php?rest_route=%2Fwp%2Fv2%2Fmedia&parent=2533"}],"wp:term":[{"taxonomy":"category","embeddable":true,"href":"http:\/\/blogdoarmindomaia.com.br\/index.php?rest_route=%2Fwp%2Fv2%2Fcategories&post=2533"},{"taxonomy":"post_tag","embeddable":true,"href":"http:\/\/blogdoarmindomaia.com.br\/index.php?rest_route=%2Fwp%2Fv2%2Ftags&post=2533"}],"curies":[{"name":"wp","href":"https:\/\/api.w.org\/{rel}","templated":true}]}}