{"id":2541,"date":"2022-09-02T17:04:57","date_gmt":"2022-09-02T20:04:57","guid":{"rendered":"http:\/\/blogdoarmindomaia.com.br\/?p=2541"},"modified":"2022-09-02T17:04:59","modified_gmt":"2022-09-02T20:04:59","slug":"uniaraxa-completa-50-anos-reafirmando-o-seu-proposito-com-a-educacao","status":"publish","type":"post","link":"http:\/\/blogdoarmindomaia.com.br\/?p=2541","title":{"rendered":"Uniarax\u00e1 completa 50 anos reafirmando o seu prop\u00f3sito com a Educa\u00e7\u00e3o"},"content":{"rendered":"\n<figure class=\"wp-block-image size-large\"><img loading=\"lazy\" decoding=\"async\" width=\"1024\" height=\"576\" src=\"http:\/\/blogdoarmindomaia.com.br\/wp-content\/uploads\/2022\/09\/Uniaraxa-completa-50-anos-reafirmando-o-seu-proposito-com-a-Educacao-pag-12-1024x576.jpg\" alt=\"\" class=\"wp-image-2542\" srcset=\"http:\/\/blogdoarmindomaia.com.br\/wp-content\/uploads\/2022\/09\/Uniaraxa-completa-50-anos-reafirmando-o-seu-proposito-com-a-Educacao-pag-12-1024x576.jpg 1024w, http:\/\/blogdoarmindomaia.com.br\/wp-content\/uploads\/2022\/09\/Uniaraxa-completa-50-anos-reafirmando-o-seu-proposito-com-a-Educacao-pag-12-300x169.jpg 300w, http:\/\/blogdoarmindomaia.com.br\/wp-content\/uploads\/2022\/09\/Uniaraxa-completa-50-anos-reafirmando-o-seu-proposito-com-a-Educacao-pag-12-768x432.jpg 768w, http:\/\/blogdoarmindomaia.com.br\/wp-content\/uploads\/2022\/09\/Uniaraxa-completa-50-anos-reafirmando-o-seu-proposito-com-a-Educacao-pag-12.jpg 1280w\" sizes=\"auto, (max-width: 1024px) 100vw, 1024px\" \/><\/figure>\n\n\n\n<figure class=\"wp-block-image size-large\"><img loading=\"lazy\" decoding=\"async\" width=\"1024\" height=\"682\" src=\"http:\/\/blogdoarmindomaia.com.br\/wp-content\/uploads\/2022\/09\/Reitor-Jose-Oscar-de-Melo-1024x682.jpg\" alt=\"\" class=\"wp-image-2543\" srcset=\"http:\/\/blogdoarmindomaia.com.br\/wp-content\/uploads\/2022\/09\/Reitor-Jose-Oscar-de-Melo-1024x682.jpg 1024w, http:\/\/blogdoarmindomaia.com.br\/wp-content\/uploads\/2022\/09\/Reitor-Jose-Oscar-de-Melo-300x200.jpg 300w, http:\/\/blogdoarmindomaia.com.br\/wp-content\/uploads\/2022\/09\/Reitor-Jose-Oscar-de-Melo-768x512.jpg 768w, http:\/\/blogdoarmindomaia.com.br\/wp-content\/uploads\/2022\/09\/Reitor-Jose-Oscar-de-Melo.jpg 1280w\" sizes=\"auto, (max-width: 1024px) 100vw, 1024px\" \/><\/figure>\n\n\n\n<figure class=\"wp-block-image size-full\"><img loading=\"lazy\" decoding=\"async\" width=\"773\" height=\"494\" src=\"http:\/\/blogdoarmindomaia.com.br\/wp-content\/uploads\/2022\/09\/Primeira-turma-de-pedagogia-da-Escola.jpg\" alt=\"\" class=\"wp-image-2544\" srcset=\"http:\/\/blogdoarmindomaia.com.br\/wp-content\/uploads\/2022\/09\/Primeira-turma-de-pedagogia-da-Escola.jpg 773w, http:\/\/blogdoarmindomaia.com.br\/wp-content\/uploads\/2022\/09\/Primeira-turma-de-pedagogia-da-Escola-300x192.jpg 300w, http:\/\/blogdoarmindomaia.com.br\/wp-content\/uploads\/2022\/09\/Primeira-turma-de-pedagogia-da-Escola-768x491.jpg 768w\" sizes=\"auto, (max-width: 773px) 100vw, 773px\" \/><\/figure>\n\n\n\n<p><em>Muito al\u00e9m de uma mudan\u00e7a visual, a nova identidade do Centro Universit\u00e1rio reafirma seu compromisso social e presta\u00e7\u00e3o do ensino superior de qualidade e inovador<\/em><\/p>\n\n\n\n<p>Em comemora\u00e7\u00e3o aos 50 anos de exist\u00eancia, o Centro Universit\u00e1rio do Planalto de Arax\u00e1 \u2013 UNIARAX\u00c1, lan\u00e7ou a sua nova marca. Um projeto audacioso que foi apresentado \u00e0 comunidade no dia 01 de fevereiro. A nova identidade da institui\u00e7\u00e3o refor\u00e7a seu compromisso com a constru\u00e7\u00e3o de um futuro melhor atrav\u00e9s do ensino superior de qualidade e com a reafirma\u00e7\u00e3o da sua responsabilidade social.<\/p>\n\n\n\n<p>O novo prop\u00f3sito lan\u00e7ado pela institui\u00e7\u00e3o: Acredite, Perten\u00e7a, Torne-se. resume o principal desejo do Centro Universit\u00e1rio, que \u00e9 fazer com que os alunos acreditem em seu potencial para que tornem-se aquilo que almejam.<\/p>\n\n\n\n<p>\u201cA nova marca traduz a ess\u00eancia do Uniarax\u00e1, uma institui\u00e7\u00e3o inovadora e acolhedora, que produz ensino de qualidade que impacta positivamente a comunidade ao nosso redor. Esse projeto nasce da nossa constante capacidade de fazer diferente o que o mundo insiste em fazer igual, por isso o brilho nos olhos \u00e9 evidente\u201d. Afirma o reitor da institui\u00e7\u00e3o, Prof. Jos\u00e9 Oscar de Melo.<\/p>\n\n\n\n<p>Hist\u00f3rico<\/p>\n\n\n\n<p>A hist\u00f3ria do Uniarax\u00e1 tem in\u00edcio no final da d\u00e9cada de 60, em um movimento liderado por produtores rurais, profissionais liberais e autoridades constitu\u00eddas&nbsp; que se preocupavam com o \u00eaxodo de nossos jovens para outras regi\u00f5es em busca de cursos superiores.<\/p>\n\n\n\n<p>Em 1972, foi criada a Funda\u00e7\u00e3o Cultural de Arax\u00e1 que recebeu a Faculdade de Filosofia, Ci\u00eancias e Letras de Arax\u00e1, primeira Unidade de Ensino Superior oferecendo os cursos de Letras, Pedagogia e Estudos Sociais.<\/p>\n\n\n\n<p>Durante os anos 70 e 80, a FAFI de Arax\u00e1, como ficou conhecida, prestou significativos servi\u00e7os \u00e0 cidade e munic\u00edpios vizinhos. No final da d\u00e9cada de 80 a abertura de novos cursos superiores levaram a novas conquistas e investimentos. Em 14\/5\/2002 as Faculdades Integradas do Alto Parana\u00edba \u2013 FIAP foram transformadas em Centro Universit\u00e1rio do Planalto de Arax\u00e1 \u2013 UNIARAX\u00c1, com a posse da primeira Reitoria em 03\/06\/2002. Um marco auspicioso na hist\u00f3ria da educa\u00e7\u00e3o regional que continua crescendo e se desenvolvendo cada vez mais.<\/p>\n\n\n\n<p>Responsabilidade Social<\/p>\n\n\n\n<p>Em seus 50 anos de hist\u00f3ria o UNIARAX\u00c1 vem prestando servi\u00e7os de apoio \u00e0 comunidade atrav\u00e9s de a\u00e7\u00f5es sociais as quais abrangem, n\u00e3o apenas a cidade de Arax\u00e1, mas cidades circunvizinhas com o objetivo de contribuir para a ameniza\u00e7\u00e3o\/erradica\u00e7\u00e3o das necessidades existentes. Nesse sentido, buscamos por meio de projetos e a\u00e7\u00f5es educativas, contribuir para a melhoria das condi\u00e7\u00f5es de sa\u00fade e condi\u00e7\u00f5es sociais da comunidade, promovendo a preserva\u00e7\u00e3o ambiental, atividades culturais, esportivas e de lazer, voltadas \u00e0 comunidade.<\/p>\n\n\n\n<p>O novo projeto do Centro universit\u00e1rio vem um momento onde a educa\u00e7\u00e3o passa por um processo de transforma\u00e7\u00e3o, com o lan\u00e7amento da nova marca a institui\u00e7\u00e3o mostra que est\u00e1 em constante transforma\u00e7\u00e3o para alcan\u00e7ar sua miss\u00e3o de desenvolver a cultura da educa\u00e7\u00e3o para aceita\u00e7\u00e3o e conviv\u00eancia com a diversidade por meio da quebra de barreiras e limita\u00e7\u00f5es educacionais, culturais e sociais.<\/p>\n","protected":false},"excerpt":{"rendered":"<p>Muito al\u00e9m de uma mudan\u00e7a visual, a nova identidade do Centro Universit\u00e1rio reafirma seu compromisso social e presta\u00e7\u00e3o do ensino<\/p>\n","protected":false},"author":2,"featured_media":2542,"comment_status":"open","ping_status":"open","sticky":false,"template":"","format":"standard","meta":{"footnotes":""},"categories":[9,11,13],"tags":[],"class_list":["post-2541","post","type-post","status-publish","format-standard","has-post-thumbnail","hentry","category-araxa","category-destaques","category-educacao"],"_links":{"self":[{"href":"http:\/\/blogdoarmindomaia.com.br\/index.php?rest_route=\/wp\/v2\/posts\/2541","targetHints":{"allow":["GET"]}}],"collection":[{"href":"http:\/\/blogdoarmindomaia.com.br\/index.php?rest_route=\/wp\/v2\/posts"}],"about":[{"href":"http:\/\/blogdoarmindomaia.com.br\/index.php?rest_route=\/wp\/v2\/types\/post"}],"author":[{"embeddable":true,"href":"http:\/\/blogdoarmindomaia.com.br\/index.php?rest_route=\/wp\/v2\/users\/2"}],"replies":[{"embeddable":true,"href":"http:\/\/blogdoarmindomaia.com.br\/index.php?rest_route=%2Fwp%2Fv2%2Fcomments&post=2541"}],"version-history":[{"count":1,"href":"http:\/\/blogdoarmindomaia.com.br\/index.php?rest_route=\/wp\/v2\/posts\/2541\/revisions"}],"predecessor-version":[{"id":2545,"href":"http:\/\/blogdoarmindomaia.com.br\/index.php?rest_route=\/wp\/v2\/posts\/2541\/revisions\/2545"}],"wp:featuredmedia":[{"embeddable":true,"href":"http:\/\/blogdoarmindomaia.com.br\/index.php?rest_route=\/wp\/v2\/media\/2542"}],"wp:attachment":[{"href":"http:\/\/blogdoarmindomaia.com.br\/index.php?rest_route=%2Fwp%2Fv2%2Fmedia&parent=2541"}],"wp:term":[{"taxonomy":"category","embeddable":true,"href":"http:\/\/blogdoarmindomaia.com.br\/index.php?rest_route=%2Fwp%2Fv2%2Fcategories&post=2541"},{"taxonomy":"post_tag","embeddable":true,"href":"http:\/\/blogdoarmindomaia.com.br\/index.php?rest_route=%2Fwp%2Fv2%2Ftags&post=2541"}],"curies":[{"name":"wp","href":"https:\/\/api.w.org\/{rel}","templated":true}]}}