{"id":2551,"date":"2022-09-05T14:10:18","date_gmt":"2022-09-05T17:10:18","guid":{"rendered":"http:\/\/blogdoarmindomaia.com.br\/?p=2551"},"modified":"2022-09-05T14:10:20","modified_gmt":"2022-09-05T17:10:20","slug":"orquestra-de-ouro-preto-se-apresenta-em-araxa-na-proxima-quarta-com-participacao-do-grupo-mocambique-mocidade-verde-e-branco","status":"publish","type":"post","link":"http:\/\/blogdoarmindomaia.com.br\/?p=2551","title":{"rendered":"Orquestra de Ouro Preto se apresenta em Arax\u00e1 na pr\u00f3xima quarta, com participa\u00e7\u00e3o do grupo Mo\u00e7ambique Mocidade Verde e Branco"},"content":{"rendered":"\n<figure class=\"wp-block-image size-full\"><img loading=\"lazy\" decoding=\"async\" width=\"635\" height=\"325\" src=\"http:\/\/blogdoarmindomaia.com.br\/wp-content\/uploads\/2022\/09\/orquestra.jpeg\" alt=\"\" class=\"wp-image-2552\" srcset=\"http:\/\/blogdoarmindomaia.com.br\/wp-content\/uploads\/2022\/09\/orquestra.jpeg 635w, http:\/\/blogdoarmindomaia.com.br\/wp-content\/uploads\/2022\/09\/orquestra-300x154.jpeg 300w\" sizes=\"auto, (max-width: 635px) 100vw, 635px\" \/><\/figure>\n\n\n\n<p>A preserva\u00e7\u00e3o dos bens imateriais e uma valiosa mistura de ritmos musicais. Os sons da Orquestra de Ouro Preto e do grupo araxense Mo\u00e7ambique Mocidade Verde e Branco v\u00e3o se unir em uma Missa Conga, com um concerto \u00fanico e gratuito, nesta quarta-feira (7), Feriado da Independ\u00eancia do Brasil, \u00e0s 18h, no P\u00e1tio da Funda\u00e7\u00e3o Cultural Calmon Barreto (FCCB).<br><br>O espet\u00e1culo musical \u00e9 fruto de uma longa temporada de encontros com o grupo de congado. Durante dois anos, entre 2021 e 2022, uma equipe especialmente composta por membros da orquestra esteve em Arax\u00e1 realizando uma vasta pesquisa de campo.<br><br>O trabalho foi conduzido pelo maestro Rodrigo Toffolo, regente titular da Orquestra de Ouro Preto, com colabora\u00e7\u00e3o da pesquisadora e pianista Andr\u00e9a Lu\u00edsa Teixeira, que tamb\u00e9m assina o livro que ser\u00e1 lan\u00e7ado no evento. As p\u00e1ginas da obra retratam toda a experi\u00eancia do processo criativo.<br><br>Para a presidente da FCCB, Cynthia Ver\u00e7osa, receber e apoiar espet\u00e1culos como a Missa Conga vem de encontro ao trabalho que j\u00e1 vem sendo realizado em Arax\u00e1, que visa a preserva\u00e7\u00e3o do patrim\u00f4nio imaterial.<br><br>\u201cNa funda\u00e7\u00e3o j\u00e1 iniciamos o processo de registro para reconhecer grupos de Congado, Mo\u00e7ambiques e Folias de Reis como bens imateriais do nosso munic\u00edpio. E \u00e9 justamente isso que teremos no concerto, uma mistura de ritmos do congado e da m\u00fasica de orquestra. Al\u00e9m de fomentar a cultura na cidade, estamos tamb\u00e9m contribuindo para a forma\u00e7\u00e3o deste p\u00fablico cultural\u201d, destaca.<br><br>O espet\u00e1culo Missa Conga: Orquestra Ouro Preto e Congado de Arax\u00e1 ser\u00e1 realizado por meio da Lei Federal de Incentivo \u00e0 Cultura, com patroc\u00ednio da CBMM e apoio da Prefeitura de Arax\u00e1 e Funda\u00e7\u00e3o Cultural Calmon Barreto.<\/p>\n\n\n\n<p>&#8212;<\/p>\n","protected":false},"excerpt":{"rendered":"<p>A preserva\u00e7\u00e3o dos bens imateriais e uma valiosa mistura de ritmos musicais. Os sons da Orquestra de Ouro Preto e<\/p>\n","protected":false},"author":2,"featured_media":2552,"comment_status":"open","ping_status":"open","sticky":false,"template":"","format":"standard","meta":{"footnotes":""},"categories":[9,5,11],"tags":[],"class_list":["post-2551","post","type-post","status-publish","format-standard","has-post-thumbnail","hentry","category-araxa","category-arte-e-cultura","category-destaques"],"_links":{"self":[{"href":"http:\/\/blogdoarmindomaia.com.br\/index.php?rest_route=\/wp\/v2\/posts\/2551","targetHints":{"allow":["GET"]}}],"collection":[{"href":"http:\/\/blogdoarmindomaia.com.br\/index.php?rest_route=\/wp\/v2\/posts"}],"about":[{"href":"http:\/\/blogdoarmindomaia.com.br\/index.php?rest_route=\/wp\/v2\/types\/post"}],"author":[{"embeddable":true,"href":"http:\/\/blogdoarmindomaia.com.br\/index.php?rest_route=\/wp\/v2\/users\/2"}],"replies":[{"embeddable":true,"href":"http:\/\/blogdoarmindomaia.com.br\/index.php?rest_route=%2Fwp%2Fv2%2Fcomments&post=2551"}],"version-history":[{"count":1,"href":"http:\/\/blogdoarmindomaia.com.br\/index.php?rest_route=\/wp\/v2\/posts\/2551\/revisions"}],"predecessor-version":[{"id":2553,"href":"http:\/\/blogdoarmindomaia.com.br\/index.php?rest_route=\/wp\/v2\/posts\/2551\/revisions\/2553"}],"wp:featuredmedia":[{"embeddable":true,"href":"http:\/\/blogdoarmindomaia.com.br\/index.php?rest_route=\/wp\/v2\/media\/2552"}],"wp:attachment":[{"href":"http:\/\/blogdoarmindomaia.com.br\/index.php?rest_route=%2Fwp%2Fv2%2Fmedia&parent=2551"}],"wp:term":[{"taxonomy":"category","embeddable":true,"href":"http:\/\/blogdoarmindomaia.com.br\/index.php?rest_route=%2Fwp%2Fv2%2Fcategories&post=2551"},{"taxonomy":"post_tag","embeddable":true,"href":"http:\/\/blogdoarmindomaia.com.br\/index.php?rest_route=%2Fwp%2Fv2%2Ftags&post=2551"}],"curies":[{"name":"wp","href":"https:\/\/api.w.org\/{rel}","templated":true}]}}