{"id":2560,"date":"2022-09-05T14:47:13","date_gmt":"2022-09-05T17:47:13","guid":{"rendered":"http:\/\/blogdoarmindomaia.com.br\/?p=2560"},"modified":"2022-09-05T14:47:15","modified_gmt":"2022-09-05T17:47:15","slug":"inscricoes-abertas-para-a-etapa-araxa-do-circuito-de-corridas-unimed","status":"publish","type":"post","link":"http:\/\/blogdoarmindomaia.com.br\/?p=2560","title":{"rendered":"Inscri\u00e7\u00f5es abertas para a etapa Arax\u00e1 do Circuito de Corridas Unimed"},"content":{"rendered":"\n<figure class=\"wp-block-image size-large\"><img loading=\"lazy\" decoding=\"async\" width=\"1024\" height=\"678\" src=\"http:\/\/blogdoarmindomaia.com.br\/wp-content\/uploads\/2022\/09\/corrida_ilustrativa-1024x678.jpg\" alt=\"\" class=\"wp-image-2561\" srcset=\"http:\/\/blogdoarmindomaia.com.br\/wp-content\/uploads\/2022\/09\/corrida_ilustrativa-1024x678.jpg 1024w, http:\/\/blogdoarmindomaia.com.br\/wp-content\/uploads\/2022\/09\/corrida_ilustrativa-300x199.jpg 300w, http:\/\/blogdoarmindomaia.com.br\/wp-content\/uploads\/2022\/09\/corrida_ilustrativa-768x509.jpg 768w, http:\/\/blogdoarmindomaia.com.br\/wp-content\/uploads\/2022\/09\/corrida_ilustrativa.jpg 1280w\" sizes=\"auto, (max-width: 1024px) 100vw, 1024px\" \/><\/figure>\n\n\n\n<p>Est\u00e3o abertas as inscri\u00e7\u00f5es para a etapa Arax\u00e1 do Circuito de Corridas Unimed. A competi\u00e7\u00e3o, que garante trof\u00e9us aos primeiros colocados e medalhas a todos os participantes, ser\u00e1 realizada este ano no dia 25 de setembro e abre espa\u00e7o para a participa\u00e7\u00e3o de toda a fam\u00edlia. \u201cTeremos 22 categorias para adultos, crian\u00e7as, para quem corre e para quem quer apenas caminhar. O importante \u00e9 o incentivo \u00e0 pr\u00e1tica esportiva e aproveitamos a oportunidade ainda para comemorar os cinco anos do nosso Hospital Unimed\u201d, ressalta o diretor-presidente da Unimed Arax\u00e1, Alonso Garcia de Rezende. &nbsp;&nbsp;<\/p>\n\n\n\n<p>Os interessados t\u00eam at\u00e9 o dia 21 setembro para se inscrever de forma online pelo site <a href=\"http:\/\/www.corridasunimedmg.com.br\">www.corridasunimedmg.com.br<\/a> . \u201cO cadastro \u00e9 muito simples e l\u00e1 mesmo a pessoa escolhe a categoria que vai participar e tem todas as informa\u00e7\u00f5es sobre o pagamento. Ali\u00e1s, garantimos descontos para todos os benefici\u00e1rios Unimed. Acreditamos que neste ano o n\u00famero de inscritos deve passar de 500, superando a marca que tivemos na \u00faltima edi\u00e7\u00e3o na cidade\u201d, ressalta Ricardo Tostes, organizador do evento.<\/p>\n\n\n\n<p><strong>Percurso<\/strong><\/p>\n\n\n\n<p>A largada para os adultos ser\u00e1 \u00e0s 8h da manh\u00e3 (corrida e caminhada). Os participantes com mais de 14 anos v\u00e3o sair do Arax\u00e1 Center Shopping e percorrer\u00e3o um trajeto de cinco quil\u00f4metros pela Avenida D\u00e2maso Drummond at\u00e9 o Centro de Atendimento \u00e0 Mulher (FAMA), retornando ao mesmo ponto.<\/p>\n\n\n\n<p>As crian\u00e7as far\u00e3o percursos menores, de acordo com a idade:<\/p>\n\n\n\n<p>3 e 4 anos &#8211; 50 metros<\/p>\n\n\n\n<p>5 e 6 anos &#8211; 70 metros<\/p>\n\n\n\n<p>7 e 8 anos &#8211; 100 metros<\/p>\n\n\n\n<p>9 e 10 anos &#8211; 200 metros<\/p>\n\n\n\n<p>11 e 12 anos &#8211; 300 metros<\/p>\n\n\n\n<p>A largada das categorias infantis est\u00e1 prevista para as 9h.<\/p>\n\n\n\n<p><strong>Valores<\/strong><\/p>\n\n\n\n<p><em>Adulto:<\/em><\/p>\n\n\n\n<p>Benefici\u00e1rio Unimed: R$60<\/p>\n\n\n\n<p>P\u00fablico geral: R$70<\/p>\n\n\n\n<p><em>Infantil:<\/em><\/p>\n\n\n\n<p>Benefici\u00e1rio Unimed :R$ 50 reais<\/p>\n\n\n\n<p>P\u00fablico geral: R$60 reais<\/p>\n\n\n\n<p><strong>Sobre a corrida<\/strong><\/p>\n\n\n\n<p>O Circuito de Corridas Unimed \u00e9 um evento nacional. Esta \u00e9 a segunda vez que Arax\u00e1 recebe uma etapa da competi\u00e7\u00e3o. Em 2019 mais de 400 pessoas participaram do evento na cidade. Neste ano o munic\u00edpio abre as etapas regionais. Al\u00e9m de Arax\u00e1; Uberl\u00e2ndia, Patroc\u00ednio, Patos de Minas e Ituiutaba receber\u00e3o eventos semelhantes.<\/p>\n\n\n\n<p><strong>Sobre a Unimed Arax\u00e1<\/strong><\/p>\n\n\n\n<p>Refer\u00eancia no segmento, a Unimed Arax\u00e1 tem atualmente 200 m\u00e9dicos cooperados nas mais diversas especialidades e conta com mais de 40 mil benefici\u00e1rios e&nbsp;650 empresas contratantes nas cidades de Arax\u00e1, Ibi\u00e1, Campos Altos, Perdizes, Pedrin\u00f3polis, Tapira e Pratinha.<\/p>\n\n\n\n<p>A cooperativa iniciou suas atividades em 11 de maio de 1989 para atender ao anseio da classe m\u00e9dica em proporcionar um atendimento digno e \u00e9tico aos clientes e ampliar o campo de trabalho dos cooperados. Desde 2017 tem seu hospital pr\u00f3prio, que conta com o que h\u00e1 de mais moderno e eficiente na \u00e1rea e que tamb\u00e9m integra um Centro de Diagn\u00f3stico por Imagens e um moderno laborat\u00f3rio de an\u00e1lises cl\u00ednicas. Mais recentemente inaugurou nas mesmas depend\u00eancias um moderno Centro de Oncologia. O setor oferece estrutura de quimioterapia para tumores s\u00f3lidos e tumores do sangue.<\/p>\n\n\n\n<p>Em sua Cl\u00ednica Multidisciplinar oferece atendimento exclusivo de profissionais como psic\u00f3logos, nutricionistas, terapeutas ocupacionais e fonoaudi\u00f3logos. Junto ao pr\u00e9dio central, oferece ainda equipe integrada e programas de sa\u00fade voltados \u00e0 melhoria de qualidade de vida, promo\u00e7\u00e3o da sa\u00fade e preven\u00e7\u00e3o de doen\u00e7as no Espa\u00e7o Viver Bem.<\/p>\n\n\n\n<p>A rede credenciada de servi\u00e7os \u00e9 composta ainda por&nbsp;seis hospitais, 15 laborat\u00f3rios, 33 cl\u00ednicas, al\u00e9m de aproximadamente 300 colaboradores de forma direta.&nbsp;<\/p>\n\n\n\n<p><strong>Servi\u00e7o:<\/strong><\/p>\n\n\n\n<p><strong>Circuito de Corridas Unimed \u2013 Etapa Arax\u00e1<\/strong><\/p>\n\n\n\n<p><strong>Inscri\u00e7\u00f5es: <\/strong><a href=\"http:\/\/www.corridasunimedmg.com.br\">www.corridasunimedmg.com.br<\/a><\/p>\n\n\n\n<p><strong>Entrega de kits: <\/strong>dia 24\/09 \u2013 no Arax\u00e1 Center Shopping<\/p>\n\n\n\n<p><strong>Data da corrida: <\/strong>25\/09 \u2013 a partir de 9h<\/p>\n\n\n\n<p><strong>Concentra\u00e7\u00e3o:<\/strong> a partir de 8h<\/p>\n\n\n\n<p><strong>Local da largada: <\/strong>Arax\u00e1 Center Shopping<\/p>\n\n\n\n<p><strong>Informa\u00e7\u00f5es: <\/strong>(34) 9.9967-9420<\/p>\n","protected":false},"excerpt":{"rendered":"<p>Est\u00e3o abertas as inscri\u00e7\u00f5es para a etapa Arax\u00e1 do Circuito de Corridas Unimed. A competi\u00e7\u00e3o, que garante trof\u00e9us aos primeiros<\/p>\n","protected":false},"author":2,"featured_media":2561,"comment_status":"open","ping_status":"open","sticky":false,"template":"","format":"standard","meta":{"footnotes":""},"categories":[9,15],"tags":[],"class_list":["post-2560","post","type-post","status-publish","format-standard","has-post-thumbnail","hentry","category-araxa","category-esportes"],"_links":{"self":[{"href":"http:\/\/blogdoarmindomaia.com.br\/index.php?rest_route=\/wp\/v2\/posts\/2560","targetHints":{"allow":["GET"]}}],"collection":[{"href":"http:\/\/blogdoarmindomaia.com.br\/index.php?rest_route=\/wp\/v2\/posts"}],"about":[{"href":"http:\/\/blogdoarmindomaia.com.br\/index.php?rest_route=\/wp\/v2\/types\/post"}],"author":[{"embeddable":true,"href":"http:\/\/blogdoarmindomaia.com.br\/index.php?rest_route=\/wp\/v2\/users\/2"}],"replies":[{"embeddable":true,"href":"http:\/\/blogdoarmindomaia.com.br\/index.php?rest_route=%2Fwp%2Fv2%2Fcomments&post=2560"}],"version-history":[{"count":1,"href":"http:\/\/blogdoarmindomaia.com.br\/index.php?rest_route=\/wp\/v2\/posts\/2560\/revisions"}],"predecessor-version":[{"id":2562,"href":"http:\/\/blogdoarmindomaia.com.br\/index.php?rest_route=\/wp\/v2\/posts\/2560\/revisions\/2562"}],"wp:featuredmedia":[{"embeddable":true,"href":"http:\/\/blogdoarmindomaia.com.br\/index.php?rest_route=\/wp\/v2\/media\/2561"}],"wp:attachment":[{"href":"http:\/\/blogdoarmindomaia.com.br\/index.php?rest_route=%2Fwp%2Fv2%2Fmedia&parent=2560"}],"wp:term":[{"taxonomy":"category","embeddable":true,"href":"http:\/\/blogdoarmindomaia.com.br\/index.php?rest_route=%2Fwp%2Fv2%2Fcategories&post=2560"},{"taxonomy":"post_tag","embeddable":true,"href":"http:\/\/blogdoarmindomaia.com.br\/index.php?rest_route=%2Fwp%2Fv2%2Ftags&post=2560"}],"curies":[{"name":"wp","href":"https:\/\/api.w.org\/{rel}","templated":true}]}}