{"id":2580,"date":"2022-09-05T16:51:48","date_gmt":"2022-09-05T19:51:48","guid":{"rendered":"http:\/\/blogdoarmindomaia.com.br\/?p=2580"},"modified":"2022-09-05T16:51:54","modified_gmt":"2022-09-05T19:51:54","slug":"inaugurados-os-ambulatorios-de-emergencia-24h-na-uninorte-e-unileste%ef%bf%bc","status":"publish","type":"post","link":"http:\/\/blogdoarmindomaia.com.br\/?p=2580","title":{"rendered":"Inaugurados os Ambulat\u00f3rios de Emerg\u00eancia 24h na Uninorte e Unileste\ufffc"},"content":{"rendered":"\n<figure class=\"wp-block-image size-full\"><img loading=\"lazy\" decoding=\"async\" width=\"1024\" height=\"683\" src=\"http:\/\/blogdoarmindomaia.com.br\/wp-content\/uploads\/2022\/09\/Unileste.jpeg\" alt=\"\" class=\"wp-image-2581\" srcset=\"http:\/\/blogdoarmindomaia.com.br\/wp-content\/uploads\/2022\/09\/Unileste.jpeg 1024w, http:\/\/blogdoarmindomaia.com.br\/wp-content\/uploads\/2022\/09\/Unileste-300x200.jpeg 300w, http:\/\/blogdoarmindomaia.com.br\/wp-content\/uploads\/2022\/09\/Unileste-768x512.jpeg 768w\" sizes=\"auto, (max-width: 1024px) 100vw, 1024px\" \/><\/figure>\n\n\n\n<figure class=\"wp-block-image size-full\"><img loading=\"lazy\" decoding=\"async\" width=\"1024\" height=\"683\" src=\"http:\/\/blogdoarmindomaia.com.br\/wp-content\/uploads\/2022\/09\/autoridades.jpeg\" alt=\"\" class=\"wp-image-2583\" srcset=\"http:\/\/blogdoarmindomaia.com.br\/wp-content\/uploads\/2022\/09\/autoridades.jpeg 1024w, http:\/\/blogdoarmindomaia.com.br\/wp-content\/uploads\/2022\/09\/autoridades-300x200.jpeg 300w, http:\/\/blogdoarmindomaia.com.br\/wp-content\/uploads\/2022\/09\/autoridades-768x512.jpeg 768w\" sizes=\"auto, (max-width: 1024px) 100vw, 1024px\" \/><\/figure>\n\n\n\n<figure class=\"wp-block-image size-full\"><img loading=\"lazy\" decoding=\"async\" width=\"1024\" height=\"683\" src=\"http:\/\/blogdoarmindomaia.com.br\/wp-content\/uploads\/2022\/09\/Uninorte.jpeg\" alt=\"\" class=\"wp-image-2582\" srcset=\"http:\/\/blogdoarmindomaia.com.br\/wp-content\/uploads\/2022\/09\/Uninorte.jpeg 1024w, http:\/\/blogdoarmindomaia.com.br\/wp-content\/uploads\/2022\/09\/Uninorte-300x200.jpeg 300w, http:\/\/blogdoarmindomaia.com.br\/wp-content\/uploads\/2022\/09\/Uninorte-768x512.jpeg 768w\" sizes=\"auto, (max-width: 1024px) 100vw, 1024px\" \/><\/figure>\n\n\n\n<p>Para facilitar e ampliar o acesso da popula\u00e7\u00e3o aos servi\u00e7os p\u00fablicos de sa\u00fade, a Prefeitura de Arax\u00e1 inaugurou, na segunda-feira (5), dois Ambulat\u00f3rios de Emerg\u00eancia (AMEs) na Uninorte e Unileste. O objetivo \u00e9 disponibilizar aos setores mais populosos de Arax\u00e1 atendimentos ambulatoriais de emerg\u00eancia 24 horas por dia, sete dias por semana.<br><br>Participaram da cerim\u00f4nia de inaugura\u00e7\u00e3o das unidades o prefeito Robson Magela, a secret\u00e1ria municipal de Sa\u00fade, Cristiane Gon\u00e7alves Pereira, e demais secret\u00e1rios municipais, vereadores, servidores, imprensa e comunidade em geral.<br><br>Os AMEs s\u00e3o centros ambulatoriais de diagn\u00f3stico e orienta\u00e7\u00e3o terap\u00eautica de alta resolutividade em especialidades m\u00e9dicas, com \u00eanfase nas necessidades da rede b\u00e1sica. Tem como objetivo promover o diagn\u00f3stico precoce, orientar a terap\u00eautica e ampliar a oferta de servi\u00e7os ambulatoriais especializados, atendendo a problemas de sa\u00fade que n\u00e3o precisam de interna\u00e7\u00e3o hospitalar ou atendimento urgente.<br><br>Eles visam desafogar a alta demanda na Unidade de Pronto Atendimento (UPA), que dever\u00e1 priorizar atendimentos de casos mais graves como AVC, infarto, acidentes, entre outros. O prefeito Robson Magela destaca que as inaugura\u00e7\u00f5es dos AMEs significam um avan\u00e7o para a sa\u00fade em Arax\u00e1 e que complementam as outras realiza\u00e7\u00f5es da Administra\u00e7\u00e3o Municipal na \u00e1rea.<br><br>\u201cOs AMEs oferecem mais conforto e melhores condi\u00e7\u00f5es de atendimento. Essas duas extens\u00f5es atendem uma demanda imensa na cidade e o resultado que buscamos alcan\u00e7ar \u00e9 desafogar a UPA e evitar superlota\u00e7\u00e3o. Essa \u00e9 apenas mais uma das muitas implanta\u00e7\u00f5es que desejamos fazer no munic\u00edpio\u201d, refor\u00e7a.<br><br>Para a implanta\u00e7\u00e3o dos AMEs, foram contratados m\u00e9dicos plantonistas, houve uma reestrutura\u00e7\u00e3o na equipe multiprofissional, a rede informatizada foi modernizada e houve a amplia\u00e7\u00e3o de hor\u00e1rios de exames laboratoriais e de imagem. Al\u00e9m disso, o Munic\u00edpio adquiriu ambul\u00e2ncias, mobili\u00e1rios e equipamentos.<br><br>De acordo com a secret\u00e1ria Cristiane, um dos principais benef\u00edcios dos Ambulat\u00f3rios de Emerg\u00eancia \u00e9 a agilidade no atendimento que ser\u00e1 feito com rapidez e qualidade.<br><br>\u201cAgora os profissionais ter\u00e3o mais espa\u00e7o para trabalhar, com uma equipe robusta e preparada, que poder\u00e1 ofertar um atendimento de excel\u00eancia. Colocamos todos os esfor\u00e7os da secretaria para que essas unidades fossem entregues em tempo recorde. Nossa equipe n\u00e3o mediu esfor\u00e7os para que tudo isso fosse poss\u00edvel e agora a popula\u00e7\u00e3o poder\u00e1 usufruir dessa conquista, estamos extremamente felizes e gratos por isso\u201d, refor\u00e7a.<br><br><br><\/p>\n","protected":false},"excerpt":{"rendered":"<p>Para facilitar e ampliar o acesso da popula\u00e7\u00e3o aos servi\u00e7os p\u00fablicos de sa\u00fade, a Prefeitura de Arax\u00e1 inaugurou, na segunda-feira<\/p>\n","protected":false},"author":2,"featured_media":2581,"comment_status":"open","ping_status":"open","sticky":false,"template":"","format":"standard","meta":{"footnotes":""},"categories":[9,11,29],"tags":[],"class_list":["post-2580","post","type-post","status-publish","format-standard","has-post-thumbnail","hentry","category-araxa","category-destaques","category-saude"],"_links":{"self":[{"href":"http:\/\/blogdoarmindomaia.com.br\/index.php?rest_route=\/wp\/v2\/posts\/2580","targetHints":{"allow":["GET"]}}],"collection":[{"href":"http:\/\/blogdoarmindomaia.com.br\/index.php?rest_route=\/wp\/v2\/posts"}],"about":[{"href":"http:\/\/blogdoarmindomaia.com.br\/index.php?rest_route=\/wp\/v2\/types\/post"}],"author":[{"embeddable":true,"href":"http:\/\/blogdoarmindomaia.com.br\/index.php?rest_route=\/wp\/v2\/users\/2"}],"replies":[{"embeddable":true,"href":"http:\/\/blogdoarmindomaia.com.br\/index.php?rest_route=%2Fwp%2Fv2%2Fcomments&post=2580"}],"version-history":[{"count":1,"href":"http:\/\/blogdoarmindomaia.com.br\/index.php?rest_route=\/wp\/v2\/posts\/2580\/revisions"}],"predecessor-version":[{"id":2584,"href":"http:\/\/blogdoarmindomaia.com.br\/index.php?rest_route=\/wp\/v2\/posts\/2580\/revisions\/2584"}],"wp:featuredmedia":[{"embeddable":true,"href":"http:\/\/blogdoarmindomaia.com.br\/index.php?rest_route=\/wp\/v2\/media\/2581"}],"wp:attachment":[{"href":"http:\/\/blogdoarmindomaia.com.br\/index.php?rest_route=%2Fwp%2Fv2%2Fmedia&parent=2580"}],"wp:term":[{"taxonomy":"category","embeddable":true,"href":"http:\/\/blogdoarmindomaia.com.br\/index.php?rest_route=%2Fwp%2Fv2%2Fcategories&post=2580"},{"taxonomy":"post_tag","embeddable":true,"href":"http:\/\/blogdoarmindomaia.com.br\/index.php?rest_route=%2Fwp%2Fv2%2Ftags&post=2580"}],"curies":[{"name":"wp","href":"https:\/\/api.w.org\/{rel}","templated":true}]}}