{"id":2585,"date":"2022-09-06T14:12:27","date_gmt":"2022-09-06T17:12:27","guid":{"rendered":"http:\/\/blogdoarmindomaia.com.br\/?p=2585"},"modified":"2022-09-06T14:12:29","modified_gmt":"2022-09-06T17:12:29","slug":"saude-convoca-criancas-3-para-vacinacao-contra-covid-19-nesta-quinta-8-confira-outras-etapas","status":"publish","type":"post","link":"http:\/\/blogdoarmindomaia.com.br\/?p=2585","title":{"rendered":"Sa\u00fade convoca crian\u00e7as 3+ para vacina\u00e7\u00e3o contra Covid-19 nesta quinta (8); confira outras etapas"},"content":{"rendered":"\n<figure class=\"wp-block-image size-full\"><img loading=\"lazy\" decoding=\"async\" width=\"1024\" height=\"683\" src=\"http:\/\/blogdoarmindomaia.com.br\/wp-content\/uploads\/2022\/09\/vacina-covid-19-araxda.jpg\" alt=\"\" class=\"wp-image-2586\" srcset=\"http:\/\/blogdoarmindomaia.com.br\/wp-content\/uploads\/2022\/09\/vacina-covid-19-araxda.jpg 1024w, http:\/\/blogdoarmindomaia.com.br\/wp-content\/uploads\/2022\/09\/vacina-covid-19-araxda-300x200.jpg 300w, http:\/\/blogdoarmindomaia.com.br\/wp-content\/uploads\/2022\/09\/vacina-covid-19-araxda-768x512.jpg 768w\" sizes=\"auto, (max-width: 1024px) 100vw, 1024px\" \/><\/figure>\n\n\n\n<p>Data: 08\/09\/2022<br>P\u00fablico: Popula\u00e7\u00e3o 18+<br>Local: Unicentro (das 8h \u00e0s 16h)<br>Etapa: 1\u00aa, 2\u00aa e 3\u00aa dose<\/p>\n\n\n\n<p>Data: 08\/09\/2022<br>P\u00fablico: Popula\u00e7\u00e3o 40+ (Incluindo Gestantes e pu\u00e9rperas at\u00e9 45 dias)<br>Local: &nbsp;Unicentro (das 8h \u00e0s 16h)<br>Etapa: 4\u00aa dose<\/p>\n\n\n\n<p>Data: 08\/09\/2022<br>P\u00fablico: Profissionais de Sa\u00fade<br>Local: &nbsp;Unicentro (das 8h \u00e0s 16h)<br>Etapa: 4\u00aa dose<br><br>Data: 08\/09\/2022<br>P\u00fablico: crian\u00e7as de 3 anos e 4 anos imunossuprimidas<br>Local: &nbsp;Unicentro (das 8h \u00e0s 13h)<br>Etapa: 1\u00aa dose<\/p>\n\n\n\n<p>Data: 08\/09\/2022<br>P\u00fablico: crian\u00e7as de 3 a 11 anos<br>Local: &nbsp;Unicentro (das 8h \u00e0s 13h)<br>Etapa: 1\u00aa e 2\u00aa dose (Coronavac e Pfizer Pedi\u00e1trica)<\/p>\n\n\n\n<p>Data: 08\/09\/2022<br>P\u00fablico: Popula\u00e7\u00e3o 12+<br>Local: Unicentro (das 8h \u00e0s 13h)<br>Etapa: 1\u00aa, 2\u00aa e 3\u00aa dose<\/p>\n\n\n\n<p><strong>Documenta\u00e7\u00e3o necess\u00e1ria:<br><\/strong>&#8211; Documento original que tenha o n\u00famero do CPF e o Cart\u00e3o de Vacina.<\/p>\n\n\n\n<p>Lembrando que a 2\u00aa dose \u00e9 aplicada conforme agendamento no Cart\u00e3o de Vacina ou doses em atraso. J\u00e1 a dose de refor\u00e7o deve ser aplicada com intervalo de pelo menos 4 meses desde a \u00faltima dose.<\/p>\n\n\n\n<p>No ato da vacina\u00e7\u00e3o, caso a pessoa seja menor, precisa estar acompanhada de um respons\u00e1vel.<\/p>\n\n\n\n<p>E na vacina\u00e7\u00e3o de crian\u00e7as de 3 a 11 anos, se n\u00e3o estiverem acompanhadas pelos pais, os mesmos devem providenciar um termo de autoriza\u00e7\u00e3o \u00e0 pessoa respons\u00e1vel para ser entregue no local da aplica\u00e7\u00e3o. O modelo do termo est\u00e1 dispon\u00edvel para impress\u00e3o no site (&nbsp;<a href=\"http:\/\/www.araxavacina.com.br\/\" target=\"_blank\" rel=\"noreferrer noopener\">www.araxavacina.com.br<\/a>&nbsp;).<\/p>\n\n\n\n<p>O uso da m\u00e1scara de prote\u00e7\u00e3o continua sendo obrigat\u00f3rio em locais que ofere\u00e7am servi\u00e7os de sa\u00fade, como postos de vacina\u00e7\u00e3o.<\/p>\n\n\n\n<p>O cronograma completo e documenta\u00e7\u00e3o necess\u00e1ria est\u00e3o dispon\u00edveis no site (&nbsp;<a href=\"http:\/\/www.araxavacina.com.br\/cronograma\" target=\"_blank\" rel=\"noreferrer noopener\">www.araxavacina.com.br\/cronograma<\/a>&nbsp;).<\/p>\n","protected":false},"excerpt":{"rendered":"<p>Data: 08\/09\/2022P\u00fablico: Popula\u00e7\u00e3o 18+Local: Unicentro (das 8h \u00e0s 16h)Etapa: 1\u00aa, 2\u00aa e 3\u00aa dose Data: 08\/09\/2022P\u00fablico: Popula\u00e7\u00e3o 40+ (Incluindo Gestantes<\/p>\n","protected":false},"author":2,"featured_media":2586,"comment_status":"open","ping_status":"open","sticky":false,"template":"","format":"standard","meta":{"footnotes":""},"categories":[9,29],"tags":[],"class_list":["post-2585","post","type-post","status-publish","format-standard","has-post-thumbnail","hentry","category-araxa","category-saude"],"_links":{"self":[{"href":"http:\/\/blogdoarmindomaia.com.br\/index.php?rest_route=\/wp\/v2\/posts\/2585","targetHints":{"allow":["GET"]}}],"collection":[{"href":"http:\/\/blogdoarmindomaia.com.br\/index.php?rest_route=\/wp\/v2\/posts"}],"about":[{"href":"http:\/\/blogdoarmindomaia.com.br\/index.php?rest_route=\/wp\/v2\/types\/post"}],"author":[{"embeddable":true,"href":"http:\/\/blogdoarmindomaia.com.br\/index.php?rest_route=\/wp\/v2\/users\/2"}],"replies":[{"embeddable":true,"href":"http:\/\/blogdoarmindomaia.com.br\/index.php?rest_route=%2Fwp%2Fv2%2Fcomments&post=2585"}],"version-history":[{"count":1,"href":"http:\/\/blogdoarmindomaia.com.br\/index.php?rest_route=\/wp\/v2\/posts\/2585\/revisions"}],"predecessor-version":[{"id":2587,"href":"http:\/\/blogdoarmindomaia.com.br\/index.php?rest_route=\/wp\/v2\/posts\/2585\/revisions\/2587"}],"wp:featuredmedia":[{"embeddable":true,"href":"http:\/\/blogdoarmindomaia.com.br\/index.php?rest_route=\/wp\/v2\/media\/2586"}],"wp:attachment":[{"href":"http:\/\/blogdoarmindomaia.com.br\/index.php?rest_route=%2Fwp%2Fv2%2Fmedia&parent=2585"}],"wp:term":[{"taxonomy":"category","embeddable":true,"href":"http:\/\/blogdoarmindomaia.com.br\/index.php?rest_route=%2Fwp%2Fv2%2Fcategories&post=2585"},{"taxonomy":"post_tag","embeddable":true,"href":"http:\/\/blogdoarmindomaia.com.br\/index.php?rest_route=%2Fwp%2Fv2%2Ftags&post=2585"}],"curies":[{"name":"wp","href":"https:\/\/api.w.org\/{rel}","templated":true}]}}