{"id":2588,"date":"2022-09-06T14:15:13","date_gmt":"2022-09-06T17:15:13","guid":{"rendered":"http:\/\/blogdoarmindomaia.com.br\/?p=2588"},"modified":"2022-09-06T14:15:14","modified_gmt":"2022-09-06T17:15:14","slug":"prefeitura-de-araxa-recebe-ato-civico-de-hasteamento-das-bandeiras-antes-do-desfile-de-7-de-setembro","status":"publish","type":"post","link":"http:\/\/blogdoarmindomaia.com.br\/?p=2588","title":{"rendered":"<strong>Prefeitura de Arax\u00e1 recebe ato c\u00edvico de Hasteamento das Bandeiras antes do Desfile de 7 de Setembro<\/strong>"},"content":{"rendered":"\n<figure class=\"wp-block-image size-full\"><img loading=\"lazy\" decoding=\"async\" width=\"1024\" height=\"683\" src=\"http:\/\/blogdoarmindomaia.com.br\/wp-content\/uploads\/2022\/09\/MG_3000.jpg\" alt=\"\" class=\"wp-image-2589\" srcset=\"http:\/\/blogdoarmindomaia.com.br\/wp-content\/uploads\/2022\/09\/MG_3000.jpg 1024w, http:\/\/blogdoarmindomaia.com.br\/wp-content\/uploads\/2022\/09\/MG_3000-300x200.jpg 300w, http:\/\/blogdoarmindomaia.com.br\/wp-content\/uploads\/2022\/09\/MG_3000-768x512.jpg 768w\" sizes=\"auto, (max-width: 1024px) 100vw, 1024px\" \/><\/figure>\n\n\n\n<p>A sede da Prefeitura de Arax\u00e1 recebeu, nesta ter\u00e7a-feira (6), a solenidade de Hasteamento das Bandeiras do Brasil, de Minas Gerais e de Arax\u00e1 dentro das comemora\u00e7\u00f5es da Semana da P\u00e1tria, com o lema \u201cCuidar e educar para transformar vidas\u201d.<\/p>\n\n\n\n<p>O ato contou com as apresenta\u00e7\u00f5es de coreografia com as alunas do Orat\u00f3rio Nossa Senhora Auxiliadora, ao som de \u201cAquarela do Brasil\u201d; do Hino de Arax\u00e1 interpretado pela cantora Ana Cristina do Nascimento e Silva e violonista Guilherme Mendes; e da m\u00fasica \u201cIsso aqui, o que \u00e9?\u201d, tocada pelo saxofonista Rafael Borsato e violonista Rog\u00e9rio Dias.<\/p>\n\n\n\n<p>O prefeito Robson Magela destacou a import\u00e2ncia da Semana da P\u00e1tria para a forma\u00e7\u00e3o cidad\u00e3 e valoriza\u00e7\u00e3o da nossa hist\u00f3ria, principalmente para jovens e crian\u00e7as que s\u00e3o o futuro do Brasil.<\/p>\n\n\n\n<p>O Altar da P\u00e1tria (Pra\u00e7a Arthur Bernardes) e as sedes do Corpo de Bombeiros e do Tiro de Guerra tamb\u00e9m receberam atos c\u00edvicos de Hasteamento das Bandeiras. As solenidades antecedem o tradicional Desfile C\u00edvico de 7 de Setembro que acontece nesta quarta-feira (7), na avenida Get\u00falio Vargas, a partir das 8h.<\/p>\n","protected":false},"excerpt":{"rendered":"<p>A sede da Prefeitura de Arax\u00e1 recebeu, nesta ter\u00e7a-feira (6), a solenidade de Hasteamento das Bandeiras do Brasil, de Minas<\/p>\n","protected":false},"author":2,"featured_media":2589,"comment_status":"open","ping_status":"open","sticky":false,"template":"","format":"standard","meta":{"footnotes":""},"categories":[9,11],"tags":[],"class_list":["post-2588","post","type-post","status-publish","format-standard","has-post-thumbnail","hentry","category-araxa","category-destaques"],"_links":{"self":[{"href":"http:\/\/blogdoarmindomaia.com.br\/index.php?rest_route=\/wp\/v2\/posts\/2588","targetHints":{"allow":["GET"]}}],"collection":[{"href":"http:\/\/blogdoarmindomaia.com.br\/index.php?rest_route=\/wp\/v2\/posts"}],"about":[{"href":"http:\/\/blogdoarmindomaia.com.br\/index.php?rest_route=\/wp\/v2\/types\/post"}],"author":[{"embeddable":true,"href":"http:\/\/blogdoarmindomaia.com.br\/index.php?rest_route=\/wp\/v2\/users\/2"}],"replies":[{"embeddable":true,"href":"http:\/\/blogdoarmindomaia.com.br\/index.php?rest_route=%2Fwp%2Fv2%2Fcomments&post=2588"}],"version-history":[{"count":1,"href":"http:\/\/blogdoarmindomaia.com.br\/index.php?rest_route=\/wp\/v2\/posts\/2588\/revisions"}],"predecessor-version":[{"id":2590,"href":"http:\/\/blogdoarmindomaia.com.br\/index.php?rest_route=\/wp\/v2\/posts\/2588\/revisions\/2590"}],"wp:featuredmedia":[{"embeddable":true,"href":"http:\/\/blogdoarmindomaia.com.br\/index.php?rest_route=\/wp\/v2\/media\/2589"}],"wp:attachment":[{"href":"http:\/\/blogdoarmindomaia.com.br\/index.php?rest_route=%2Fwp%2Fv2%2Fmedia&parent=2588"}],"wp:term":[{"taxonomy":"category","embeddable":true,"href":"http:\/\/blogdoarmindomaia.com.br\/index.php?rest_route=%2Fwp%2Fv2%2Fcategories&post=2588"},{"taxonomy":"post_tag","embeddable":true,"href":"http:\/\/blogdoarmindomaia.com.br\/index.php?rest_route=%2Fwp%2Fv2%2Ftags&post=2588"}],"curies":[{"name":"wp","href":"https:\/\/api.w.org\/{rel}","templated":true}]}}