{"id":260,"date":"2022-04-12T22:02:23","date_gmt":"2022-04-13T01:02:23","guid":{"rendered":"http:\/\/blogdoarmindomaia.com.br\/?p=260"},"modified":"2022-04-12T22:12:51","modified_gmt":"2022-04-13T01:12:51","slug":"arte-para-todos-2a-edicao","status":"publish","type":"post","link":"http:\/\/blogdoarmindomaia.com.br\/?p=260","title":{"rendered":"ARTE PARA TODOS \u2013 2\u00aa EDI\u00c7\u00c3O"},"content":{"rendered":"\n<p>Uma viagem no tempo com o mais not\u00e1vel repert\u00f3rio da m\u00fasica camer\u00edstica brasileira.<\/p>\n\n\n\n<figure class=\"wp-block-image size-medium is-resized is-style-default\"><img decoding=\"async\" src=\"http:\/\/blogdoarmindomaia.com.br\/wp-content\/uploads\/2022\/04\/Anuncio-3-Arte-Para-Todos-1-300x300.jpg\" alt=\"\" class=\"wp-image-261\" width=\"257\" srcset=\"http:\/\/blogdoarmindomaia.com.br\/wp-content\/uploads\/2022\/04\/Anuncio-3-Arte-Para-Todos-1-300x300.jpg 300w, http:\/\/blogdoarmindomaia.com.br\/wp-content\/uploads\/2022\/04\/Anuncio-3-Arte-Para-Todos-1-1024x1024.jpg 1024w, http:\/\/blogdoarmindomaia.com.br\/wp-content\/uploads\/2022\/04\/Anuncio-3-Arte-Para-Todos-1-150x150.jpg 150w, http:\/\/blogdoarmindomaia.com.br\/wp-content\/uploads\/2022\/04\/Anuncio-3-Arte-Para-Todos-1-768x768.jpg 768w, http:\/\/blogdoarmindomaia.com.br\/wp-content\/uploads\/2022\/04\/Anuncio-3-Arte-Para-Todos-1.jpg 1280w\" sizes=\"(max-width: 300px) 100vw, 300px\" \/><\/figure>\n\n\n\n<p>O artista Henrique Natal Vieira oportuniza para toda a comunidade de Arax\u00e1 MG, a segunda edi\u00e7\u00e3o do seu projeto composto por quatro espet\u00e1culos de canto e piano com um repert\u00f3rio composto de admir\u00e1veis e seletas can\u00e7\u00f5es da M\u00fasica Erudita Brasileira a qual come\u00e7ou ainda no tempo da coloniza\u00e7\u00e3o portuguesa, fortalecida e influenciada pelas ra\u00edzes europeias.<\/p>\n\n\n\n<p>A M\u00fasica Erudita no Brasil dos primeiros s\u00e9culos de coloniza\u00e7\u00e3o, vinculava-se estritamente \u00e0 igreja e \u00e0 catequese. Com o passar do tempo, irmandades de m\u00fasica, salas de concerto e manuscritos brasileiros v\u00e3o tra\u00e7ando o perfil de uma atividade crescente no pa\u00eds.<\/p>\n\n\n\n<p>\u00c9 a partir da Semana da Arte Moderna, em 1922, que o Brasil descobre a M\u00fasica Erudita e o pa\u00eds passa, desde ent\u00e3o, a produzir talentos em s\u00e9rie: Villa-Lobos, Lorenzo Fernandez, Francisco Mignone, Radam\u00e9s Gnatalli, Camargo Guarnieri, Guerra-Peixe, Cl\u00e1udio Santoro, entre outros expoentes.<\/p>\n\n\n\n<p>O projeto Arte Para Todos \u2013 2\u00aa Edi\u00e7\u00e3o \u00e9 uma excelente oportunidade para apreciar a m\u00fasica brasileira em sua mais bela e cl\u00e1ssica forma, com entrada livre, gratuita e acess\u00edvel para crian\u00e7as, adolescentes e pessoas da terceira idade, al\u00e9m de int\u00e9rpretes de libras.<\/p>\n\n\n\n<p>Venha prestigiar e desfrute deste momento de cultura e lazer com toda a fam\u00edlia!<\/p>\n\n\n\n<p><strong>OS ARTISTAS<\/strong><\/p>\n\n\n\n<p>Em sua experi\u00eancia art\u00edstica e profissional, Henrique Natal Vieira atuou em v\u00e1rias apresenta\u00e7\u00f5es musicais de pequeno, m\u00e9dio e grande porte, destacando-se em prestigiados eventos de Minas Gerais.<\/p>\n\n\n\n<p>Durante v\u00e1rios anos, coordenou diversos projetos culturais nas \u00e1reas de m\u00fasica e artesanato no munic\u00edpio, sendo tamb\u00e9m professor de artes pl\u00e1sticas, musicaliza\u00e7\u00e3o e cursos livres em escolas, funda\u00e7\u00f5es e outras institui\u00e7\u00f5es de Arax\u00e1 e regi\u00e3o. Um grande talento com o devido reconhecimento em nossa cidade.<\/p>\n\n\n\n<p>Henrique se apresenta com Eleny Almeida de Abreu, pianista e co-repetidora. Ela iniciou seus estudos do piano aos 5 anos com sua irm\u00e3, a professora Ellen Almeida Pereira. Estudou t\u00e9cnica avan\u00e7ada e co-repeti\u00e7\u00e3o com a professora Therezinha Moresky, em Curitiba, e formou-se no Curso T\u00e9cnico de M\u00fasica, com especializa\u00e7\u00e3o no Piano, em 2009, pela Escola Municipal de M\u00fasica Maestro Elias Porf\u00edrio de Azevedo, sob a tutela da professora Eloisa Passos de Abreu da Silva.<\/p>\n\n\n\n<p>Uma dupla de ex\u00edmios profissionais da m\u00fasica para encantar a todos!<\/p>\n\n\n\n<p><strong>PROGRAMA\u00c7\u00c3O<\/strong><\/p>\n\n\n\n<p>18\/04 &#8211; 19h30 &#8211; Teatro Municipal Maximiliano Rocha<\/p>\n\n\n\n<p>24\/04 &#8211; 20h &#8211; Par\u00f3quia M\u00e3e Rainha<\/p>\n\n\n\n<p>25\/04 &#8211; 19h30 &#8211; Teatro Municipal Maximiliano Rocha<\/p>\n\n\n\n<p>01\/05 &#8211; 20h &#8211; Par\u00f3quia de Santos Reis<\/p>\n\n\n\n<p>Lota\u00e7\u00e3o m\u00e1xima limitada \u00e0 capacidade dos locais. \u00c9 necess\u00e1rio apresenta\u00e7\u00e3o do cart\u00e3o de vacina com as duas doses. Ser\u00e3o cumpridos todos os protocolos sanit\u00e1rios contra a COVID-19.<\/p>\n","protected":false},"excerpt":{"rendered":"<p>Uma viagem no tempo com o mais not\u00e1vel repert\u00f3rio da m\u00fasica camer\u00edstica brasileira. O artista Henrique Natal Vieira oportuniza para<\/p>\n","protected":false},"author":2,"featured_media":261,"comment_status":"open","ping_status":"open","sticky":false,"template":"","format":"standard","meta":{"footnotes":""},"categories":[5],"tags":[],"class_list":["post-260","post","type-post","status-publish","format-standard","has-post-thumbnail","hentry","category-arte-e-cultura"],"_links":{"self":[{"href":"http:\/\/blogdoarmindomaia.com.br\/index.php?rest_route=\/wp\/v2\/posts\/260","targetHints":{"allow":["GET"]}}],"collection":[{"href":"http:\/\/blogdoarmindomaia.com.br\/index.php?rest_route=\/wp\/v2\/posts"}],"about":[{"href":"http:\/\/blogdoarmindomaia.com.br\/index.php?rest_route=\/wp\/v2\/types\/post"}],"author":[{"embeddable":true,"href":"http:\/\/blogdoarmindomaia.com.br\/index.php?rest_route=\/wp\/v2\/users\/2"}],"replies":[{"embeddable":true,"href":"http:\/\/blogdoarmindomaia.com.br\/index.php?rest_route=%2Fwp%2Fv2%2Fcomments&post=260"}],"version-history":[{"count":4,"href":"http:\/\/blogdoarmindomaia.com.br\/index.php?rest_route=\/wp\/v2\/posts\/260\/revisions"}],"predecessor-version":[{"id":265,"href":"http:\/\/blogdoarmindomaia.com.br\/index.php?rest_route=\/wp\/v2\/posts\/260\/revisions\/265"}],"wp:featuredmedia":[{"embeddable":true,"href":"http:\/\/blogdoarmindomaia.com.br\/index.php?rest_route=\/wp\/v2\/media\/261"}],"wp:attachment":[{"href":"http:\/\/blogdoarmindomaia.com.br\/index.php?rest_route=%2Fwp%2Fv2%2Fmedia&parent=260"}],"wp:term":[{"taxonomy":"category","embeddable":true,"href":"http:\/\/blogdoarmindomaia.com.br\/index.php?rest_route=%2Fwp%2Fv2%2Fcategories&post=260"},{"taxonomy":"post_tag","embeddable":true,"href":"http:\/\/blogdoarmindomaia.com.br\/index.php?rest_route=%2Fwp%2Fv2%2Ftags&post=260"}],"curies":[{"name":"wp","href":"https:\/\/api.w.org\/{rel}","templated":true}]}}