{"id":2601,"date":"2022-09-08T14:11:32","date_gmt":"2022-09-08T17:11:32","guid":{"rendered":"http:\/\/blogdoarmindomaia.com.br\/?p=2601"},"modified":"2022-09-08T14:11:34","modified_gmt":"2022-09-08T17:11:34","slug":"araxa-moderniza-creches-com-salas-modulares","status":"publish","type":"post","link":"http:\/\/blogdoarmindomaia.com.br\/?p=2601","title":{"rendered":"Arax\u00e1 moderniza creches com salas modulares"},"content":{"rendered":"\n<figure class=\"wp-block-image size-full\"><img loading=\"lazy\" decoding=\"async\" width=\"1024\" height=\"683\" src=\"http:\/\/blogdoarmindomaia.com.br\/wp-content\/uploads\/2022\/09\/Salas-modulares.jpeg\" alt=\"\" class=\"wp-image-2602\" srcset=\"http:\/\/blogdoarmindomaia.com.br\/wp-content\/uploads\/2022\/09\/Salas-modulares.jpeg 1024w, http:\/\/blogdoarmindomaia.com.br\/wp-content\/uploads\/2022\/09\/Salas-modulares-300x200.jpeg 300w, http:\/\/blogdoarmindomaia.com.br\/wp-content\/uploads\/2022\/09\/Salas-modulares-768x512.jpeg 768w\" sizes=\"auto, (max-width: 1024px) 100vw, 1024px\" \/><\/figure>\n\n\n\n<p>A Prefeitura de Arax\u00e1 recebeu 12 salas modulares em quatro Centros Municipais de Educa\u00e7\u00e3o Infantil (Cemeis). Os espa\u00e7os v\u00e3o atender de imediato a redistribui\u00e7\u00e3o de alunos e posterior oferta de novas matr\u00edculas para em 2023, com o objetivo de diminuir a grande demanda de vagas na Educa\u00e7\u00e3o Infantil.<br><br>Al\u00e9m das salas, as quatro unidades tamb\u00e9m foram contempladas com banheiros modulares. S\u00e3o os Cemeis Querobina Gomes Borges (P\u00e3o de A\u00e7\u00facar 4), Professora Marlene Braga Guimar\u00e3es (Max Neumann), Dalva Santos Zema (P\u00e3o de A\u00e7\u00facar) e Doralice Afonso de Azevedo (Ana Ant\u00f4nia). O processo de aquisi\u00e7\u00e3o foi realizado atrav\u00e9s de Ata de Registro de Pre\u00e7o com valor global de R$ 1.914.400 via recursos pr\u00f3prios.<br><br>As salas possuem 18m\u00b2 e os banheiros, 9m\u00b2, sendo todos equipados tamb\u00e9m para atender alunos com defici\u00eancia (PcD). Optando pelas constru\u00e7\u00f5es modulares, a prefeitura contribui significativamente com o meio ambiente, investindo em um projeto de \u201cobra limpa\u201d e minimizando o desperd\u00edcio em rela\u00e7\u00e3o \u00e0 alvenaria.<br><br>A secret\u00e1ria Zulma Moreira comenta sobre a alegria em ver as salas sendo instaladas. \u201cNesta semana finalizamos as instala\u00e7\u00f5es das 12 salas modulares e dos cinco banheiros. \u00c9 uma conquista muito grande. Vamos redistribuir essas crian\u00e7as de acordo com a necessidade e inseri-las nas salas de alta qualidade. Estamos felizes e orgulhosos, \u00e9 um sonho realizado, conseguir atender as regi\u00f5es onde h\u00e1 maior demanda de vagas com essa redistribui\u00e7\u00e3o\u201d, relata.<br><br>O prefeito Robson Magela reitera que este \u00e9 mais um investimento de qualidade empregado na Educa\u00e7\u00e3o. \u201cEssas salas modulares v\u00e3o fazer uma diferen\u00e7a enorme no Ensino Municipal Infantil da cidade. Essa \u00e9 a educa\u00e7\u00e3o que nossas crian\u00e7as merecem, elas s\u00e3o o futuro de Arax\u00e1. Nesta Administra\u00e7\u00e3o a educa\u00e7\u00e3o \u00e9 sempre prioridade\u201d, destaca.<\/p>\n","protected":false},"excerpt":{"rendered":"<p>A Prefeitura de Arax\u00e1 recebeu 12 salas modulares em quatro Centros Municipais de Educa\u00e7\u00e3o Infantil (Cemeis). Os espa\u00e7os v\u00e3o atender<\/p>\n","protected":false},"author":2,"featured_media":2602,"comment_status":"open","ping_status":"open","sticky":false,"template":"","format":"standard","meta":{"footnotes":""},"categories":[9,13],"tags":[],"class_list":["post-2601","post","type-post","status-publish","format-standard","has-post-thumbnail","hentry","category-araxa","category-educacao"],"_links":{"self":[{"href":"http:\/\/blogdoarmindomaia.com.br\/index.php?rest_route=\/wp\/v2\/posts\/2601","targetHints":{"allow":["GET"]}}],"collection":[{"href":"http:\/\/blogdoarmindomaia.com.br\/index.php?rest_route=\/wp\/v2\/posts"}],"about":[{"href":"http:\/\/blogdoarmindomaia.com.br\/index.php?rest_route=\/wp\/v2\/types\/post"}],"author":[{"embeddable":true,"href":"http:\/\/blogdoarmindomaia.com.br\/index.php?rest_route=\/wp\/v2\/users\/2"}],"replies":[{"embeddable":true,"href":"http:\/\/blogdoarmindomaia.com.br\/index.php?rest_route=%2Fwp%2Fv2%2Fcomments&post=2601"}],"version-history":[{"count":1,"href":"http:\/\/blogdoarmindomaia.com.br\/index.php?rest_route=\/wp\/v2\/posts\/2601\/revisions"}],"predecessor-version":[{"id":2603,"href":"http:\/\/blogdoarmindomaia.com.br\/index.php?rest_route=\/wp\/v2\/posts\/2601\/revisions\/2603"}],"wp:featuredmedia":[{"embeddable":true,"href":"http:\/\/blogdoarmindomaia.com.br\/index.php?rest_route=\/wp\/v2\/media\/2602"}],"wp:attachment":[{"href":"http:\/\/blogdoarmindomaia.com.br\/index.php?rest_route=%2Fwp%2Fv2%2Fmedia&parent=2601"}],"wp:term":[{"taxonomy":"category","embeddable":true,"href":"http:\/\/blogdoarmindomaia.com.br\/index.php?rest_route=%2Fwp%2Fv2%2Fcategories&post=2601"},{"taxonomy":"post_tag","embeddable":true,"href":"http:\/\/blogdoarmindomaia.com.br\/index.php?rest_route=%2Fwp%2Fv2%2Ftags&post=2601"}],"curies":[{"name":"wp","href":"https:\/\/api.w.org\/{rel}","templated":true}]}}