{"id":2604,"date":"2022-09-08T14:14:16","date_gmt":"2022-09-08T17:14:16","guid":{"rendered":"http:\/\/blogdoarmindomaia.com.br\/?p=2604"},"modified":"2022-09-08T14:14:18","modified_gmt":"2022-09-08T17:14:18","slug":"dancaraxa-2022-reune-quase-1-500-participantes-de-todo-o-brasil-nem-araxa%ef%bf%bc","status":"publish","type":"post","link":"http:\/\/blogdoarmindomaia.com.br\/?p=2604","title":{"rendered":"Dan\u00e7arax\u00e1 2022 re\u00fane quase 1.500 participantes de todo o Brasil nem Arax\u00e1\ufffc"},"content":{"rendered":"\n<figure class=\"wp-block-image size-large\"><img loading=\"lazy\" decoding=\"async\" width=\"1024\" height=\"682\" src=\"http:\/\/blogdoarmindomaia.com.br\/wp-content\/uploads\/2022\/09\/Dancaraxa-2022-reune-quase-1.500-participantes-de-todo-o-Brasil-nem-Araxa-pag-09-1024x682.jpg\" alt=\"\" class=\"wp-image-2606\" srcset=\"http:\/\/blogdoarmindomaia.com.br\/wp-content\/uploads\/2022\/09\/Dancaraxa-2022-reune-quase-1.500-participantes-de-todo-o-Brasil-nem-Araxa-pag-09-1024x682.jpg 1024w, http:\/\/blogdoarmindomaia.com.br\/wp-content\/uploads\/2022\/09\/Dancaraxa-2022-reune-quase-1.500-participantes-de-todo-o-Brasil-nem-Araxa-pag-09-300x200.jpg 300w, http:\/\/blogdoarmindomaia.com.br\/wp-content\/uploads\/2022\/09\/Dancaraxa-2022-reune-quase-1.500-participantes-de-todo-o-Brasil-nem-Araxa-pag-09-768x512.jpg 768w, http:\/\/blogdoarmindomaia.com.br\/wp-content\/uploads\/2022\/09\/Dancaraxa-2022-reune-quase-1.500-participantes-de-todo-o-Brasil-nem-Araxa-pag-09.jpg 1280w\" sizes=\"auto, (max-width: 1024px) 100vw, 1024px\" \/><\/figure>\n\n\n\n<figure class=\"wp-block-image size-large\"><img loading=\"lazy\" decoding=\"async\" width=\"1024\" height=\"682\" src=\"http:\/\/blogdoarmindomaia.com.br\/wp-content\/uploads\/2022\/09\/8ac3ff9f-e7d0-4206-9eb7-3fbf8d6c034f-1024x682.jpg\" alt=\"\" class=\"wp-image-2605\" srcset=\"http:\/\/blogdoarmindomaia.com.br\/wp-content\/uploads\/2022\/09\/8ac3ff9f-e7d0-4206-9eb7-3fbf8d6c034f-1024x682.jpg 1024w, http:\/\/blogdoarmindomaia.com.br\/wp-content\/uploads\/2022\/09\/8ac3ff9f-e7d0-4206-9eb7-3fbf8d6c034f-300x200.jpg 300w, http:\/\/blogdoarmindomaia.com.br\/wp-content\/uploads\/2022\/09\/8ac3ff9f-e7d0-4206-9eb7-3fbf8d6c034f-768x512.jpg 768w, http:\/\/blogdoarmindomaia.com.br\/wp-content\/uploads\/2022\/09\/8ac3ff9f-e7d0-4206-9eb7-3fbf8d6c034f.jpg 1280w\" sizes=\"auto, (max-width: 1024px) 100vw, 1024px\" \/><\/figure>\n\n\n\n<p>\u201c Est\u00e1 \u00e9 a magia da arte expressa atrav\u00e9s dos movimentos e da dan\u00e7a\u201d, assim definiu a organizadora do evento, Elaine Afonso Borges. Em entrevista ao Jornal Intera\u00e7\u00e3o, Elaine revelou que ao completar 21 anos de Dan\u00e7arax\u00e1, \u201c s\u00f3 a gente sabe como \u00e9 importante para os participantes e as academias em mostrar a arte que cada bailarino tem. E somente por meio de um festival tradicional e consagrado como \u00e9 o Dan\u00e7arax\u00e1, que a gente consegue dar oportunidade para que esses talentos possam dar vida, forma e express\u00e3o a sua arte \u00edmpar\u201d.<\/p>\n\n\n\n<p>A abertura do Festival que retornou a nossa cidade depois de dois anos, por causa da pandemia da Covid-19, foi na noite da \u00faltima quarta-feira, feriado de sete de setembro, tendo pe\u00e7a primeira vez o palco do Teatro Municipal de Arax\u00e1 Maximiliano Rocha. O evento vai at\u00e9 o domingo, dia 11 de setembro e re\u00fane em Arax\u00e1 cerca de&nbsp;1.350 participantes de 61 escolas, advindos de 22 cidades diferentes, para a apresenta\u00e7\u00e3o de aproximadamente 500 coreografias.<\/p>\n\n\n\n<p>E n\u00e3o \u00e9 por acaso que o evento \u00e9 uma refer\u00eancia para o setor, ele tamb\u00e9m possui uma das maiores premia\u00e7\u00f5es do Brasil, com um total de 7 mil reais em pr\u00eamios. Al\u00e9m disso, ir\u00e1 contar com um corpo de jurados composto por profissionais da dan\u00e7a de renome como Adriana Assaf, Emaline Laia, Everson Botelho (Beka) e J\u00falio C\u00e9sar Estevam.<\/p>\n","protected":false},"excerpt":{"rendered":"<p>\u201c Est\u00e1 \u00e9 a magia da arte expressa atrav\u00e9s dos movimentos e da dan\u00e7a\u201d, assim definiu a organizadora do evento,<\/p>\n","protected":false},"author":2,"featured_media":2606,"comment_status":"open","ping_status":"open","sticky":false,"template":"","format":"standard","meta":{"footnotes":""},"categories":[9,5],"tags":[],"class_list":["post-2604","post","type-post","status-publish","format-standard","has-post-thumbnail","hentry","category-araxa","category-arte-e-cultura"],"_links":{"self":[{"href":"http:\/\/blogdoarmindomaia.com.br\/index.php?rest_route=\/wp\/v2\/posts\/2604","targetHints":{"allow":["GET"]}}],"collection":[{"href":"http:\/\/blogdoarmindomaia.com.br\/index.php?rest_route=\/wp\/v2\/posts"}],"about":[{"href":"http:\/\/blogdoarmindomaia.com.br\/index.php?rest_route=\/wp\/v2\/types\/post"}],"author":[{"embeddable":true,"href":"http:\/\/blogdoarmindomaia.com.br\/index.php?rest_route=\/wp\/v2\/users\/2"}],"replies":[{"embeddable":true,"href":"http:\/\/blogdoarmindomaia.com.br\/index.php?rest_route=%2Fwp%2Fv2%2Fcomments&post=2604"}],"version-history":[{"count":1,"href":"http:\/\/blogdoarmindomaia.com.br\/index.php?rest_route=\/wp\/v2\/posts\/2604\/revisions"}],"predecessor-version":[{"id":2607,"href":"http:\/\/blogdoarmindomaia.com.br\/index.php?rest_route=\/wp\/v2\/posts\/2604\/revisions\/2607"}],"wp:featuredmedia":[{"embeddable":true,"href":"http:\/\/blogdoarmindomaia.com.br\/index.php?rest_route=\/wp\/v2\/media\/2606"}],"wp:attachment":[{"href":"http:\/\/blogdoarmindomaia.com.br\/index.php?rest_route=%2Fwp%2Fv2%2Fmedia&parent=2604"}],"wp:term":[{"taxonomy":"category","embeddable":true,"href":"http:\/\/blogdoarmindomaia.com.br\/index.php?rest_route=%2Fwp%2Fv2%2Fcategories&post=2604"},{"taxonomy":"post_tag","embeddable":true,"href":"http:\/\/blogdoarmindomaia.com.br\/index.php?rest_route=%2Fwp%2Fv2%2Ftags&post=2604"}],"curies":[{"name":"wp","href":"https:\/\/api.w.org\/{rel}","templated":true}]}}