{"id":2624,"date":"2022-09-09T10:59:17","date_gmt":"2022-09-09T13:59:17","guid":{"rendered":"http:\/\/blogdoarmindomaia.com.br\/?p=2624"},"modified":"2022-09-09T10:59:19","modified_gmt":"2022-09-09T13:59:19","slug":"parada-civica-em-araxa-destaca-a-educacao-como-ferramenta-para-transformar-vidas%ef%bf%bc","status":"publish","type":"post","link":"http:\/\/blogdoarmindomaia.com.br\/?p=2624","title":{"rendered":"Parada C\u00edvica em Arax\u00e1 destaca a educa\u00e7\u00e3o como ferramenta para transformar vidas\ufffc"},"content":{"rendered":"\n<figure class=\"wp-block-image size-full\"><img loading=\"lazy\" decoding=\"async\" width=\"1024\" height=\"683\" src=\"http:\/\/blogdoarmindomaia.com.br\/wp-content\/uploads\/2022\/09\/desfile-civico-5.jpeg\" alt=\"\" class=\"wp-image-2626\" srcset=\"http:\/\/blogdoarmindomaia.com.br\/wp-content\/uploads\/2022\/09\/desfile-civico-5.jpeg 1024w, http:\/\/blogdoarmindomaia.com.br\/wp-content\/uploads\/2022\/09\/desfile-civico-5-300x200.jpeg 300w, http:\/\/blogdoarmindomaia.com.br\/wp-content\/uploads\/2022\/09\/desfile-civico-5-768x512.jpeg 768w\" sizes=\"auto, (max-width: 1024px) 100vw, 1024px\" \/><\/figure>\n\n\n\n<figure class=\"wp-block-image size-full\"><img loading=\"lazy\" decoding=\"async\" width=\"1024\" height=\"683\" src=\"http:\/\/blogdoarmindomaia.com.br\/wp-content\/uploads\/2022\/09\/desfile-civico-23.jpeg\" alt=\"\" class=\"wp-image-2628\" srcset=\"http:\/\/blogdoarmindomaia.com.br\/wp-content\/uploads\/2022\/09\/desfile-civico-23.jpeg 1024w, http:\/\/blogdoarmindomaia.com.br\/wp-content\/uploads\/2022\/09\/desfile-civico-23-300x200.jpeg 300w, http:\/\/blogdoarmindomaia.com.br\/wp-content\/uploads\/2022\/09\/desfile-civico-23-768x512.jpeg 768w\" sizes=\"auto, (max-width: 1024px) 100vw, 1024px\" \/><\/figure>\n\n\n\n<figure class=\"wp-block-image size-full\"><img loading=\"lazy\" decoding=\"async\" width=\"1024\" height=\"683\" src=\"http:\/\/blogdoarmindomaia.com.br\/wp-content\/uploads\/2022\/09\/Parada-Civica-em-Araxa-destaca-a-educacao-como-ferramenta-para-transformar-vidas-pag-09.jpeg\" alt=\"\" class=\"wp-image-2630\" srcset=\"http:\/\/blogdoarmindomaia.com.br\/wp-content\/uploads\/2022\/09\/Parada-Civica-em-Araxa-destaca-a-educacao-como-ferramenta-para-transformar-vidas-pag-09.jpeg 1024w, http:\/\/blogdoarmindomaia.com.br\/wp-content\/uploads\/2022\/09\/Parada-Civica-em-Araxa-destaca-a-educacao-como-ferramenta-para-transformar-vidas-pag-09-300x200.jpeg 300w, http:\/\/blogdoarmindomaia.com.br\/wp-content\/uploads\/2022\/09\/Parada-Civica-em-Araxa-destaca-a-educacao-como-ferramenta-para-transformar-vidas-pag-09-768x512.jpeg 768w\" sizes=\"auto, (max-width: 1024px) 100vw, 1024px\" \/><\/figure>\n\n\n\n<figure class=\"wp-block-image size-full\"><img loading=\"lazy\" decoding=\"async\" width=\"1024\" height=\"683\" src=\"http:\/\/blogdoarmindomaia.com.br\/wp-content\/uploads\/2022\/09\/desfile-civico-31.jpeg\" alt=\"\" class=\"wp-image-2629\" srcset=\"http:\/\/blogdoarmindomaia.com.br\/wp-content\/uploads\/2022\/09\/desfile-civico-31.jpeg 1024w, http:\/\/blogdoarmindomaia.com.br\/wp-content\/uploads\/2022\/09\/desfile-civico-31-300x200.jpeg 300w, http:\/\/blogdoarmindomaia.com.br\/wp-content\/uploads\/2022\/09\/desfile-civico-31-768x512.jpeg 768w\" sizes=\"auto, (max-width: 1024px) 100vw, 1024px\" \/><\/figure>\n\n\n\n<figure class=\"wp-block-image size-full\"><img loading=\"lazy\" decoding=\"async\" width=\"1024\" height=\"683\" src=\"http:\/\/blogdoarmindomaia.com.br\/wp-content\/uploads\/2022\/09\/desfile-civico-28.jpeg\" alt=\"\" class=\"wp-image-2627\" srcset=\"http:\/\/blogdoarmindomaia.com.br\/wp-content\/uploads\/2022\/09\/desfile-civico-28.jpeg 1024w, http:\/\/blogdoarmindomaia.com.br\/wp-content\/uploads\/2022\/09\/desfile-civico-28-300x200.jpeg 300w, http:\/\/blogdoarmindomaia.com.br\/wp-content\/uploads\/2022\/09\/desfile-civico-28-768x512.jpeg 768w\" sizes=\"auto, (max-width: 1024px) 100vw, 1024px\" \/><\/figure>\n\n\n\n<figure class=\"wp-block-image size-full\"><img loading=\"lazy\" decoding=\"async\" width=\"1024\" height=\"683\" src=\"http:\/\/blogdoarmindomaia.com.br\/wp-content\/uploads\/2022\/09\/desfile-civico-4.jpeg\" alt=\"\" class=\"wp-image-2625\" srcset=\"http:\/\/blogdoarmindomaia.com.br\/wp-content\/uploads\/2022\/09\/desfile-civico-4.jpeg 1024w, http:\/\/blogdoarmindomaia.com.br\/wp-content\/uploads\/2022\/09\/desfile-civico-4-300x200.jpeg 300w, http:\/\/blogdoarmindomaia.com.br\/wp-content\/uploads\/2022\/09\/desfile-civico-4-768x512.jpeg 768w\" sizes=\"auto, (max-width: 1024px) 100vw, 1024px\" \/><\/figure>\n\n\n\n<p>&nbsp;A festa c\u00edvica de sete de setembro em Arax\u00e1, foi realizada na avenida Get\u00falio Vargas e teve a coordena\u00e7\u00e3o da Secretaria Municipal de Educa\u00e7\u00e3o. A parada c\u00edvica teve in\u00edcio as oito horas da manh\u00e3 e reuni\u00e3o cerca de 13O entidades num desfile verde e amarelo que encantou o p\u00fablico que prestigiou o evento.<\/p>\n\n\n\n<p>A abertura foi feita pela guarda bandeira da Pol\u00edcia Militar e o encerramento pelos atiradores do TG 04001. O evento que celebrou o bicenten\u00e1rio da independ\u00eancia do Brasil teve um desfile com 12 blocos e a participa\u00e7\u00e3o de 135 entidades diversas como; servidores p\u00fablicos, clubes de servi\u00e7o, esportivos, sociais, institui\u00e7\u00f5es, associa\u00e7\u00f5es, For\u00e7as de Seguran\u00e7a e ainda mais de mil estudantes da rede municipal de ensino.<\/p>\n\n\n\n<p>Um palanque foi armado&nbsp; de frente ao altar da p\u00e1tria, que fica na pra\u00e7a Arthur Bernardes, em frete ao pr\u00e9dio da Funda\u00e7\u00e3o Cultural Calmon Barreto, para receber as autoridades civis, militares e convidados. O prefeito de Arax\u00e1 Robson Magela e a Secret\u00e1ria de Educa\u00e7\u00e3o Zulma Moreira foram os anfitri\u00f5es do ato c\u00edvico.<\/p>\n\n\n\n<p>Este ano o tema do desfile c\u00edvico de Arax\u00e1 foi: \u201c Cuidar e Educar para Transformar Vidas\u201d. E de acordo com a Secret\u00e1ria Municipal de Educa\u00e7\u00e3o de Arax\u00e1 Zulma Moreira, \u201cEst\u00e1vamos h\u00e1 dois anos sem desfile, sem sair \u00e0s ruas, lutando contra uma pandemia. Ent\u00e3o o desfile \u00e9 um louvor a vida , a P\u00e1tria , a liberdade, ao respeito entre as pessoas . Foram 12 blocos com representantes de todas as entidades representativas de nossa sociedade. Um desfile ordeiro , acompanhado por milhares de pessoas onde reverenciamos a liberdade e a nossa P\u00e1tria\u201d.<\/p>\n\n\n\n<p>J\u00e1 o prefeito de Arax\u00e1 Robson Magela, disse que, \u201c esse ato c\u00edvico, representa um trabalho bacana que as institui\u00e7\u00f5es sempre fizeram e a prefeitura de Arax\u00e1 sempre muito atenta consegue &nbsp;valorizar o terceiro setor e eles sempre participam do desfile depois de quase dois anos de pandemia, com muito orgulho para mostrar suas a\u00e7\u00f5es e &nbsp;trabalhos que realizam em prol da comunidade local. Para n\u00f3s \u00e9 uma felicidade poder ver, depois de quase dois anos, &nbsp;a avenida lotada desse jeito.\u201d<\/p>\n","protected":false},"excerpt":{"rendered":"<p>&nbsp;A festa c\u00edvica de sete de setembro em Arax\u00e1, foi realizada na avenida Get\u00falio Vargas e teve a coordena\u00e7\u00e3o da<\/p>\n","protected":false},"author":2,"featured_media":2630,"comment_status":"open","ping_status":"open","sticky":false,"template":"","format":"standard","meta":{"footnotes":""},"categories":[9,11],"tags":[],"class_list":["post-2624","post","type-post","status-publish","format-standard","has-post-thumbnail","hentry","category-araxa","category-destaques"],"_links":{"self":[{"href":"http:\/\/blogdoarmindomaia.com.br\/index.php?rest_route=\/wp\/v2\/posts\/2624","targetHints":{"allow":["GET"]}}],"collection":[{"href":"http:\/\/blogdoarmindomaia.com.br\/index.php?rest_route=\/wp\/v2\/posts"}],"about":[{"href":"http:\/\/blogdoarmindomaia.com.br\/index.php?rest_route=\/wp\/v2\/types\/post"}],"author":[{"embeddable":true,"href":"http:\/\/blogdoarmindomaia.com.br\/index.php?rest_route=\/wp\/v2\/users\/2"}],"replies":[{"embeddable":true,"href":"http:\/\/blogdoarmindomaia.com.br\/index.php?rest_route=%2Fwp%2Fv2%2Fcomments&post=2624"}],"version-history":[{"count":1,"href":"http:\/\/blogdoarmindomaia.com.br\/index.php?rest_route=\/wp\/v2\/posts\/2624\/revisions"}],"predecessor-version":[{"id":2631,"href":"http:\/\/blogdoarmindomaia.com.br\/index.php?rest_route=\/wp\/v2\/posts\/2624\/revisions\/2631"}],"wp:featuredmedia":[{"embeddable":true,"href":"http:\/\/blogdoarmindomaia.com.br\/index.php?rest_route=\/wp\/v2\/media\/2630"}],"wp:attachment":[{"href":"http:\/\/blogdoarmindomaia.com.br\/index.php?rest_route=%2Fwp%2Fv2%2Fmedia&parent=2624"}],"wp:term":[{"taxonomy":"category","embeddable":true,"href":"http:\/\/blogdoarmindomaia.com.br\/index.php?rest_route=%2Fwp%2Fv2%2Fcategories&post=2624"},{"taxonomy":"post_tag","embeddable":true,"href":"http:\/\/blogdoarmindomaia.com.br\/index.php?rest_route=%2Fwp%2Fv2%2Ftags&post=2624"}],"curies":[{"name":"wp","href":"https:\/\/api.w.org\/{rel}","templated":true}]}}