{"id":2638,"date":"2022-09-12T14:35:27","date_gmt":"2022-09-12T17:35:27","guid":{"rendered":"http:\/\/blogdoarmindomaia.com.br\/?p=2638"},"modified":"2022-09-12T14:35:29","modified_gmt":"2022-09-12T17:35:29","slug":"uniaraxa-participa-do-desfile-civico-de-7-de-setembro","status":"publish","type":"post","link":"http:\/\/blogdoarmindomaia.com.br\/?p=2638","title":{"rendered":"UNIARAX\u00c1 participa do desfile c\u00edvico de 7 de setembro"},"content":{"rendered":"\n<p>Fundado em 1972o UNIARAX\u00c1participou do Desfile C\u00edvico de 7 de setembro e fez alus\u00e3o&nbsp;aos 50 anos de sua cria\u00e7\u00e3o e&nbsp;ao Bicenten\u00e1rio da Independ\u00eancia do Brasil.&nbsp;<\/p>\n\n\n\n<p>Com 150 integrantes na avenida apresentou ao p\u00fablico presente um pouco do que se constitui hoje o UNIARAX\u00c1, dividindo-se em 4 blocos, com faixas especiais e a participa\u00e7\u00e3o especial da fanfarra do Clube Tunac, assim divididos:<\/p>\n\n\n\n<figure class=\"wp-block-image size-large\"><img loading=\"lazy\" decoding=\"async\" width=\"1024\" height=\"576\" src=\"http:\/\/blogdoarmindomaia.com.br\/wp-content\/uploads\/2022\/09\/unnamed-1-1024x576.jpg\" alt=\"\" class=\"wp-image-2639\" srcset=\"http:\/\/blogdoarmindomaia.com.br\/wp-content\/uploads\/2022\/09\/unnamed-1-1024x576.jpg 1024w, http:\/\/blogdoarmindomaia.com.br\/wp-content\/uploads\/2022\/09\/unnamed-1-300x169.jpg 300w, http:\/\/blogdoarmindomaia.com.br\/wp-content\/uploads\/2022\/09\/unnamed-1-768x432.jpg 768w, http:\/\/blogdoarmindomaia.com.br\/wp-content\/uploads\/2022\/09\/unnamed-1-1536x864.jpg 1536w, http:\/\/blogdoarmindomaia.com.br\/wp-content\/uploads\/2022\/09\/unnamed-1.jpg 1600w\" sizes=\"auto, (max-width: 1024px) 100vw, 1024px\" \/><\/figure>\n\n\n\n<p>Na FAIXA 1:&nbsp;<strong>UNIARAX\u00c1 \u2013 50 anos<\/strong><\/p>\n\n\n\n<p>\u00c9 com alegria que o UNIARAX\u00c1 integrado ao Desfile c\u00edvico, comemora juntamente com a comunidade araxaense o jubileu de 50 anos de hist\u00f3ria. Perfilados na Avenida, representantes da Academia sa\u00fadam a P\u00e1tria-Cidade e a Administra\u00e7\u00e3o de Arax\u00e1.<\/p>\n\n\n\n<figure class=\"wp-block-image size-large\"><img loading=\"lazy\" decoding=\"async\" width=\"1024\" height=\"535\" src=\"http:\/\/blogdoarmindomaia.com.br\/wp-content\/uploads\/2022\/09\/unnamed-2-1024x535.jpg\" alt=\"\" class=\"wp-image-2640\" srcset=\"http:\/\/blogdoarmindomaia.com.br\/wp-content\/uploads\/2022\/09\/unnamed-2-1024x535.jpg 1024w, http:\/\/blogdoarmindomaia.com.br\/wp-content\/uploads\/2022\/09\/unnamed-2-300x157.jpg 300w, http:\/\/blogdoarmindomaia.com.br\/wp-content\/uploads\/2022\/09\/unnamed-2-768x401.jpg 768w, http:\/\/blogdoarmindomaia.com.br\/wp-content\/uploads\/2022\/09\/unnamed-2-390x205.jpg 390w, http:\/\/blogdoarmindomaia.com.br\/wp-content\/uploads\/2022\/09\/unnamed-2.jpg 1378w\" sizes=\"auto, (max-width: 1024px) 100vw, 1024px\" \/><\/figure>\n\n\n\n<p><\/p>\n\n\n\n<p>Na FAIXA 2:&nbsp;<strong>UNIARAX\u00c1: Acredite, Perten\u00e7a, Torne-se<\/strong><\/p>\n\n\n\n<p>Apresenta colaboradores e discentes com seus respectivos filhos carregando mudas de arvores, em uma alus\u00e3o a perpetua\u00e7\u00e3o do conhecimento e sua responsabilidade social.<\/p>\n\n\n\n<p><strong>FANFARRA DO CLUBE TUNAC<\/strong><\/p>\n\n\n\n<figure class=\"wp-block-image size-large\"><img loading=\"lazy\" decoding=\"async\" width=\"1024\" height=\"461\" src=\"http:\/\/blogdoarmindomaia.com.br\/wp-content\/uploads\/2022\/09\/unnamed-3-1024x461.jpg\" alt=\"\" class=\"wp-image-2641\" srcset=\"http:\/\/blogdoarmindomaia.com.br\/wp-content\/uploads\/2022\/09\/unnamed-3-1024x461.jpg 1024w, http:\/\/blogdoarmindomaia.com.br\/wp-content\/uploads\/2022\/09\/unnamed-3-300x135.jpg 300w, http:\/\/blogdoarmindomaia.com.br\/wp-content\/uploads\/2022\/09\/unnamed-3-768x346.jpg 768w, http:\/\/blogdoarmindomaia.com.br\/wp-content\/uploads\/2022\/09\/unnamed-3-1536x692.jpg 1536w, http:\/\/blogdoarmindomaia.com.br\/wp-content\/uploads\/2022\/09\/unnamed-3-2048x922.jpg 2048w\" sizes=\"auto, (max-width: 1024px) 100vw, 1024px\" \/><\/figure>\n\n\n\n<p>Na FAIXA 3:&nbsp;<strong>NOSSA MISS\u00c3O:&nbsp;\u201c<\/strong><em>Promover a educa\u00e7\u00e3o cidad\u00e3, por meio do Ensino, Pesquisa e Extens\u00e3o, para a empregabilidade e a sustentabilidade, com \u00e9tica e respeito \u00e0s pessoas&#8221;.<\/em><\/p>\n\n\n\n<p>Apresenta \u00e0 comunidade sua contribui\u00e7\u00e3o para o desenvolvimento local e regional, por meio dos Cursos ofertados: Administra\u00e7\u00e3o, Agronomia, Arquitetura e Urbanismo, Ci\u00eancias Cont\u00e1beis, Direito, Educa\u00e7\u00e3o F\u00edsica, Enfermagem, Fisioterapia, Engenharia Ambiental e Sanit\u00e1ria, Engenharia Civil, Engenharia de Produ\u00e7\u00e3o, Engenharia Mec\u00e2nica, Gest\u00e3o Comercial, Gest\u00e3o de Recursos Humanos, Est\u00e9tica e Cosm\u00e9tica, Pedagogia, Psicologia, Biomedicina, Servi\u00e7o Social, Nutri\u00e7\u00e3o, Sistemas de Informa\u00e7\u00e3o, Letras, Gest\u00e3o Financeira, An\u00e1lise e Desenvolvimento de Sistemas.<\/p>\n\n\n\n<figure class=\"wp-block-image size-large\"><img loading=\"lazy\" decoding=\"async\" width=\"1024\" height=\"461\" src=\"http:\/\/blogdoarmindomaia.com.br\/wp-content\/uploads\/2022\/09\/unnamed-4-1024x461.jpg\" alt=\"\" class=\"wp-image-2642\" srcset=\"http:\/\/blogdoarmindomaia.com.br\/wp-content\/uploads\/2022\/09\/unnamed-4-1024x461.jpg 1024w, http:\/\/blogdoarmindomaia.com.br\/wp-content\/uploads\/2022\/09\/unnamed-4-300x135.jpg 300w, http:\/\/blogdoarmindomaia.com.br\/wp-content\/uploads\/2022\/09\/unnamed-4-768x346.jpg 768w, http:\/\/blogdoarmindomaia.com.br\/wp-content\/uploads\/2022\/09\/unnamed-4-1536x692.jpg 1536w, http:\/\/blogdoarmindomaia.com.br\/wp-content\/uploads\/2022\/09\/unnamed-4-2048x922.jpg 2048w\" sizes=\"auto, (max-width: 1024px) 100vw, 1024px\" \/><\/figure>\n\n\n\n<p>Na FAIXA:&nbsp;<strong>Bicenten\u00e1rio da Independ\u00eancia: Soberania \u00e9 Liberdade<\/strong><\/p>\n\n\n\n<p>Duas datas muito importantes s\u00e3o comemoradas neste ano de 2022, o Bicenten\u00e1rio da Independ\u00eancia e a comemora\u00e7\u00e3o dos 50 anos do UNIARAX\u00c1, num gesto de comemora\u00e7\u00e3o e alegria apresenta bandeira flamulantes nas cores da institui\u00e7\u00e3o e da P\u00e1tria.<\/p>\n\n\n\n<figure class=\"wp-block-image size-large\"><img loading=\"lazy\" decoding=\"async\" width=\"1024\" height=\"524\" src=\"http:\/\/blogdoarmindomaia.com.br\/wp-content\/uploads\/2022\/09\/unnamed-5-1024x524.jpg\" alt=\"\" class=\"wp-image-2643\" srcset=\"http:\/\/blogdoarmindomaia.com.br\/wp-content\/uploads\/2022\/09\/unnamed-5-1024x524.jpg 1024w, http:\/\/blogdoarmindomaia.com.br\/wp-content\/uploads\/2022\/09\/unnamed-5-300x154.jpg 300w, http:\/\/blogdoarmindomaia.com.br\/wp-content\/uploads\/2022\/09\/unnamed-5-768x393.jpg 768w, http:\/\/blogdoarmindomaia.com.br\/wp-content\/uploads\/2022\/09\/unnamed-5.jpg 1280w\" sizes=\"auto, (max-width: 1024px) 100vw, 1024px\" \/><\/figure>\n\n\n\n<p>Por fim, o desfile finalizou com os carros e bicicletas do UNIARAX\u00c1.<\/p>\n\n\n\n<figure class=\"wp-block-image size-large\"><img loading=\"lazy\" decoding=\"async\" width=\"1024\" height=\"589\" src=\"http:\/\/blogdoarmindomaia.com.br\/wp-content\/uploads\/2022\/09\/unnamed-8-1024x589.jpg\" alt=\"\" class=\"wp-image-2646\" srcset=\"http:\/\/blogdoarmindomaia.com.br\/wp-content\/uploads\/2022\/09\/unnamed-8-1024x589.jpg 1024w, http:\/\/blogdoarmindomaia.com.br\/wp-content\/uploads\/2022\/09\/unnamed-8-300x173.jpg 300w, http:\/\/blogdoarmindomaia.com.br\/wp-content\/uploads\/2022\/09\/unnamed-8-768x442.jpg 768w, http:\/\/blogdoarmindomaia.com.br\/wp-content\/uploads\/2022\/09\/unnamed-8.jpg 1280w\" sizes=\"auto, (max-width: 1024px) 100vw, 1024px\" \/><\/figure>\n\n\n\n<div class=\"wp-block-cover\"><span aria-hidden=\"true\" class=\"wp-block-cover__background has-background-dim\"><\/span><img loading=\"lazy\" decoding=\"async\" width=\"1024\" height=\"597\" class=\"wp-block-cover__image-background wp-image-2645\" alt=\"\" src=\"http:\/\/blogdoarmindomaia.com.br\/wp-content\/uploads\/2022\/09\/unnamed-7-1024x597.jpg\" data-object-fit=\"cover\" srcset=\"http:\/\/blogdoarmindomaia.com.br\/wp-content\/uploads\/2022\/09\/unnamed-7-1024x597.jpg 1024w, http:\/\/blogdoarmindomaia.com.br\/wp-content\/uploads\/2022\/09\/unnamed-7-300x175.jpg 300w, http:\/\/blogdoarmindomaia.com.br\/wp-content\/uploads\/2022\/09\/unnamed-7-768x448.jpg 768w, http:\/\/blogdoarmindomaia.com.br\/wp-content\/uploads\/2022\/09\/unnamed-7.jpg 1252w\" sizes=\"auto, (max-width: 1024px) 100vw, 1024px\" \/><div class=\"wp-block-cover__inner-container is-layout-flow wp-block-cover-is-layout-flow\">\n<p class=\"has-text-align-center has-large-font-size\"><\/p>\n<\/div><\/div>\n\n\n\n<figure class=\"wp-block-image size-large\"><img loading=\"lazy\" decoding=\"async\" width=\"1024\" height=\"576\" src=\"http:\/\/blogdoarmindomaia.com.br\/wp-content\/uploads\/2022\/09\/unnamed-6-1024x576.jpg\" alt=\"\" class=\"wp-image-2644\" srcset=\"http:\/\/blogdoarmindomaia.com.br\/wp-content\/uploads\/2022\/09\/unnamed-6-1024x576.jpg 1024w, http:\/\/blogdoarmindomaia.com.br\/wp-content\/uploads\/2022\/09\/unnamed-6-300x169.jpg 300w, http:\/\/blogdoarmindomaia.com.br\/wp-content\/uploads\/2022\/09\/unnamed-6-768x432.jpg 768w, http:\/\/blogdoarmindomaia.com.br\/wp-content\/uploads\/2022\/09\/unnamed-6-1536x864.jpg 1536w, http:\/\/blogdoarmindomaia.com.br\/wp-content\/uploads\/2022\/09\/unnamed-6-2048x1152.jpg 2048w\" sizes=\"auto, (max-width: 1024px) 100vw, 1024px\" \/><\/figure>\n","protected":false},"excerpt":{"rendered":"<p>Fundado em 1972o UNIARAX\u00c1participou do Desfile C\u00edvico de 7 de setembro e fez alus\u00e3o&nbsp;aos 50 anos de sua cria\u00e7\u00e3o e&nbsp;ao<\/p>\n","protected":false},"author":2,"featured_media":2639,"comment_status":"open","ping_status":"open","sticky":false,"template":"","format":"standard","meta":{"footnotes":""},"categories":[9,11,13],"tags":[],"class_list":["post-2638","post","type-post","status-publish","format-standard","has-post-thumbnail","hentry","category-araxa","category-destaques","category-educacao"],"_links":{"self":[{"href":"http:\/\/blogdoarmindomaia.com.br\/index.php?rest_route=\/wp\/v2\/posts\/2638","targetHints":{"allow":["GET"]}}],"collection":[{"href":"http:\/\/blogdoarmindomaia.com.br\/index.php?rest_route=\/wp\/v2\/posts"}],"about":[{"href":"http:\/\/blogdoarmindomaia.com.br\/index.php?rest_route=\/wp\/v2\/types\/post"}],"author":[{"embeddable":true,"href":"http:\/\/blogdoarmindomaia.com.br\/index.php?rest_route=\/wp\/v2\/users\/2"}],"replies":[{"embeddable":true,"href":"http:\/\/blogdoarmindomaia.com.br\/index.php?rest_route=%2Fwp%2Fv2%2Fcomments&post=2638"}],"version-history":[{"count":1,"href":"http:\/\/blogdoarmindomaia.com.br\/index.php?rest_route=\/wp\/v2\/posts\/2638\/revisions"}],"predecessor-version":[{"id":2647,"href":"http:\/\/blogdoarmindomaia.com.br\/index.php?rest_route=\/wp\/v2\/posts\/2638\/revisions\/2647"}],"wp:featuredmedia":[{"embeddable":true,"href":"http:\/\/blogdoarmindomaia.com.br\/index.php?rest_route=\/wp\/v2\/media\/2639"}],"wp:attachment":[{"href":"http:\/\/blogdoarmindomaia.com.br\/index.php?rest_route=%2Fwp%2Fv2%2Fmedia&parent=2638"}],"wp:term":[{"taxonomy":"category","embeddable":true,"href":"http:\/\/blogdoarmindomaia.com.br\/index.php?rest_route=%2Fwp%2Fv2%2Fcategories&post=2638"},{"taxonomy":"post_tag","embeddable":true,"href":"http:\/\/blogdoarmindomaia.com.br\/index.php?rest_route=%2Fwp%2Fv2%2Ftags&post=2638"}],"curies":[{"name":"wp","href":"https:\/\/api.w.org\/{rel}","templated":true}]}}