{"id":2663,"date":"2022-09-14T11:03:14","date_gmt":"2022-09-14T14:03:14","guid":{"rendered":"http:\/\/blogdoarmindomaia.com.br\/?p=2663"},"modified":"2022-09-14T11:03:16","modified_gmt":"2022-09-14T14:03:16","slug":"prefeitura-convoca-familias-de-baixa-renda-para-inscricao-ou-atualizacao-do-cadunico","status":"publish","type":"post","link":"http:\/\/blogdoarmindomaia.com.br\/?p=2663","title":{"rendered":"<strong>Prefeitura convoca fam\u00edlias de baixa renda para inscri\u00e7\u00e3o ou atualiza\u00e7\u00e3o do Cad\u00danico<br><\/strong><br>"},"content":{"rendered":"\n<figure class=\"wp-block-image size-full\"><img loading=\"lazy\" decoding=\"async\" width=\"1024\" height=\"683\" src=\"http:\/\/blogdoarmindomaia.com.br\/wp-content\/uploads\/2022\/09\/cadunico.jpeg\" alt=\"\" class=\"wp-image-2664\" srcset=\"http:\/\/blogdoarmindomaia.com.br\/wp-content\/uploads\/2022\/09\/cadunico.jpeg 1024w, http:\/\/blogdoarmindomaia.com.br\/wp-content\/uploads\/2022\/09\/cadunico-300x200.jpeg 300w, http:\/\/blogdoarmindomaia.com.br\/wp-content\/uploads\/2022\/09\/cadunico-768x512.jpeg 768w\" sizes=\"auto, (max-width: 1024px) 100vw, 1024px\" \/><\/figure>\n\n\n\n<p>Mais dignidade, concess\u00e3o de direitos e assist\u00eancia social. A Secretaria Municipal de A\u00e7\u00e3o Social convoca fam\u00edlias de baixa renda para se inscrever ou atualizar os dados no Cadastro \u00danico (Cad\u00danico).<br><br>O Cad\u00danico \u00e9 a principal porta de entrada para que fam\u00edlias em situa\u00e7\u00e3o de pobreza ou de extrema pobreza recebam benef\u00edcios. \u00c9 por ele que a popula\u00e7\u00e3o tem acesso aos programas federais, estaduais e municipais, como o Renda B\u00e1sica, M\u00e3os \u00e0 Obra, Belo Banho, Regulariza\u00e7\u00e3o Fundi\u00e1ria, Aux\u00edlio Moradia, entre outros.<br><br>A inscri\u00e7\u00e3o deve ser feita no Centro de Refer\u00eancia e Assist\u00eancia Social (CRAS) mais pr\u00f3ximo ou na sede da Secretaria Municipal de A\u00e7\u00e3o Social. Para se inscrever \u00e9 necess\u00e1rio o n\u00famero de Identifica\u00e7\u00e3o Social (NIS), CPF, RG, Comprovante de Resid\u00eancia, Certid\u00e3o de Nascimento, Certid\u00e3o de Casamento ou Div\u00f3rcio, Comprovante de Renda, Comprovante de matr\u00edcula (de todos os dependentes matriculados em uma institui\u00e7\u00e3o de ensino).<br><br>De acordo com o secret\u00e1rio Wagner Cruz, \u00e9 importante que a popula\u00e7\u00e3o se cadastre para ter acesso aos benef\u00edcios. \u201cO Cad\u00danico \u00e9 um instrumento de identifica\u00e7\u00e3o e caracteriza\u00e7\u00e3o socioecon\u00f4mica que possibilita o acesso de pessoas e fam\u00edlias a diversos programas e benef\u00edcios sociais. \u00c9 por meio dele que n\u00f3s, enquanto Administra\u00e7\u00e3o Municipal, podemos conhecer a realidade dos cadastrados, possibilitando o desenvolvimento de a\u00e7\u00f5es governamentais voltadas para essa classe, da forma mais assertiva poss\u00edvel\u201d, destaca.<\/p>\n","protected":false},"excerpt":{"rendered":"<p>Mais dignidade, concess\u00e3o de direitos e assist\u00eancia social. A Secretaria Municipal de A\u00e7\u00e3o Social convoca fam\u00edlias de baixa renda para<\/p>\n","protected":false},"author":2,"featured_media":2664,"comment_status":"open","ping_status":"open","sticky":false,"template":"","format":"standard","meta":{"footnotes":""},"categories":[9,8],"tags":[],"class_list":["post-2663","post","type-post","status-publish","format-standard","has-post-thumbnail","hentry","category-araxa","category-cidades"],"_links":{"self":[{"href":"http:\/\/blogdoarmindomaia.com.br\/index.php?rest_route=\/wp\/v2\/posts\/2663","targetHints":{"allow":["GET"]}}],"collection":[{"href":"http:\/\/blogdoarmindomaia.com.br\/index.php?rest_route=\/wp\/v2\/posts"}],"about":[{"href":"http:\/\/blogdoarmindomaia.com.br\/index.php?rest_route=\/wp\/v2\/types\/post"}],"author":[{"embeddable":true,"href":"http:\/\/blogdoarmindomaia.com.br\/index.php?rest_route=\/wp\/v2\/users\/2"}],"replies":[{"embeddable":true,"href":"http:\/\/blogdoarmindomaia.com.br\/index.php?rest_route=%2Fwp%2Fv2%2Fcomments&post=2663"}],"version-history":[{"count":1,"href":"http:\/\/blogdoarmindomaia.com.br\/index.php?rest_route=\/wp\/v2\/posts\/2663\/revisions"}],"predecessor-version":[{"id":2665,"href":"http:\/\/blogdoarmindomaia.com.br\/index.php?rest_route=\/wp\/v2\/posts\/2663\/revisions\/2665"}],"wp:featuredmedia":[{"embeddable":true,"href":"http:\/\/blogdoarmindomaia.com.br\/index.php?rest_route=\/wp\/v2\/media\/2664"}],"wp:attachment":[{"href":"http:\/\/blogdoarmindomaia.com.br\/index.php?rest_route=%2Fwp%2Fv2%2Fmedia&parent=2663"}],"wp:term":[{"taxonomy":"category","embeddable":true,"href":"http:\/\/blogdoarmindomaia.com.br\/index.php?rest_route=%2Fwp%2Fv2%2Fcategories&post=2663"},{"taxonomy":"post_tag","embeddable":true,"href":"http:\/\/blogdoarmindomaia.com.br\/index.php?rest_route=%2Fwp%2Fv2%2Ftags&post=2663"}],"curies":[{"name":"wp","href":"https:\/\/api.w.org\/{rel}","templated":true}]}}