{"id":2669,"date":"2022-09-14T14:00:40","date_gmt":"2022-09-14T17:00:40","guid":{"rendered":"http:\/\/blogdoarmindomaia.com.br\/?p=2669"},"modified":"2022-09-14T14:00:42","modified_gmt":"2022-09-14T17:00:42","slug":"ampara-esclarece-que-nao-faz-campanhas-de-arrecadacao-envolvendo-o-nome-de-assistidos","status":"publish","type":"post","link":"http:\/\/blogdoarmindomaia.com.br\/?p=2669","title":{"rendered":"<strong>Ampara esclarece que n\u00e3o faz campanhas de arrecada\u00e7\u00e3o envolvendo &nbsp;o nome de assistidos<\/strong><br><br>"},"content":{"rendered":"\n<figure class=\"wp-block-image size-full\"><img loading=\"lazy\" decoding=\"async\" width=\"958\" height=\"958\" src=\"http:\/\/blogdoarmindomaia.com.br\/wp-content\/uploads\/2022\/09\/Nota-Ampara.jpeg\" alt=\"\" class=\"wp-image-2670\" srcset=\"http:\/\/blogdoarmindomaia.com.br\/wp-content\/uploads\/2022\/09\/Nota-Ampara.jpeg 958w, http:\/\/blogdoarmindomaia.com.br\/wp-content\/uploads\/2022\/09\/Nota-Ampara-300x300.jpeg 300w, http:\/\/blogdoarmindomaia.com.br\/wp-content\/uploads\/2022\/09\/Nota-Ampara-150x150.jpeg 150w, http:\/\/blogdoarmindomaia.com.br\/wp-content\/uploads\/2022\/09\/Nota-Ampara-768x768.jpeg 768w\" sizes=\"auto, (max-width: 958px) 100vw, 958px\" \/><\/figure>\n\n\n\n<p><br>A Associa\u00e7\u00e3o de Amparo \u00e0s Pessoas com C\u00e2ncer de Arax\u00e1 &#8211; Ampara alerta sobre a divulga\u00e7\u00e3o nas redes sociais de uma campanha de arrecada\u00e7\u00e3o de dinheiro para uma crian\u00e7a araxaense que est\u00e1 em tratamento no Hospital do Amor, em Barretos &#8211; SP.<br><br>A Ampara esclarece que n\u00e3o realiza nenhum tipo de campanha utilizando a imagem ou nome de assistidos pela institui\u00e7\u00e3o, e que, todas as doa\u00e7\u00f5es recebidas s\u00e3o para benef\u00edcio da popula\u00e7\u00e3o araxaense de forma coletiva.<br><br>Vale salientar que o trabalho desenvolvido pela Ampara \u00e9 gratuito e aberto \u00e0 comunidade. A institui\u00e7\u00e3o oferece a pacientes oncol\u00f3gicos e seus familiares atendimentos psicol\u00f3gicos, nutricional, assessoria jur\u00eddica, assist\u00eancia social, oficinas, suplementos, cestas b\u00e1sicas, exames, entre outros.<br><br>A sede da institui\u00e7\u00e3o \u00e9 na avenida Senador Montandon, 98, Centro. O telefone para contato \u00e9 o (34) 3612-1611.<\/p>\n","protected":false},"excerpt":{"rendered":"<p>A Associa\u00e7\u00e3o de Amparo \u00e0s Pessoas com C\u00e2ncer de Arax\u00e1 &#8211; Ampara alerta sobre a divulga\u00e7\u00e3o nas redes sociais de<\/p>\n","protected":false},"author":2,"featured_media":2670,"comment_status":"open","ping_status":"open","sticky":false,"template":"","format":"standard","meta":{"footnotes":""},"categories":[9,8],"tags":[],"class_list":["post-2669","post","type-post","status-publish","format-standard","has-post-thumbnail","hentry","category-araxa","category-cidades"],"_links":{"self":[{"href":"http:\/\/blogdoarmindomaia.com.br\/index.php?rest_route=\/wp\/v2\/posts\/2669","targetHints":{"allow":["GET"]}}],"collection":[{"href":"http:\/\/blogdoarmindomaia.com.br\/index.php?rest_route=\/wp\/v2\/posts"}],"about":[{"href":"http:\/\/blogdoarmindomaia.com.br\/index.php?rest_route=\/wp\/v2\/types\/post"}],"author":[{"embeddable":true,"href":"http:\/\/blogdoarmindomaia.com.br\/index.php?rest_route=\/wp\/v2\/users\/2"}],"replies":[{"embeddable":true,"href":"http:\/\/blogdoarmindomaia.com.br\/index.php?rest_route=%2Fwp%2Fv2%2Fcomments&post=2669"}],"version-history":[{"count":1,"href":"http:\/\/blogdoarmindomaia.com.br\/index.php?rest_route=\/wp\/v2\/posts\/2669\/revisions"}],"predecessor-version":[{"id":2671,"href":"http:\/\/blogdoarmindomaia.com.br\/index.php?rest_route=\/wp\/v2\/posts\/2669\/revisions\/2671"}],"wp:featuredmedia":[{"embeddable":true,"href":"http:\/\/blogdoarmindomaia.com.br\/index.php?rest_route=\/wp\/v2\/media\/2670"}],"wp:attachment":[{"href":"http:\/\/blogdoarmindomaia.com.br\/index.php?rest_route=%2Fwp%2Fv2%2Fmedia&parent=2669"}],"wp:term":[{"taxonomy":"category","embeddable":true,"href":"http:\/\/blogdoarmindomaia.com.br\/index.php?rest_route=%2Fwp%2Fv2%2Fcategories&post=2669"},{"taxonomy":"post_tag","embeddable":true,"href":"http:\/\/blogdoarmindomaia.com.br\/index.php?rest_route=%2Fwp%2Fv2%2Ftags&post=2669"}],"curies":[{"name":"wp","href":"https:\/\/api.w.org\/{rel}","templated":true}]}}