{"id":2681,"date":"2022-09-14T14:46:48","date_gmt":"2022-09-14T17:46:48","guid":{"rendered":"http:\/\/blogdoarmindomaia.com.br\/?p=2681"},"modified":"2022-09-14T14:46:51","modified_gmt":"2022-09-14T17:46:51","slug":"curta-metragem-a-valsa-das-montanhas-comeca-a-ser-filmado-neste-fim-de-semana-em-araxa","status":"publish","type":"post","link":"http:\/\/blogdoarmindomaia.com.br\/?p=2681","title":{"rendered":"Curta-metragem \u201cA Valsa das Montanhas\u201d come\u00e7a a ser filmado neste fim de semana em Arax\u00e1"},"content":{"rendered":"\n<figure class=\"wp-block-image size-full\"><img loading=\"lazy\" decoding=\"async\" width=\"960\" height=\"540\" src=\"http:\/\/blogdoarmindomaia.com.br\/wp-content\/uploads\/2022\/09\/Curta-metgragem-A-Valsa-das-Montanhas-pag-05.jpg\" alt=\"\" class=\"wp-image-2682\" srcset=\"http:\/\/blogdoarmindomaia.com.br\/wp-content\/uploads\/2022\/09\/Curta-metgragem-A-Valsa-das-Montanhas-pag-05.jpg 960w, http:\/\/blogdoarmindomaia.com.br\/wp-content\/uploads\/2022\/09\/Curta-metgragem-A-Valsa-das-Montanhas-pag-05-300x169.jpg 300w, http:\/\/blogdoarmindomaia.com.br\/wp-content\/uploads\/2022\/09\/Curta-metgragem-A-Valsa-das-Montanhas-pag-05-768x432.jpg 768w\" sizes=\"auto, (max-width: 960px) 100vw, 960px\" \/><\/figure>\n\n\n\n<p>A partir deste fim de semana, acontece em Arax\u00e1 a filmagem do curta-metragem \u201cA Valsa das Montanhas\u201d. Produzido pela &nbsp;Campos Produ\u00e7\u00f5es e pela Red Fish Filmes, o projeto foi premiado no edital FEC 03\/2021 e est\u00e1 sendo realizado com recursos do Fundo Estadual de Cultura de Minas Gerais.<\/p>\n\n\n\n<p>Baseado no conto hom\u00f4nimo de Rodrigo Feres, que tamb\u00e9m assina o roteiro e a trilha sonora original, o curta tem como cen\u00e1rio a cidade de Arax\u00e1 e o distrito de S\u00e3o Jo\u00e3o da Serra da Canastra. A hist\u00f3ria se passa nas d\u00e9cadas 1970 e 1990, onde apresenta o amor de Ana, jovem vinda de uma fam\u00edlia rica e conservadora e de seu professor de piano Carlos, vinte anos mais velho.<\/p>\n\n\n\n<p>O curta-metragem \u201cA Valsa das Montanhas\u201d \u00e9 dirigido por Bruno Campos e produzido por Delvo Sim\u00f5es. O elenco \u00e9 formado por atores araxaenses e da regi\u00e3o como Frederico Ramos, Ana C\u00e2ndida, Susi Feoli, Juliana Afonso, Rosana Loren, al\u00e9m das participa\u00e7\u00f5es de Juliana Rage, Roberto Lonato e Maria C\u00e1rmem Paiva.<\/p>\n\n\n\n<p>Como contrapartida do edital, foi realizado nos dias 27 e 28 de agosto, a oficina \u201cCriar, Produzir e Realizar\u201d, com exposi\u00e7\u00e3o de conceitos b\u00e1sicos da produ\u00e7\u00e3o e do mercado audiovisual, desde a ideia, cria\u00e7\u00e3o de um roteiro, todas as etapas de produ\u00e7\u00e3o e no final, foi filmado um videoclipe com o cantor Vitor Fagundes.<\/p>\n\n\n\n<p>O curta-metragem far\u00e1 parte da s\u00e9rie \u201cAmor em Minas\u201d, que ser\u00e1 exibida pela Rede Minas. A data de lan\u00e7amento de exibi\u00e7\u00e3o do filme ainda n\u00e3o est\u00e1 definida.<\/p>\n\n\n\n<p>((( cr\u00e9dito foto \u2013 Pixabay))<\/p>\n","protected":false},"excerpt":{"rendered":"<p>A partir deste fim de semana, acontece em Arax\u00e1 a filmagem do curta-metragem \u201cA Valsa das Montanhas\u201d. Produzido pela &nbsp;Campos<\/p>\n","protected":false},"author":2,"featured_media":2682,"comment_status":"open","ping_status":"open","sticky":false,"template":"","format":"standard","meta":{"footnotes":""},"categories":[9,5],"tags":[],"class_list":["post-2681","post","type-post","status-publish","format-standard","has-post-thumbnail","hentry","category-araxa","category-arte-e-cultura"],"_links":{"self":[{"href":"http:\/\/blogdoarmindomaia.com.br\/index.php?rest_route=\/wp\/v2\/posts\/2681","targetHints":{"allow":["GET"]}}],"collection":[{"href":"http:\/\/blogdoarmindomaia.com.br\/index.php?rest_route=\/wp\/v2\/posts"}],"about":[{"href":"http:\/\/blogdoarmindomaia.com.br\/index.php?rest_route=\/wp\/v2\/types\/post"}],"author":[{"embeddable":true,"href":"http:\/\/blogdoarmindomaia.com.br\/index.php?rest_route=\/wp\/v2\/users\/2"}],"replies":[{"embeddable":true,"href":"http:\/\/blogdoarmindomaia.com.br\/index.php?rest_route=%2Fwp%2Fv2%2Fcomments&post=2681"}],"version-history":[{"count":1,"href":"http:\/\/blogdoarmindomaia.com.br\/index.php?rest_route=\/wp\/v2\/posts\/2681\/revisions"}],"predecessor-version":[{"id":2683,"href":"http:\/\/blogdoarmindomaia.com.br\/index.php?rest_route=\/wp\/v2\/posts\/2681\/revisions\/2683"}],"wp:featuredmedia":[{"embeddable":true,"href":"http:\/\/blogdoarmindomaia.com.br\/index.php?rest_route=\/wp\/v2\/media\/2682"}],"wp:attachment":[{"href":"http:\/\/blogdoarmindomaia.com.br\/index.php?rest_route=%2Fwp%2Fv2%2Fmedia&parent=2681"}],"wp:term":[{"taxonomy":"category","embeddable":true,"href":"http:\/\/blogdoarmindomaia.com.br\/index.php?rest_route=%2Fwp%2Fv2%2Fcategories&post=2681"},{"taxonomy":"post_tag","embeddable":true,"href":"http:\/\/blogdoarmindomaia.com.br\/index.php?rest_route=%2Fwp%2Fv2%2Ftags&post=2681"}],"curies":[{"name":"wp","href":"https:\/\/api.w.org\/{rel}","templated":true}]}}