{"id":2684,"date":"2022-09-15T11:58:40","date_gmt":"2022-09-15T14:58:40","guid":{"rendered":"http:\/\/blogdoarmindomaia.com.br\/?p=2684"},"modified":"2022-09-15T11:58:42","modified_gmt":"2022-09-15T14:58:42","slug":"educa-transito-leva-acoes-educativas-e-exposicao-de-veiculos-envolvidos-em-acidente","status":"publish","type":"post","link":"http:\/\/blogdoarmindomaia.com.br\/?p=2684","title":{"rendered":"Educa Tr\u00e2nsito leva a\u00e7\u00f5es educativas e exposi\u00e7\u00e3o de ve\u00edculos envolvidos em acidente"},"content":{"rendered":"\n<figure class=\"wp-block-image size-full\"><img loading=\"lazy\" decoding=\"async\" width=\"1024\" height=\"683\" src=\"http:\/\/blogdoarmindomaia.com.br\/wp-content\/uploads\/2022\/09\/FCA-de-Araxa-esta-com-inscricoes-abertas-para-habilitacao-de-Familias-pag-08.jpeg\" alt=\"\" class=\"wp-image-2685\" srcset=\"http:\/\/blogdoarmindomaia.com.br\/wp-content\/uploads\/2022\/09\/FCA-de-Araxa-esta-com-inscricoes-abertas-para-habilitacao-de-Familias-pag-08.jpeg 1024w, http:\/\/blogdoarmindomaia.com.br\/wp-content\/uploads\/2022\/09\/FCA-de-Araxa-esta-com-inscricoes-abertas-para-habilitacao-de-Familias-pag-08-300x200.jpeg 300w, http:\/\/blogdoarmindomaia.com.br\/wp-content\/uploads\/2022\/09\/FCA-de-Araxa-esta-com-inscricoes-abertas-para-habilitacao-de-Familias-pag-08-768x512.jpeg 768w\" sizes=\"auto, (max-width: 1024px) 100vw, 1024px\" \/><\/figure>\n\n\n\n<p>A Secretaria Municipal de Seguran\u00e7a P\u00fablica promove, a partir do pr\u00f3ximo domingo (18), o Educa Tr\u00e2nsito 2022. S\u00e3o diversas a\u00e7\u00f5es programadas at\u00e9 o dia 23 de setembro nos bairros e regi\u00e3o central da cidade, com o objetivo de promover a conscientiza\u00e7\u00e3o de motoristas, passageiros, ciclistas e pedestres sobre a import\u00e2ncia de um tr\u00e2nsito mais humanizado e seguro.<br><br>As atividades contam com parceria de \u00f3rg\u00e3os e entidades de tr\u00e2nsito como a Pol\u00edcia Militar, Pol\u00edcia Civil, Pol\u00edcia Penal, Corpo de Bombeiros, Tiro de Guerra, Conselho Comunit\u00e1rio de Seguran\u00e7a P\u00fablica (Consep) e Associa\u00e7\u00e3o de Apoio ao Condenado (Apac).<br><br>Entre as a\u00e7\u00f5es previstas est\u00e3o blitzes educativas, conversa com alunos das escolas municipais e exposi\u00e7\u00e3o de ve\u00edculos envolvidos em acidentes nas principais rotat\u00f3rias do Centro e bairros de Arax\u00e1.<br><br>O secret\u00e1rio municipal de Seguran\u00e7a P\u00fablica, Daniel Rosa, destaca que os investimentos da Prefeitura de Arax\u00e1 em melhorias na mobilidade urbana contribuem muito para a redu\u00e7\u00e3o de acidentes, mas a participa\u00e7\u00e3o da popula\u00e7\u00e3o \u00e9 fundamental.<br><br>\u201cA nossa equipe de Educa\u00e7\u00e3o para o Tr\u00e2nsito realiza a\u00e7\u00f5es frequentes para chamar a aten\u00e7\u00e3o dos condutores e pedestres sobre as boas pr\u00e1ticas no tr\u00e2nsito, a melhoria da sinaliza\u00e7\u00e3o \u00e9 constante, mas precisamos da colabora\u00e7\u00e3o da sociedade. Todos precisam ser mais conscientes e prudentes para que possamos salvar vidas\u201d, afirma.<br><br><strong>PROGRAMA\u00c7\u00c3O EDUCA TR\u00c2NSITO ARAX\u00c1 2022<br><\/strong><br><strong>Dia 18\/09 (domingo)<br><\/strong><br>&#8211; 9h: Blitz Educativa na Est\u00e2ncia Hidromineral do Barreiro.<br><br><strong>Dia 19\/09 (segunda)<br><\/strong><br>&#8211; 9h: Blitz Educativa na Av. Imbiara (em frente ao shopping).<br><br>&#8211; 14h: A\u00e7\u00e3o Educativa na Escola Municipal Agar de Affonseca e Silva, no bairro P\u00e3o de A\u00e7\u00facar 4.<br><br><strong>Dia 20\/09 (ter\u00e7a)<br><\/strong><br>&#8211; 9h: Blitz Educativa na Rua Uberaba (Viaduto Max Neumann).<br><br>-14h: A\u00e7\u00e3o Educativa na Escola Municipal Alice Moura, no bairro Fertiza.<br><br><strong>Dia 21\/09 (quarta)<br><\/strong><br>&#8211; 9h: Blitz Educativa na Av. Wilson Borges (pr\u00f3ximo \u00e0 rotat\u00f3ria da Av. Ecol\u00f3gica).<br><br>&#8211; 14h: A\u00e7\u00e3o Educativa na Escola Municipal Pio XII, no Recanto das Mangueiras.<br><br><strong>Dia 22\/09 (quinta)<br><\/strong><br>&#8211; 9h: Blitz Educativa na Av. Pedro de Paula Lemos (pr\u00f3ximo \u00e0 Uninordeste).<br><br>&#8211; 14h: A\u00e7\u00e3o Educativa na Escola Municipal Rom\u00e1lia Porf\u00edrio de Azevedo Leite, no bairro Max Neumann.<br><br><strong>Dia 23\/09 (sexta)<br><\/strong><br>&#8211; 9h: Blitz Educativa na Av. Ant\u00f4nio Carlos, no Centro.<br><br>&#8211; 14h: A\u00e7\u00e3o Educativa na Escola Municipal Jos\u00e9 Bento, na Comunidade Rural Boca da Mata.<br><\/p>\n","protected":false},"excerpt":{"rendered":"<p>A Secretaria Municipal de Seguran\u00e7a P\u00fablica promove, a partir do pr\u00f3ximo domingo (18), o Educa Tr\u00e2nsito 2022. S\u00e3o diversas a\u00e7\u00f5es<\/p>\n","protected":false},"author":2,"featured_media":2685,"comment_status":"open","ping_status":"open","sticky":false,"template":"","format":"standard","meta":{"footnotes":""},"categories":[9,11],"tags":[],"class_list":["post-2684","post","type-post","status-publish","format-standard","has-post-thumbnail","hentry","category-araxa","category-destaques"],"_links":{"self":[{"href":"http:\/\/blogdoarmindomaia.com.br\/index.php?rest_route=\/wp\/v2\/posts\/2684","targetHints":{"allow":["GET"]}}],"collection":[{"href":"http:\/\/blogdoarmindomaia.com.br\/index.php?rest_route=\/wp\/v2\/posts"}],"about":[{"href":"http:\/\/blogdoarmindomaia.com.br\/index.php?rest_route=\/wp\/v2\/types\/post"}],"author":[{"embeddable":true,"href":"http:\/\/blogdoarmindomaia.com.br\/index.php?rest_route=\/wp\/v2\/users\/2"}],"replies":[{"embeddable":true,"href":"http:\/\/blogdoarmindomaia.com.br\/index.php?rest_route=%2Fwp%2Fv2%2Fcomments&post=2684"}],"version-history":[{"count":1,"href":"http:\/\/blogdoarmindomaia.com.br\/index.php?rest_route=\/wp\/v2\/posts\/2684\/revisions"}],"predecessor-version":[{"id":2686,"href":"http:\/\/blogdoarmindomaia.com.br\/index.php?rest_route=\/wp\/v2\/posts\/2684\/revisions\/2686"}],"wp:featuredmedia":[{"embeddable":true,"href":"http:\/\/blogdoarmindomaia.com.br\/index.php?rest_route=\/wp\/v2\/media\/2685"}],"wp:attachment":[{"href":"http:\/\/blogdoarmindomaia.com.br\/index.php?rest_route=%2Fwp%2Fv2%2Fmedia&parent=2684"}],"wp:term":[{"taxonomy":"category","embeddable":true,"href":"http:\/\/blogdoarmindomaia.com.br\/index.php?rest_route=%2Fwp%2Fv2%2Fcategories&post=2684"},{"taxonomy":"post_tag","embeddable":true,"href":"http:\/\/blogdoarmindomaia.com.br\/index.php?rest_route=%2Fwp%2Fv2%2Ftags&post=2684"}],"curies":[{"name":"wp","href":"https:\/\/api.w.org\/{rel}","templated":true}]}}