{"id":2695,"date":"2022-09-19T11:14:23","date_gmt":"2022-09-19T14:14:23","guid":{"rendered":"http:\/\/blogdoarmindomaia.com.br\/?p=2695"},"modified":"2022-09-19T11:14:25","modified_gmt":"2022-09-19T14:14:25","slug":"programa-araxa-empreendedora-registra-6-000-atendimentos-no-1o-ano","status":"publish","type":"post","link":"http:\/\/blogdoarmindomaia.com.br\/?p=2695","title":{"rendered":"<strong>Programa Arax\u00e1 Empreendedora registra 6.000 atendimentos no 1\u00ba ano<\/strong>"},"content":{"rendered":"\n<figure class=\"wp-block-image size-full\"><img loading=\"lazy\" decoding=\"async\" width=\"1024\" height=\"683\" src=\"http:\/\/blogdoarmindomaia.com.br\/wp-content\/uploads\/2022\/09\/araxa-empreendedora.jpeg\" alt=\"\" class=\"wp-image-2696\" srcset=\"http:\/\/blogdoarmindomaia.com.br\/wp-content\/uploads\/2022\/09\/araxa-empreendedora.jpeg 1024w, http:\/\/blogdoarmindomaia.com.br\/wp-content\/uploads\/2022\/09\/araxa-empreendedora-300x200.jpeg 300w, http:\/\/blogdoarmindomaia.com.br\/wp-content\/uploads\/2022\/09\/araxa-empreendedora-768x512.jpeg 768w\" sizes=\"auto, (max-width: 1024px) 100vw, 1024px\" \/><\/figure>\n\n\n\n<p>Facilitar a abertura de novas empresas e gerar mais empregos no munic\u00edpio. O Programa Arax\u00e1 Empreendedora realiza um trabalho de aux\u00edlio na abertura ou regulariza\u00e7\u00e3o de micro e pequenas empresas, cursos de qualifica\u00e7\u00e3o e capacita\u00e7\u00e3o, assessoria jur\u00eddica, cont\u00e1bil e orienta\u00e7\u00e3o para as linhas de cr\u00e9ditos.<br><br>O projeto que teve in\u00edcio em agosto de 2021 tem como base a Sala Mineira do Empreendedor. Um espa\u00e7o desenvolvido para melhorar e simplificar o ambiente de neg\u00f3cios, oferecendo apoio para empreendimentos de todos os portes. Desde sua abertura, j\u00e1 foram atendidos mais de 5.600 microempreendedores.<br><br>Entre os atendimentos, somente no primeiro semestre de 2022 foram mais de 4.000 voltados para os Microempreendedores Individuais (MEIs), sendo mais de 500 formaliza\u00e7\u00f5es e legaliza\u00e7\u00f5es de empresas, 1.583 emiss\u00f5es de Documento de Arrecada\u00e7\u00e3o Simplificado (DAS), 690 cadastros e emiss\u00e3o de notas fiscais, 562 emiss\u00f5es de Declara\u00e7\u00e3o Anual do Simples Nacional (DASN), 627 renegocia\u00e7\u00f5es de d\u00edvidas do Simples Nacional, 177 altera\u00e7\u00f5es cadastrais, entre outros.<br><br>A Sala Mineira do Empreendedor \u00e9 o resultado de uma parceria entre a Prefeitura de Arax\u00e1, Governo de Minas Gerais, Sebrae Minas, Junta Comercial do Estado de Minas Gerais (Jucemg) e Sindicato do Com\u00e9rcio de Arax\u00e1 (Sindicom\u00e9rcio Arax\u00e1). O secret\u00e1rio municipal de Desenvolvimento Econ\u00f4mico, Inova\u00e7\u00e3o e Turismo, Juliano Cesar da Silva, destaca a import\u00e2ncia do programa para o desenvolvimento econ\u00f4mico da cidade:<br>&nbsp;<br>\u201cO Arax\u00e1 Empreendedora oferece um atendimento diferenciado e humanizado, sendo um espa\u00e7o \u00fanico de apoio para abrir, manter regularizado e desenvolver o seu neg\u00f3cio, impulsionando e desburocratizando o funcionamento das empresas, contribuindo diretamente para o desenvolvimento, fomento \u00e0 economia, crescimento do emprego e renda para a popula\u00e7\u00e3o\u201d refor\u00e7a.<br><br>O programa oferece tamb\u00e9m capacita\u00e7\u00e3o profissional para os empres\u00e1rios. De acordo com a agente Sebastiana Sousa, a Sala Mineira do Empreendedor est\u00e1 inscrita desde o primeiro semestre no \u201cSelo Sebrae de Refer\u00eancia em Atendimento\u201d, cujo objetivo \u00e9 ser refer\u00eancia no atendimento ao empreendedor, atuando como um elo de transforma\u00e7\u00e3o para o desenvolvimento local.<br><br>\u201cPara o segundo semestre estamos estruturando um planejamento, com a\u00e7\u00f5es que visam a qualifica\u00e7\u00e3o constante dos colaboradores da Sala Mineira, cursos e oficinas de capacita\u00e7\u00e3o para empreendedores, buscando prepar\u00e1-los para a formaliza\u00e7\u00e3o, aumento da longevidade, competitividade e inova\u00e7\u00e3o dos pequenos neg\u00f3cios, sempre com a parceria e apoio t\u00e9cnico do Sebrae e outros parceiros\u201d, destaca.<br><br>O Programa Arax\u00e1 Empreendedora e a Sala Mineira do Empreendedor ficam na sede do Sindicom\u00e9rcio, na rua Dr. Edmar Cunha, n\u00ba 260, no bairro Santa Terezinha.<br><\/p>\n","protected":false},"excerpt":{"rendered":"<p>Facilitar a abertura de novas empresas e gerar mais empregos no munic\u00edpio. O Programa Arax\u00e1 Empreendedora realiza um trabalho de<\/p>\n","protected":false},"author":2,"featured_media":2696,"comment_status":"open","ping_status":"open","sticky":false,"template":"","format":"standard","meta":{"footnotes":""},"categories":[9,8],"tags":[],"class_list":["post-2695","post","type-post","status-publish","format-standard","has-post-thumbnail","hentry","category-araxa","category-cidades"],"_links":{"self":[{"href":"http:\/\/blogdoarmindomaia.com.br\/index.php?rest_route=\/wp\/v2\/posts\/2695","targetHints":{"allow":["GET"]}}],"collection":[{"href":"http:\/\/blogdoarmindomaia.com.br\/index.php?rest_route=\/wp\/v2\/posts"}],"about":[{"href":"http:\/\/blogdoarmindomaia.com.br\/index.php?rest_route=\/wp\/v2\/types\/post"}],"author":[{"embeddable":true,"href":"http:\/\/blogdoarmindomaia.com.br\/index.php?rest_route=\/wp\/v2\/users\/2"}],"replies":[{"embeddable":true,"href":"http:\/\/blogdoarmindomaia.com.br\/index.php?rest_route=%2Fwp%2Fv2%2Fcomments&post=2695"}],"version-history":[{"count":1,"href":"http:\/\/blogdoarmindomaia.com.br\/index.php?rest_route=\/wp\/v2\/posts\/2695\/revisions"}],"predecessor-version":[{"id":2697,"href":"http:\/\/blogdoarmindomaia.com.br\/index.php?rest_route=\/wp\/v2\/posts\/2695\/revisions\/2697"}],"wp:featuredmedia":[{"embeddable":true,"href":"http:\/\/blogdoarmindomaia.com.br\/index.php?rest_route=\/wp\/v2\/media\/2696"}],"wp:attachment":[{"href":"http:\/\/blogdoarmindomaia.com.br\/index.php?rest_route=%2Fwp%2Fv2%2Fmedia&parent=2695"}],"wp:term":[{"taxonomy":"category","embeddable":true,"href":"http:\/\/blogdoarmindomaia.com.br\/index.php?rest_route=%2Fwp%2Fv2%2Fcategories&post=2695"},{"taxonomy":"post_tag","embeddable":true,"href":"http:\/\/blogdoarmindomaia.com.br\/index.php?rest_route=%2Fwp%2Fv2%2Ftags&post=2695"}],"curies":[{"name":"wp","href":"https:\/\/api.w.org\/{rel}","templated":true}]}}