{"id":2698,"date":"2022-09-19T11:18:03","date_gmt":"2022-09-19T14:18:03","guid":{"rendered":"http:\/\/blogdoarmindomaia.com.br\/?p=2698"},"modified":"2022-09-19T11:18:05","modified_gmt":"2022-09-19T14:18:05","slug":"memorial-mauricio-rosa-recebe-visita-de-antonio-gilberto-de-castro","status":"publish","type":"post","link":"http:\/\/blogdoarmindomaia.com.br\/?p=2698","title":{"rendered":"Memorial Maur\u00edcio Rosa recebe visita de Ant\u00f4nio Gilberto de Castro"},"content":{"rendered":"\n<figure class=\"wp-block-image size-large\"><img loading=\"lazy\" decoding=\"async\" width=\"1024\" height=\"576\" src=\"http:\/\/blogdoarmindomaia.com.br\/wp-content\/uploads\/2022\/09\/Memorial-Mauricio-Rosa-pag-12-1024x576.jpeg\" alt=\"\" class=\"wp-image-2699\" srcset=\"http:\/\/blogdoarmindomaia.com.br\/wp-content\/uploads\/2022\/09\/Memorial-Mauricio-Rosa-pag-12-1024x576.jpeg 1024w, http:\/\/blogdoarmindomaia.com.br\/wp-content\/uploads\/2022\/09\/Memorial-Mauricio-Rosa-pag-12-300x169.jpeg 300w, http:\/\/blogdoarmindomaia.com.br\/wp-content\/uploads\/2022\/09\/Memorial-Mauricio-Rosa-pag-12-768x432.jpeg 768w, http:\/\/blogdoarmindomaia.com.br\/wp-content\/uploads\/2022\/09\/Memorial-Mauricio-Rosa-pag-12.jpeg 1152w\" sizes=\"auto, (max-width: 1024px) 100vw, 1024px\" \/><\/figure>\n\n\n\n<p>No ultimo dia 13, o Memorial da escrita e Comunica\u00e7\u00e3o Maur\u00edcio Rosa, recebeu a visita do\u00a0 Ant\u00f4nio Gilberto que por v\u00e1rios anos esteve na dire\u00e7\u00e3o da CBMM em\u00a0 Arax\u00e1\u00a0 e hoje \u00e9 forte empres\u00e1rio no Agroneg\u00f3cio \u00e0 frente\u00a0 Gran Milho.\u00a0 Na visita\u00a0 Gilberto deu mostras de grande familiaridade e at\u00e9 emocionado com as m\u00e1quinas e documentos ali expostos\u00a0 afirmando que teve a oportunidade de visitar a gr\u00e1fica S\u00e3o Geraldo no passado onde pode admirar o trabalho dos tip\u00f3grafos\u00a0 e impressores, podendo ainda identificar algumas maquinas que viu trabalhando com a presen\u00e7a do senhor Mauricio. Uma visita que fazemos quest\u00e3o de registrar n\u00e3o s\u00f3 pela grande amizade que nos une ao visitante mas tamb\u00e9m em reconhecimento e gratid\u00e3o, j\u00e1 que Gilberto foi uma das primeiras pessoas a acreditar no projeto e contribuir muito para que o mesmo se tornasse uma realidade. Na foto, Paulo Roberto monitor, Maur\u00edcio de Castro Rosa e Ant\u00f4nio Gilberto.<\/p>\n","protected":false},"excerpt":{"rendered":"<p>No ultimo dia 13, o Memorial da escrita e Comunica\u00e7\u00e3o Maur\u00edcio Rosa, recebeu a visita do\u00a0 Ant\u00f4nio Gilberto que por<\/p>\n","protected":false},"author":2,"featured_media":2699,"comment_status":"open","ping_status":"open","sticky":false,"template":"","format":"standard","meta":{"footnotes":""},"categories":[9,5],"tags":[],"class_list":["post-2698","post","type-post","status-publish","format-standard","has-post-thumbnail","hentry","category-araxa","category-arte-e-cultura"],"_links":{"self":[{"href":"http:\/\/blogdoarmindomaia.com.br\/index.php?rest_route=\/wp\/v2\/posts\/2698","targetHints":{"allow":["GET"]}}],"collection":[{"href":"http:\/\/blogdoarmindomaia.com.br\/index.php?rest_route=\/wp\/v2\/posts"}],"about":[{"href":"http:\/\/blogdoarmindomaia.com.br\/index.php?rest_route=\/wp\/v2\/types\/post"}],"author":[{"embeddable":true,"href":"http:\/\/blogdoarmindomaia.com.br\/index.php?rest_route=\/wp\/v2\/users\/2"}],"replies":[{"embeddable":true,"href":"http:\/\/blogdoarmindomaia.com.br\/index.php?rest_route=%2Fwp%2Fv2%2Fcomments&post=2698"}],"version-history":[{"count":1,"href":"http:\/\/blogdoarmindomaia.com.br\/index.php?rest_route=\/wp\/v2\/posts\/2698\/revisions"}],"predecessor-version":[{"id":2700,"href":"http:\/\/blogdoarmindomaia.com.br\/index.php?rest_route=\/wp\/v2\/posts\/2698\/revisions\/2700"}],"wp:featuredmedia":[{"embeddable":true,"href":"http:\/\/blogdoarmindomaia.com.br\/index.php?rest_route=\/wp\/v2\/media\/2699"}],"wp:attachment":[{"href":"http:\/\/blogdoarmindomaia.com.br\/index.php?rest_route=%2Fwp%2Fv2%2Fmedia&parent=2698"}],"wp:term":[{"taxonomy":"category","embeddable":true,"href":"http:\/\/blogdoarmindomaia.com.br\/index.php?rest_route=%2Fwp%2Fv2%2Fcategories&post=2698"},{"taxonomy":"post_tag","embeddable":true,"href":"http:\/\/blogdoarmindomaia.com.br\/index.php?rest_route=%2Fwp%2Fv2%2Ftags&post=2698"}],"curies":[{"name":"wp","href":"https:\/\/api.w.org\/{rel}","templated":true}]}}