{"id":2701,"date":"2022-09-19T11:23:20","date_gmt":"2022-09-19T14:23:20","guid":{"rendered":"http:\/\/blogdoarmindomaia.com.br\/?p=2701"},"modified":"2022-09-19T11:23:22","modified_gmt":"2022-09-19T14:23:22","slug":"exposicao-bancos-indigenas%ef%bf%bc","status":"publish","type":"post","link":"http:\/\/blogdoarmindomaia.com.br\/?p=2701","title":{"rendered":"Exposi\u00e7\u00e3o Bancos Ind\u00edgenas\ufffc"},"content":{"rendered":"\n<figure class=\"wp-block-image size-large\"><img loading=\"lazy\" decoding=\"async\" width=\"1024\" height=\"1024\" src=\"http:\/\/blogdoarmindomaia.com.br\/wp-content\/uploads\/2022\/09\/WhatsApp-Image-2022-09-16-at-10.28.16-1024x1024.jpeg\" alt=\"\" class=\"wp-image-2702\" srcset=\"http:\/\/blogdoarmindomaia.com.br\/wp-content\/uploads\/2022\/09\/WhatsApp-Image-2022-09-16-at-10.28.16-1024x1024.jpeg 1024w, http:\/\/blogdoarmindomaia.com.br\/wp-content\/uploads\/2022\/09\/WhatsApp-Image-2022-09-16-at-10.28.16-300x300.jpeg 300w, http:\/\/blogdoarmindomaia.com.br\/wp-content\/uploads\/2022\/09\/WhatsApp-Image-2022-09-16-at-10.28.16-150x150.jpeg 150w, http:\/\/blogdoarmindomaia.com.br\/wp-content\/uploads\/2022\/09\/WhatsApp-Image-2022-09-16-at-10.28.16-768x768.jpeg 768w, http:\/\/blogdoarmindomaia.com.br\/wp-content\/uploads\/2022\/09\/WhatsApp-Image-2022-09-16-at-10.28.16.jpeg 1080w\" sizes=\"auto, (max-width: 1024px) 100vw, 1024px\" \/><\/figure>\n\n\n\n<p>A Funda\u00e7\u00e3o Cultural Calmon Barreto (FCCB) convida toda a comunidade para abertura da Exposi\u00e7\u00e3o BE\u0128 de Bancos Ind\u00edgenas, com lan\u00e7amento oficial na pr\u00f3xima segunda-feira, dia 19 de setembro, \u00e0s 19h, no Teatro Municipal Maximiliano Rocha.<br><br>Com apoio da Prefeitura de Arax\u00e1 e FCCB, a exposi\u00e7\u00e3o conta com 76 bancos de 34 etnias. Os bancos t\u00eam formatos geom\u00e9tricos ou zoom\u00f3rficos, refletindo a diversidade da fauna brasileira.<br>&nbsp;<br>\u00c9 uma oportunidade \u00fanica de apreciar a beleza, cores e grafismos da cultura ind\u00edgena em uma exposi\u00e7\u00e3o in\u00e9dita em Arax\u00e1!<\/p>\n","protected":false},"excerpt":{"rendered":"<p>A Funda\u00e7\u00e3o Cultural Calmon Barreto (FCCB) convida toda a comunidade para abertura da Exposi\u00e7\u00e3o BE\u0128 de Bancos Ind\u00edgenas, com lan\u00e7amento<\/p>\n","protected":false},"author":2,"featured_media":2702,"comment_status":"open","ping_status":"open","sticky":false,"template":"","format":"standard","meta":{"footnotes":""},"categories":[9,5],"tags":[],"class_list":["post-2701","post","type-post","status-publish","format-standard","has-post-thumbnail","hentry","category-araxa","category-arte-e-cultura"],"_links":{"self":[{"href":"http:\/\/blogdoarmindomaia.com.br\/index.php?rest_route=\/wp\/v2\/posts\/2701","targetHints":{"allow":["GET"]}}],"collection":[{"href":"http:\/\/blogdoarmindomaia.com.br\/index.php?rest_route=\/wp\/v2\/posts"}],"about":[{"href":"http:\/\/blogdoarmindomaia.com.br\/index.php?rest_route=\/wp\/v2\/types\/post"}],"author":[{"embeddable":true,"href":"http:\/\/blogdoarmindomaia.com.br\/index.php?rest_route=\/wp\/v2\/users\/2"}],"replies":[{"embeddable":true,"href":"http:\/\/blogdoarmindomaia.com.br\/index.php?rest_route=%2Fwp%2Fv2%2Fcomments&post=2701"}],"version-history":[{"count":1,"href":"http:\/\/blogdoarmindomaia.com.br\/index.php?rest_route=\/wp\/v2\/posts\/2701\/revisions"}],"predecessor-version":[{"id":2703,"href":"http:\/\/blogdoarmindomaia.com.br\/index.php?rest_route=\/wp\/v2\/posts\/2701\/revisions\/2703"}],"wp:featuredmedia":[{"embeddable":true,"href":"http:\/\/blogdoarmindomaia.com.br\/index.php?rest_route=\/wp\/v2\/media\/2702"}],"wp:attachment":[{"href":"http:\/\/blogdoarmindomaia.com.br\/index.php?rest_route=%2Fwp%2Fv2%2Fmedia&parent=2701"}],"wp:term":[{"taxonomy":"category","embeddable":true,"href":"http:\/\/blogdoarmindomaia.com.br\/index.php?rest_route=%2Fwp%2Fv2%2Fcategories&post=2701"},{"taxonomy":"post_tag","embeddable":true,"href":"http:\/\/blogdoarmindomaia.com.br\/index.php?rest_route=%2Fwp%2Fv2%2Ftags&post=2701"}],"curies":[{"name":"wp","href":"https:\/\/api.w.org\/{rel}","templated":true}]}}