{"id":2704,"date":"2022-09-19T11:28:47","date_gmt":"2022-09-19T14:28:47","guid":{"rendered":"http:\/\/blogdoarmindomaia.com.br\/?p=2704"},"modified":"2022-09-19T11:28:49","modified_gmt":"2022-09-19T14:28:49","slug":"polo-uab-araxa-oferta-curso-de-especializacao-gratuita-em-educacao-a-distancia","status":"publish","type":"post","link":"http:\/\/blogdoarmindomaia.com.br\/?p=2704","title":{"rendered":"<strong>Polo UAB Arax\u00e1 oferta curso de especializa\u00e7\u00e3o gratuita em Educa\u00e7\u00e3o a Dist\u00e2ncia<br><br><\/strong>"},"content":{"rendered":"\n<figure class=\"wp-block-image size-large\"><img loading=\"lazy\" decoding=\"async\" width=\"1024\" height=\"1024\" src=\"http:\/\/blogdoarmindomaia.com.br\/wp-content\/uploads\/2022\/09\/curso-de-especializacao-1024x1024.jpeg\" alt=\"\" class=\"wp-image-2705\" srcset=\"http:\/\/blogdoarmindomaia.com.br\/wp-content\/uploads\/2022\/09\/curso-de-especializacao-1024x1024.jpeg 1024w, http:\/\/blogdoarmindomaia.com.br\/wp-content\/uploads\/2022\/09\/curso-de-especializacao-300x300.jpeg 300w, http:\/\/blogdoarmindomaia.com.br\/wp-content\/uploads\/2022\/09\/curso-de-especializacao-150x150.jpeg 150w, http:\/\/blogdoarmindomaia.com.br\/wp-content\/uploads\/2022\/09\/curso-de-especializacao-768x768.jpeg 768w, http:\/\/blogdoarmindomaia.com.br\/wp-content\/uploads\/2022\/09\/curso-de-especializacao.jpeg 1280w\" sizes=\"auto, (max-width: 1024px) 100vw, 1024px\" \/><\/figure>\n\n\n\n<p>O Polo Universidade Aberta (UAB) de Arax\u00e1 iniciou, nesta segunda-feira (19), as inscri\u00e7\u00f5es para o Curso de Especializa\u00e7\u00e3o em Educa\u00e7\u00e3o a Dist\u00e2ncia ofertado pela Universidade Estadual de Montes Claros (UNIMONTES). As inscri\u00e7\u00f5es ficam abertas at\u00e9 o dia 30 de setembro.<br><br>O curso gratuito \u00e9 destinado para professores de educa\u00e7\u00e3o b\u00e1sica da rede p\u00fablica ou privada e para funcion\u00e1rios em fun\u00e7\u00e3o administrativa na rede de educa\u00e7\u00e3o b\u00e1sica e ensino superior. O in\u00edcio das aulas est\u00e1 previsto para 11 de novembro de 2022.<br><br>S\u00e3o 18 meses de dura\u00e7\u00e3o e 34 vagas ofertadas para Arax\u00e1. Todas as vagas ser\u00e3o preenchidas, de acordo com a ordem de inscri\u00e7\u00e3o do(a) candidato(a) no sistema do processo seletivo, em conformidade com as informa\u00e7\u00f5es registradas no momento da finaliza\u00e7\u00e3o da inscri\u00e7\u00e3o, considerando data, hora, minuto e segundo.<br><br>As inscri\u00e7\u00f5es s\u00e3o realizadas exclusivamente via internet por meio do endere\u00e7o eletr\u00f4nico (&nbsp;<a href=\"http:\/\/www.ead.unimontes.br\/\" target=\"_blank\" rel=\"noreferrer noopener\">www.ead.unimontes.br<\/a>&nbsp;).<br><br>Para mais informa\u00e7\u00f5es, os interessados devem entrar em contato pelos e-mails:&nbsp;<a href=\"mailto:uabpoloaraxa.sme@araxa.mg.gov.br\" target=\"_blank\" rel=\"noreferrer noopener\">uabpoloaraxa.sme@araxa.mg.gov.br<\/a>&nbsp;ou pelo telefone (34) 3691-7043 (WhatsApp).<br><\/p>\n","protected":false},"excerpt":{"rendered":"<p>O Polo Universidade Aberta (UAB) de Arax\u00e1 iniciou, nesta segunda-feira (19), as inscri\u00e7\u00f5es para o Curso de Especializa\u00e7\u00e3o em Educa\u00e7\u00e3o<\/p>\n","protected":false},"author":2,"featured_media":2705,"comment_status":"open","ping_status":"open","sticky":false,"template":"","format":"standard","meta":{"footnotes":""},"categories":[9,13],"tags":[],"class_list":["post-2704","post","type-post","status-publish","format-standard","has-post-thumbnail","hentry","category-araxa","category-educacao"],"_links":{"self":[{"href":"http:\/\/blogdoarmindomaia.com.br\/index.php?rest_route=\/wp\/v2\/posts\/2704","targetHints":{"allow":["GET"]}}],"collection":[{"href":"http:\/\/blogdoarmindomaia.com.br\/index.php?rest_route=\/wp\/v2\/posts"}],"about":[{"href":"http:\/\/blogdoarmindomaia.com.br\/index.php?rest_route=\/wp\/v2\/types\/post"}],"author":[{"embeddable":true,"href":"http:\/\/blogdoarmindomaia.com.br\/index.php?rest_route=\/wp\/v2\/users\/2"}],"replies":[{"embeddable":true,"href":"http:\/\/blogdoarmindomaia.com.br\/index.php?rest_route=%2Fwp%2Fv2%2Fcomments&post=2704"}],"version-history":[{"count":1,"href":"http:\/\/blogdoarmindomaia.com.br\/index.php?rest_route=\/wp\/v2\/posts\/2704\/revisions"}],"predecessor-version":[{"id":2706,"href":"http:\/\/blogdoarmindomaia.com.br\/index.php?rest_route=\/wp\/v2\/posts\/2704\/revisions\/2706"}],"wp:featuredmedia":[{"embeddable":true,"href":"http:\/\/blogdoarmindomaia.com.br\/index.php?rest_route=\/wp\/v2\/media\/2705"}],"wp:attachment":[{"href":"http:\/\/blogdoarmindomaia.com.br\/index.php?rest_route=%2Fwp%2Fv2%2Fmedia&parent=2704"}],"wp:term":[{"taxonomy":"category","embeddable":true,"href":"http:\/\/blogdoarmindomaia.com.br\/index.php?rest_route=%2Fwp%2Fv2%2Fcategories&post=2704"},{"taxonomy":"post_tag","embeddable":true,"href":"http:\/\/blogdoarmindomaia.com.br\/index.php?rest_route=%2Fwp%2Fv2%2Ftags&post=2704"}],"curies":[{"name":"wp","href":"https:\/\/api.w.org\/{rel}","templated":true}]}}