{"id":2707,"date":"2022-09-19T11:39:36","date_gmt":"2022-09-19T14:39:36","guid":{"rendered":"http:\/\/blogdoarmindomaia.com.br\/?p=2707"},"modified":"2022-09-19T11:39:38","modified_gmt":"2022-09-19T14:39:38","slug":"setembro-amarelo-foca-no-bem-e-instituto-andaia-promovem-evento-com-atendimentos-terapeuticos-para-a-comunidade","status":"publish","type":"post","link":"http:\/\/blogdoarmindomaia.com.br\/?p=2707","title":{"rendered":"Setembro Amarelo: Foca no Bem e Instituto Andaia promovem evento com atendimentos terap\u00eauticos para a comunidade"},"content":{"rendered":"\n<figure class=\"wp-block-image size-large\"><img loading=\"lazy\" decoding=\"async\" width=\"1024\" height=\"1024\" src=\"http:\/\/blogdoarmindomaia.com.br\/wp-content\/uploads\/2022\/09\/WhatsApp-Image-2022-09-15-at-14.24.18-1-1024x1024.jpeg\" alt=\"\" class=\"wp-image-2708\" srcset=\"http:\/\/blogdoarmindomaia.com.br\/wp-content\/uploads\/2022\/09\/WhatsApp-Image-2022-09-15-at-14.24.18-1-1024x1024.jpeg 1024w, http:\/\/blogdoarmindomaia.com.br\/wp-content\/uploads\/2022\/09\/WhatsApp-Image-2022-09-15-at-14.24.18-1-300x300.jpeg 300w, http:\/\/blogdoarmindomaia.com.br\/wp-content\/uploads\/2022\/09\/WhatsApp-Image-2022-09-15-at-14.24.18-1-150x150.jpeg 150w, http:\/\/blogdoarmindomaia.com.br\/wp-content\/uploads\/2022\/09\/WhatsApp-Image-2022-09-15-at-14.24.18-1-768x768.jpeg 768w, http:\/\/blogdoarmindomaia.com.br\/wp-content\/uploads\/2022\/09\/WhatsApp-Image-2022-09-15-at-14.24.18-1.jpeg 1080w\" sizes=\"auto, (max-width: 1024px) 100vw, 1024px\" \/><\/figure>\n\n\n\n<p><em>Rodas de conversa, palestras e muito bem-estar emocional atrav\u00e9s das pr\u00e1ticas integrativas e complementares, nos dias 24 e 25 de setembro, no Uniarax\u00e1<\/em><\/p>\n\n\n\n<p><em>S<\/em>etembro Amarelo j\u00e1 \u00e9 uma campanha nacional de apoio ao combate ao suic\u00eddio e pensando em engajar a causa, a Foca no Bem e o Instituto Andaia Arach\u00e1s, atrav\u00e9s do projeto Minha Cidade Mais Saud\u00e1vel, uniram for\u00e7as para levar \u00e0 comunidade atendimentos terap\u00eauticos, rodas de conversas e palestras, que v\u00e3o ajudar a promover o bem estar emocional e mental.<\/p>\n\n\n\n<p>A ideia foi reunir terapeutas da cidade que est\u00e3o envolvidos com as chamadas PIC\u00b4s (Pr\u00e1ticas Integrativas e Complementares de Sa\u00fade). Essas pr\u00e1ticas dizem respeito \u00e0s terapias alternativas, muitas vezes chamadas de hol\u00edsticas, e que j\u00e1 provaram e tiveram o reconhecimento inclusive do Sistema \u00danico de Sa\u00fade (SUS), quanto \u00e0 promo\u00e7\u00e3o do bem estar emocional e mental. \u201cA Medicina Convencional j\u00e1 reconheceu que sozinha ela n\u00e3o consegue lidar com problemas emocionais, que ancoram em doen\u00e7as no corpo f\u00edsico como a fibromialgia, ansiedade, depress\u00e3o e tantos outros. Por isso, a nossa legisla\u00e7\u00e3o hoje reconhece essas pr\u00e1ticas que levam tanto bem estar emocional como mental para o assistido. A ideia \u00e9 oferecer isso de forma acess\u00edvel para que a comunidade possa conhecer mais de perto sobre essas pr\u00e1ticas\u201d, diz Camila Balbi, diretora de comunica\u00e7\u00e3o do Instituto Andai\u00e1 e Terapeuta Ayurveda.<\/p>\n\n\n\n<p>O projeto Minha Cidade Mais Saud\u00e1vel tem como prop\u00f3sito promover parcerias com profissionais focados em construir um mundo mais consciente e sustent\u00e1vel. \u201cPor isso estamos t\u00e3o engajados em realizar este evento. Com ele, abrimos uma porta para conectarmos a popula\u00e7\u00e3o de Arax\u00e1 a um estilo de vida mais saud\u00e1vel\u201d, diz Aline Marques Idealizadora e diretora da Foca no Bem.<\/p>\n\n\n\n<p>O evento acontecer\u00e1 nos dias 24 e 25 de setembro, no Uniarax\u00e1, a partir das 14h, com palestras no Tribunal do J\u00fari e atendimentos nas salas pr\u00f3ximas. At\u00e9 agora, 25 terapeutas j\u00e1 se mobilizaram e est\u00e3o dispon\u00edveis atendimentos com Reiki, Ayurveda, Floral, Bioenerg\u00e9tica, Barras de Access, Auriculoterapia, Lian Gong, Yoga, Hipnose e Medita\u00e7\u00e3o. Os atendimentos podem ser individuais ou em grupo, como \u00e9 o caso da Roda de Mulheres e a Terapia Comunit\u00e1ria Integrativa.<\/p>\n\n\n\n<p>Al\u00e9m dos atendimentos, est\u00e3o na programa\u00e7\u00e3o palestras com os profissionais envolvidos e tamb\u00e9m a Psic\u00f3loga Michelle Cardoso Rosa, com um bate papo sobre Valoriza\u00e7\u00e3o \u00e0 Vida e o Dr. Carlos Eug\u00eanio Ribeiro Parolini, que vai falar sobre a import\u00e2ncia dos tratamentos das pr\u00e1ticas integrativas como complementa\u00e7\u00e3o do tratamento alop\u00e1tico.<\/p>\n\n\n\n<p>Pensando nas fam\u00edlias que t\u00eam crian\u00e7as, o evento ir\u00e1 disponibilizar tamb\u00e9m um espa\u00e7o kids, com a Turma do Arachazinho, recrea\u00e7\u00e3o e atividades voltadas para as crian\u00e7as.<\/p>\n\n\n\n<p>Para participar, basta se inscrever atrav\u00e9s do link e escolher quais as modalidades de terapia mais te interessam. A taxa para inscri\u00e7\u00e3o pode ser de R$ 1,00 at\u00e9 R$ 50,00. As vagas s\u00e3o limitadas e mais informa\u00e7\u00f5es podem ser obtidas atrav\u00e9s do telefone\/whatsapp (34) 9 9939-909 ou nas redes sociais.<\/p>\n\n\n\n<p><strong>SERVI\u00c7O:<\/strong><\/p>\n\n\n\n<p><strong>Minha Cidade Mais Saud\u00e1vel &#8211; Setembro Amarelo<\/strong><\/p>\n\n\n\n<p><strong>Dias: <\/strong>24 e 25 de Setembro<\/p>\n\n\n\n<p><strong>Hora: <\/strong>das 14h \u00e0s 18h<\/p>\n\n\n\n<p><strong>Local<\/strong>: Uniarax\u00e1<\/p>\n\n\n\n<p><strong>O que:<\/strong> Atendimentos individuais e coletivos terap\u00eauticos<\/p>\n","protected":false},"excerpt":{"rendered":"<p>Rodas de conversa, palestras e muito bem-estar emocional atrav\u00e9s das pr\u00e1ticas integrativas e complementares, nos dias 24 e 25 de<\/p>\n","protected":false},"author":2,"featured_media":2708,"comment_status":"open","ping_status":"open","sticky":false,"template":"","format":"standard","meta":{"footnotes":""},"categories":[9,11,13],"tags":[],"class_list":["post-2707","post","type-post","status-publish","format-standard","has-post-thumbnail","hentry","category-araxa","category-destaques","category-educacao"],"_links":{"self":[{"href":"http:\/\/blogdoarmindomaia.com.br\/index.php?rest_route=\/wp\/v2\/posts\/2707","targetHints":{"allow":["GET"]}}],"collection":[{"href":"http:\/\/blogdoarmindomaia.com.br\/index.php?rest_route=\/wp\/v2\/posts"}],"about":[{"href":"http:\/\/blogdoarmindomaia.com.br\/index.php?rest_route=\/wp\/v2\/types\/post"}],"author":[{"embeddable":true,"href":"http:\/\/blogdoarmindomaia.com.br\/index.php?rest_route=\/wp\/v2\/users\/2"}],"replies":[{"embeddable":true,"href":"http:\/\/blogdoarmindomaia.com.br\/index.php?rest_route=%2Fwp%2Fv2%2Fcomments&post=2707"}],"version-history":[{"count":1,"href":"http:\/\/blogdoarmindomaia.com.br\/index.php?rest_route=\/wp\/v2\/posts\/2707\/revisions"}],"predecessor-version":[{"id":2709,"href":"http:\/\/blogdoarmindomaia.com.br\/index.php?rest_route=\/wp\/v2\/posts\/2707\/revisions\/2709"}],"wp:featuredmedia":[{"embeddable":true,"href":"http:\/\/blogdoarmindomaia.com.br\/index.php?rest_route=\/wp\/v2\/media\/2708"}],"wp:attachment":[{"href":"http:\/\/blogdoarmindomaia.com.br\/index.php?rest_route=%2Fwp%2Fv2%2Fmedia&parent=2707"}],"wp:term":[{"taxonomy":"category","embeddable":true,"href":"http:\/\/blogdoarmindomaia.com.br\/index.php?rest_route=%2Fwp%2Fv2%2Fcategories&post=2707"},{"taxonomy":"post_tag","embeddable":true,"href":"http:\/\/blogdoarmindomaia.com.br\/index.php?rest_route=%2Fwp%2Fv2%2Ftags&post=2707"}],"curies":[{"name":"wp","href":"https:\/\/api.w.org\/{rel}","templated":true}]}}