{"id":2710,"date":"2022-09-19T14:26:45","date_gmt":"2022-09-19T17:26:45","guid":{"rendered":"http:\/\/blogdoarmindomaia.com.br\/?p=2710"},"modified":"2022-09-19T14:26:48","modified_gmt":"2022-09-19T17:26:48","slug":"nova-pintura-externa-ressalta-a-beleza-arquitetonica-da-igreja-matriz","status":"publish","type":"post","link":"http:\/\/blogdoarmindomaia.com.br\/?p=2710","title":{"rendered":"Nova pintura externa ressalta a beleza arquitet\u00f4nica da Igreja Matriz"},"content":{"rendered":"\n<figure class=\"wp-block-image size-large\"><img loading=\"lazy\" decoding=\"async\" width=\"1024\" height=\"528\" src=\"http:\/\/blogdoarmindomaia.com.br\/wp-content\/uploads\/2022\/09\/Nova-pintura-externa-ressalta-a-beleza-arquitetonica-da-Igreja-Matriz-pag-06-1024x528.jpg\" alt=\"\" class=\"wp-image-2711\" srcset=\"http:\/\/blogdoarmindomaia.com.br\/wp-content\/uploads\/2022\/09\/Nova-pintura-externa-ressalta-a-beleza-arquitetonica-da-Igreja-Matriz-pag-06-1024x528.jpg 1024w, http:\/\/blogdoarmindomaia.com.br\/wp-content\/uploads\/2022\/09\/Nova-pintura-externa-ressalta-a-beleza-arquitetonica-da-Igreja-Matriz-pag-06-300x155.jpg 300w, http:\/\/blogdoarmindomaia.com.br\/wp-content\/uploads\/2022\/09\/Nova-pintura-externa-ressalta-a-beleza-arquitetonica-da-Igreja-Matriz-pag-06-768x396.jpg 768w, http:\/\/blogdoarmindomaia.com.br\/wp-content\/uploads\/2022\/09\/Nova-pintura-externa-ressalta-a-beleza-arquitetonica-da-Igreja-Matriz-pag-06-1536x792.jpg 1536w, http:\/\/blogdoarmindomaia.com.br\/wp-content\/uploads\/2022\/09\/Nova-pintura-externa-ressalta-a-beleza-arquitetonica-da-Igreja-Matriz-pag-06-2048x1056.jpg 2048w\" sizes=\"auto, (max-width: 1024px) 100vw, 1024px\" \/><\/figure>\n\n\n\n<p>Obras est\u00e3o dentro do cronograma e tamb\u00e9m incluem a revitaliza\u00e7\u00e3o da torre e do telhado<\/p>\n\n\n\n<p>Quem passa pela regi\u00e3o central de Arax\u00e1 j\u00e1 pode notar. A pintura externa da Igreja Matriz de S\u00e3o Domingos est\u00e1 bastante adiantada. Esta \u00e9 uma das \u00faltimas etapas do projeto de revitaliza\u00e7\u00e3o do patrim\u00f4nio. &#8220;Est\u00e1 ficando linda e parece at\u00e9 mais iluminada, gostei bastante&#8221;, diz a universit\u00e1ria Suely Mendes.<\/p>\n\n\n\n<p>Segundo a engenheira respons\u00e1vel pela obra, Daiana Aquino Moura, 50% do servi\u00e7o de pintura est\u00e1 conclu\u00eddo. A aposta da equipe respons\u00e1vel pelas obras foi em tons mais claros. &#8220;Seguimos os padr\u00f5es da Igreja, mas em tons mais claros para valorizar a arquitetura e j\u00e1 \u00e9 poss\u00edvel ver o quanto o resultado est\u00e1 sendo satisfat\u00f3rio&#8221;, comenta Daiana.<\/p>\n\n\n\n<p>Al\u00e9m da pintura externa, a obra avan\u00e7a em v\u00e1rias outras frentes. O servi\u00e7o de impermeabiliza\u00e7\u00e3o e revitaliza\u00e7\u00e3o da torre foi totalmente conclu\u00eddo. O trabalho no telhado tamb\u00e9m est\u00e1 quase pronto, restando apenas 10% da troca de telhas, calhas e madeiramento. &#8220;Ainda temos a demanda do piso para ser feita, a recupera\u00e7\u00e3o das escadarias em granito, mas hoje estamos bem dentro do cronograma&#8221;, destaca.<\/p>\n\n\n\n<p>A expectativa \u00e9 de que a obra, que tem quatro etapas, seja conclu\u00edda em dezembro. O trabalho, que teve in\u00edcio em abril, \u00e9 realizado pela Funda\u00e7\u00e3o Cultural Acia (Facia), por meio da Lei Federal de Incentivo \u00e0 Cultura e tem patroc\u00ednio da CBMM.&nbsp;<\/p>\n\n\n\n<p><strong>Hist\u00f3rico<\/strong><\/p>\n\n\n\n<p>Do planejamento ao t\u00e9rmino, as obras de constru\u00e7\u00e3o da Igreja Matriz de S\u00e3o Domingos duraram mais de 40 anos. Entre 1911 e 1948 a comunidade religiosa de Arax\u00e1 acompanhou de perto a evolu\u00e7\u00e3o dos trabalhos, bem como algumas paralisa\u00e7\u00f5es.<\/p>\n\n\n\n<p>Segundo registros da Funda\u00e7\u00e3o Cultural Calmon Barreto, em 24 de agosto de 1948, o vig\u00e1rio Pe. Philippini anotou nos arquivos o seguinte: \u201cTerminam-se por completo todos os trabalhos de consolida\u00e7\u00e3o, revestimento interno e externo, forro e piso da Matriz, a escadaria, as depend\u00eancias, a sacristia, a torre, a grade em redor da igreja, e jardim; numa palavra, est\u00e1 prompta, acabada a obra que me propuz a fazer. Deo gratias&#8230;\u201d<\/p>\n\n\n\n<p>O estilo arquitet\u00f4nico da Igreja Matriz de S\u00e3o Domingos re\u00fane caracter\u00edsticas romanas com elementos g\u00f3ticos. Destaque para a beleza das pinturas murais, vitrais e elementos decorativos.<\/p>\n\n\n\n<p>A reforma que garantir\u00e1 a preserva\u00e7\u00e3o deste patrim\u00f4nio \u00e9 promovida pela Funda\u00e7\u00e3o Cultural Acia (Facia) e tem o patroc\u00ednio da CBMM, atrav\u00e9s da Lei Federal de Incentivo \u00e0 Cultura.<\/p>\n","protected":false},"excerpt":{"rendered":"<p>Obras est\u00e3o dentro do cronograma e tamb\u00e9m incluem a revitaliza\u00e7\u00e3o da torre e do telhado Quem passa pela regi\u00e3o central<\/p>\n","protected":false},"author":2,"featured_media":2711,"comment_status":"open","ping_status":"open","sticky":false,"template":"","format":"standard","meta":{"footnotes":""},"categories":[9,5,11],"tags":[],"class_list":["post-2710","post","type-post","status-publish","format-standard","has-post-thumbnail","hentry","category-araxa","category-arte-e-cultura","category-destaques"],"_links":{"self":[{"href":"http:\/\/blogdoarmindomaia.com.br\/index.php?rest_route=\/wp\/v2\/posts\/2710","targetHints":{"allow":["GET"]}}],"collection":[{"href":"http:\/\/blogdoarmindomaia.com.br\/index.php?rest_route=\/wp\/v2\/posts"}],"about":[{"href":"http:\/\/blogdoarmindomaia.com.br\/index.php?rest_route=\/wp\/v2\/types\/post"}],"author":[{"embeddable":true,"href":"http:\/\/blogdoarmindomaia.com.br\/index.php?rest_route=\/wp\/v2\/users\/2"}],"replies":[{"embeddable":true,"href":"http:\/\/blogdoarmindomaia.com.br\/index.php?rest_route=%2Fwp%2Fv2%2Fcomments&post=2710"}],"version-history":[{"count":1,"href":"http:\/\/blogdoarmindomaia.com.br\/index.php?rest_route=\/wp\/v2\/posts\/2710\/revisions"}],"predecessor-version":[{"id":2712,"href":"http:\/\/blogdoarmindomaia.com.br\/index.php?rest_route=\/wp\/v2\/posts\/2710\/revisions\/2712"}],"wp:featuredmedia":[{"embeddable":true,"href":"http:\/\/blogdoarmindomaia.com.br\/index.php?rest_route=\/wp\/v2\/media\/2711"}],"wp:attachment":[{"href":"http:\/\/blogdoarmindomaia.com.br\/index.php?rest_route=%2Fwp%2Fv2%2Fmedia&parent=2710"}],"wp:term":[{"taxonomy":"category","embeddable":true,"href":"http:\/\/blogdoarmindomaia.com.br\/index.php?rest_route=%2Fwp%2Fv2%2Fcategories&post=2710"},{"taxonomy":"post_tag","embeddable":true,"href":"http:\/\/blogdoarmindomaia.com.br\/index.php?rest_route=%2Fwp%2Fv2%2Ftags&post=2710"}],"curies":[{"name":"wp","href":"https:\/\/api.w.org\/{rel}","templated":true}]}}