{"id":2742,"date":"2022-09-21T10:47:10","date_gmt":"2022-09-21T13:47:10","guid":{"rendered":"http:\/\/blogdoarmindomaia.com.br\/?p=2742"},"modified":"2022-09-21T10:47:12","modified_gmt":"2022-09-21T13:47:12","slug":"teatro-municipal-maximiliano-rocha-recebe-exposicao-de-bancos-indigenas","status":"publish","type":"post","link":"http:\/\/blogdoarmindomaia.com.br\/?p=2742","title":{"rendered":"Teatro Municipal Maximiliano Rocha recebe exposi\u00e7\u00e3o de bancos ind\u00edgenas"},"content":{"rendered":"\n<figure class=\"wp-block-image size-full\"><img loading=\"lazy\" decoding=\"async\" width=\"1024\" height=\"683\" src=\"http:\/\/blogdoarmindomaia.com.br\/wp-content\/uploads\/2022\/09\/Teatro-Municipal-Maximiliano-Rocha-recebe-exposicao-de-bancos-indigenas-pag-06.jpeg\" alt=\"\" class=\"wp-image-2743\" srcset=\"http:\/\/blogdoarmindomaia.com.br\/wp-content\/uploads\/2022\/09\/Teatro-Municipal-Maximiliano-Rocha-recebe-exposicao-de-bancos-indigenas-pag-06.jpeg 1024w, http:\/\/blogdoarmindomaia.com.br\/wp-content\/uploads\/2022\/09\/Teatro-Municipal-Maximiliano-Rocha-recebe-exposicao-de-bancos-indigenas-pag-06-300x200.jpeg 300w, http:\/\/blogdoarmindomaia.com.br\/wp-content\/uploads\/2022\/09\/Teatro-Municipal-Maximiliano-Rocha-recebe-exposicao-de-bancos-indigenas-pag-06-768x512.jpeg 768w\" sizes=\"auto, (max-width: 1024px) 100vw, 1024px\" \/><\/figure>\n\n\n\n<figure class=\"wp-block-image size-full\"><img loading=\"lazy\" decoding=\"async\" width=\"1024\" height=\"683\" src=\"http:\/\/blogdoarmindomaia.com.br\/wp-content\/uploads\/2022\/09\/bancos-indigenas-5.jpeg\" alt=\"\" class=\"wp-image-2744\" srcset=\"http:\/\/blogdoarmindomaia.com.br\/wp-content\/uploads\/2022\/09\/bancos-indigenas-5.jpeg 1024w, http:\/\/blogdoarmindomaia.com.br\/wp-content\/uploads\/2022\/09\/bancos-indigenas-5-300x200.jpeg 300w, http:\/\/blogdoarmindomaia.com.br\/wp-content\/uploads\/2022\/09\/bancos-indigenas-5-768x512.jpeg 768w\" sizes=\"auto, (max-width: 1024px) 100vw, 1024px\" \/><\/figure>\n\n\n\n<p>A beleza das formas, cores e grafismos da cultura ind\u00edgena estar\u00e3o presentes no foyer do Teatro Municipal Maximiliano Rocha, em uma exposi\u00e7\u00e3o de bancos gratuita e in\u00e9dita em Arax\u00e1. A abertura oficial da mostra aconteceu na noite da \u00faltima segunda-feira (19), \u00e0s 19h. A exposi\u00e7\u00e3o ficar\u00e1 dispon\u00edvel at\u00e9 18 de mar\u00e7o de 2023, possibilitando ao p\u00fablico a oportunidade de ampliar o conhecimento da representatividade de v\u00e1rias aldeias do pa\u00eds.<br><br>Trazida pela Cole\u00e7\u00e3o BE\u0128 de Bancos Ind\u00edgenas, por meio da Lei de Incentivo \u00e0 Cultura, com apoio da Prefeitura de Arax\u00e1 e Funda\u00e7\u00e3o Cultural Calmon Barreto, e patroc\u00ednio da CBMM, a exposi\u00e7\u00e3o conta com 76 bancos de 34 etnias, como Karaj\u00e1, Sater\u00ea-Maw\u00ea, Tukano, Xipaya, Waiwai, Tapirap\u00e9, Yudj\u00e1, Tiry\u00f3, entre outras.<br><br>Os bancos t\u00eam formatos geom\u00e9tricos ou zoom\u00f3rficos, refletindo a diversidade da fauna das regi\u00f5es de que prov\u00eam. Eles comp\u00f5em um recorte representativo da diversidade e da sofistica\u00e7\u00e3o deste tipo de produ\u00e7\u00e3o no Brasil. Entre os animais mais representados est\u00e3o o tamandu\u00e1, a anta, a on\u00e7a e os p\u00e1ssaros.<br><br>\u201cA preserva\u00e7\u00e3o dos padr\u00f5es tradicionais e primitivos de produ\u00e7\u00e3o revelam a extrema sofistica\u00e7\u00e3o est\u00e9tica das civiliza\u00e7\u00f5es que floresceram no Brasil pr\u00e9-colonial. Dessa forma, a partir deste \u00fanico objeto, o banco, pode-se reconstruir toda a variedade e a diversidade e o refinamento das culturas ancestrais brasileiras, que permanecem vivas\u201d, ressalta o curador da BE\u0128, Tomas Alvim.<br><br>\u201cPara Funda\u00e7\u00e3o Cultural Calmon Barreto (FCCB), um dos maiores objetivos \u00e9 a preserva\u00e7\u00e3o da cultura em todos os seus segmentos. E a cultura ind\u00edgena tem presen\u00e7a ativa na nossa regi\u00e3o, como, por exemplo, por meio da tribo dos Arach\u00e1s. Por isso, \u00e9 gratificante recebermos uma exposi\u00e7\u00e3o como esta, para ressaltarmos \u00e0 comunidade a import\u00e2ncia destes povos\u201d, destaca a presidente da FCCB, Cynthia Ver\u00e7osa.<br><br>Al\u00e9m da exposi\u00e7\u00e3o no Teatro Municipal, como uma extens\u00e3o da mostra, alguns bancos tamb\u00e9m estar\u00e3o dispon\u00edveis para aprecia\u00e7\u00e3o no Museu Calmon Barreto e Memorial de Arax\u00e1.<br><br><strong>Arte-educa\u00e7\u00e3o<br><\/strong><br>Durante a passagem da Exposi\u00e7\u00e3o BE\u0128 por Arax\u00e1, 30 turmas de escolas da cidade ser\u00e3o convidadas a visitarem a exposi\u00e7\u00e3o no Teatro Municipal. Al\u00e9m de conhecerem o acervo, os alunos participar\u00e3o de oficinas de arte-educa\u00e7\u00e3o.<br><br>\u201cO trabalho com os estudantes vai consistir em uma visita guiada, onde eles v\u00e3o aprender a confeccionar por meio de origamis, que s\u00e3o as esculturas no papel, os bancos que est\u00e3o em exposi\u00e7\u00e3o. A ideia \u00e9 colocar em pr\u00e1tica tudo o que foi aprendido. Al\u00e9m da hist\u00f3ria, teremos a contempla\u00e7\u00e3o com o fazer art\u00edstico\u201d, completa Cynthia Ver\u00e7osa.<\/p>\n","protected":false},"excerpt":{"rendered":"<p>A beleza das formas, cores e grafismos da cultura ind\u00edgena estar\u00e3o presentes no foyer do Teatro Municipal Maximiliano Rocha, em<\/p>\n","protected":false},"author":2,"featured_media":2743,"comment_status":"open","ping_status":"open","sticky":false,"template":"","format":"standard","meta":{"footnotes":""},"categories":[9,5],"tags":[],"class_list":["post-2742","post","type-post","status-publish","format-standard","has-post-thumbnail","hentry","category-araxa","category-arte-e-cultura"],"_links":{"self":[{"href":"http:\/\/blogdoarmindomaia.com.br\/index.php?rest_route=\/wp\/v2\/posts\/2742","targetHints":{"allow":["GET"]}}],"collection":[{"href":"http:\/\/blogdoarmindomaia.com.br\/index.php?rest_route=\/wp\/v2\/posts"}],"about":[{"href":"http:\/\/blogdoarmindomaia.com.br\/index.php?rest_route=\/wp\/v2\/types\/post"}],"author":[{"embeddable":true,"href":"http:\/\/blogdoarmindomaia.com.br\/index.php?rest_route=\/wp\/v2\/users\/2"}],"replies":[{"embeddable":true,"href":"http:\/\/blogdoarmindomaia.com.br\/index.php?rest_route=%2Fwp%2Fv2%2Fcomments&post=2742"}],"version-history":[{"count":1,"href":"http:\/\/blogdoarmindomaia.com.br\/index.php?rest_route=\/wp\/v2\/posts\/2742\/revisions"}],"predecessor-version":[{"id":2745,"href":"http:\/\/blogdoarmindomaia.com.br\/index.php?rest_route=\/wp\/v2\/posts\/2742\/revisions\/2745"}],"wp:featuredmedia":[{"embeddable":true,"href":"http:\/\/blogdoarmindomaia.com.br\/index.php?rest_route=\/wp\/v2\/media\/2743"}],"wp:attachment":[{"href":"http:\/\/blogdoarmindomaia.com.br\/index.php?rest_route=%2Fwp%2Fv2%2Fmedia&parent=2742"}],"wp:term":[{"taxonomy":"category","embeddable":true,"href":"http:\/\/blogdoarmindomaia.com.br\/index.php?rest_route=%2Fwp%2Fv2%2Fcategories&post=2742"},{"taxonomy":"post_tag","embeddable":true,"href":"http:\/\/blogdoarmindomaia.com.br\/index.php?rest_route=%2Fwp%2Fv2%2Ftags&post=2742"}],"curies":[{"name":"wp","href":"https:\/\/api.w.org\/{rel}","templated":true}]}}