{"id":2752,"date":"2022-09-21T14:08:37","date_gmt":"2022-09-21T17:08:37","guid":{"rendered":"http:\/\/blogdoarmindomaia.com.br\/?p=2752"},"modified":"2022-09-21T14:08:39","modified_gmt":"2022-09-21T17:08:39","slug":"campanha-de-vacinacao-contra-a-poliomielite-e-multivacinacao-se-estende-ate-o-dia-30","status":"publish","type":"post","link":"http:\/\/blogdoarmindomaia.com.br\/?p=2752","title":{"rendered":"Campanha de Vacina\u00e7\u00e3o Contra a Poliomielite e Multivacina\u00e7\u00e3o se estende at\u00e9 o dia 30"},"content":{"rendered":"\n<figure class=\"wp-block-image size-large\"><img loading=\"lazy\" decoding=\"async\" width=\"1024\" height=\"1024\" src=\"http:\/\/blogdoarmindomaia.com.br\/wp-content\/uploads\/2022\/09\/Campanha-de-Vacinacao-Contra-a-Poliomielite-e-Multivacinacao-pag-03-1024x1024.jpeg\" alt=\"\" class=\"wp-image-2753\" srcset=\"http:\/\/blogdoarmindomaia.com.br\/wp-content\/uploads\/2022\/09\/Campanha-de-Vacinacao-Contra-a-Poliomielite-e-Multivacinacao-pag-03-1024x1024.jpeg 1024w, http:\/\/blogdoarmindomaia.com.br\/wp-content\/uploads\/2022\/09\/Campanha-de-Vacinacao-Contra-a-Poliomielite-e-Multivacinacao-pag-03-300x300.jpeg 300w, http:\/\/blogdoarmindomaia.com.br\/wp-content\/uploads\/2022\/09\/Campanha-de-Vacinacao-Contra-a-Poliomielite-e-Multivacinacao-pag-03-150x150.jpeg 150w, http:\/\/blogdoarmindomaia.com.br\/wp-content\/uploads\/2022\/09\/Campanha-de-Vacinacao-Contra-a-Poliomielite-e-Multivacinacao-pag-03-768x768.jpeg 768w, http:\/\/blogdoarmindomaia.com.br\/wp-content\/uploads\/2022\/09\/Campanha-de-Vacinacao-Contra-a-Poliomielite-e-Multivacinacao-pag-03.jpeg 1080w\" sizes=\"auto, (max-width: 1024px) 100vw, 1024px\" \/><\/figure>\n\n\n\n<p>A Campanha Nacional de Vacina\u00e7\u00e3o Contra a Poliomielite foi prorrogada at\u00e9 o dia 30 de setembro. A imuniza\u00e7\u00e3o \u00e9 voltada para crian\u00e7as de 1 a 4 anos, 11 meses e 29 dias.<br><br>Tamb\u00e9m para o mesmo per\u00edodo, foi prorrogada a Campanha de Multivacina\u00e7\u00e3o, que \u00e9 voltada para o p\u00fablico de 2 meses a menores de 15 anos.<br><br>Em Arax\u00e1, a aplica\u00e7\u00e3o acontece, de segunda a sexta, nas Salas de Vacina da Unicentro, Unioeste, Unileste, Uninordeste, Uninorte e Unisul, das 8h \u00e0s 16h; na Unisa, das 8h \u00e0s 13h; e no ESF Max Neumann, das 12h30 \u00e0s 17h.<br><br>Os menores devem estar acompanhados e levar a Certid\u00e3o de Nascimento ou RG e o Cart\u00e3o de Vacina e o Cart\u00e3o do SUS (se tiver).<br><br><strong>Vacina\u00e7\u00e3o contra a poliomielite nas escolas<br><\/strong><br>A Secretaria Municipal de Sa\u00fade tamb\u00e9m est\u00e1 realizando mobiliza\u00e7\u00e3o nas escolas e creches municipais, com o objetivo de atingir a meta que \u00e9 de 95% do p\u00fablico-alvo, de acordo com o Minist\u00e9rio da Sa\u00fade. At\u00e9 o momento, foram imunizadas 2.396 crian\u00e7as, do total de 5.227, o que corresponde a 45%.<br><br>A coordenadora de Imuniza\u00e7\u00e3o, Erica Fonseca, refor\u00e7a a import\u00e2ncia e o benef\u00edcio da vacina\u00e7\u00e3o para evitar a reintrodu\u00e7\u00e3o da poliomielite, uma vez que o Brasil est\u00e1 certificado da elimina\u00e7\u00e3o da doen\u00e7a desde 1994.<br><br>\u201c\u00c9 um alerta que deixamos para os pais e respons\u00e1veis. Ainda estamos muito abaixo da meta, e \u00e9 importante essa conscientiza\u00e7\u00e3o sobre os benef\u00edcios que a vacina proporciona, evitando o ressurgimento da poliomielite. Estamos fazendo essa mobiliza\u00e7\u00e3o tamb\u00e9m nas escolas para que possamos ter um alcance maior\u201d, reitera.<\/p>\n","protected":false},"excerpt":{"rendered":"<p>A Campanha Nacional de Vacina\u00e7\u00e3o Contra a Poliomielite foi prorrogada at\u00e9 o dia 30 de setembro. A imuniza\u00e7\u00e3o \u00e9 voltada<\/p>\n","protected":false},"author":2,"featured_media":2753,"comment_status":"open","ping_status":"open","sticky":false,"template":"","format":"standard","meta":{"footnotes":""},"categories":[9,29],"tags":[],"class_list":["post-2752","post","type-post","status-publish","format-standard","has-post-thumbnail","hentry","category-araxa","category-saude"],"_links":{"self":[{"href":"http:\/\/blogdoarmindomaia.com.br\/index.php?rest_route=\/wp\/v2\/posts\/2752","targetHints":{"allow":["GET"]}}],"collection":[{"href":"http:\/\/blogdoarmindomaia.com.br\/index.php?rest_route=\/wp\/v2\/posts"}],"about":[{"href":"http:\/\/blogdoarmindomaia.com.br\/index.php?rest_route=\/wp\/v2\/types\/post"}],"author":[{"embeddable":true,"href":"http:\/\/blogdoarmindomaia.com.br\/index.php?rest_route=\/wp\/v2\/users\/2"}],"replies":[{"embeddable":true,"href":"http:\/\/blogdoarmindomaia.com.br\/index.php?rest_route=%2Fwp%2Fv2%2Fcomments&post=2752"}],"version-history":[{"count":1,"href":"http:\/\/blogdoarmindomaia.com.br\/index.php?rest_route=\/wp\/v2\/posts\/2752\/revisions"}],"predecessor-version":[{"id":2754,"href":"http:\/\/blogdoarmindomaia.com.br\/index.php?rest_route=\/wp\/v2\/posts\/2752\/revisions\/2754"}],"wp:featuredmedia":[{"embeddable":true,"href":"http:\/\/blogdoarmindomaia.com.br\/index.php?rest_route=\/wp\/v2\/media\/2753"}],"wp:attachment":[{"href":"http:\/\/blogdoarmindomaia.com.br\/index.php?rest_route=%2Fwp%2Fv2%2Fmedia&parent=2752"}],"wp:term":[{"taxonomy":"category","embeddable":true,"href":"http:\/\/blogdoarmindomaia.com.br\/index.php?rest_route=%2Fwp%2Fv2%2Fcategories&post=2752"},{"taxonomy":"post_tag","embeddable":true,"href":"http:\/\/blogdoarmindomaia.com.br\/index.php?rest_route=%2Fwp%2Fv2%2Ftags&post=2752"}],"curies":[{"name":"wp","href":"https:\/\/api.w.org\/{rel}","templated":true}]}}