{"id":2755,"date":"2022-09-22T14:49:17","date_gmt":"2022-09-22T17:49:17","guid":{"rendered":"http:\/\/blogdoarmindomaia.com.br\/?p=2755"},"modified":"2022-09-22T14:49:19","modified_gmt":"2022-09-22T17:49:19","slug":"feira-popular-do-livro-abre-espaco-para-exposicao-de-escritores-de-araxa%ef%bf%bc","status":"publish","type":"post","link":"http:\/\/blogdoarmindomaia.com.br\/?p=2755","title":{"rendered":"Feira Popular do Livro abre espa\u00e7o para exposi\u00e7\u00e3o de escritores de Arax\u00e1\ufffc"},"content":{"rendered":"\n<figure class=\"wp-block-image size-full\"><img loading=\"lazy\" decoding=\"async\" width=\"1024\" height=\"681\" src=\"http:\/\/blogdoarmindomaia.com.br\/wp-content\/uploads\/2022\/09\/feira_livro_2022_001.jpg\" alt=\"\" class=\"wp-image-2756\" srcset=\"http:\/\/blogdoarmindomaia.com.br\/wp-content\/uploads\/2022\/09\/feira_livro_2022_001.jpg 1024w, http:\/\/blogdoarmindomaia.com.br\/wp-content\/uploads\/2022\/09\/feira_livro_2022_001-300x200.jpg 300w, http:\/\/blogdoarmindomaia.com.br\/wp-content\/uploads\/2022\/09\/feira_livro_2022_001-768x511.jpg 768w\" sizes=\"auto, (max-width: 1024px) 100vw, 1024px\" \/><\/figure>\n\n\n\n<figure class=\"wp-block-image size-full\"><img loading=\"lazy\" decoding=\"async\" width=\"1024\" height=\"680\" src=\"http:\/\/blogdoarmindomaia.com.br\/wp-content\/uploads\/2022\/09\/Feira-Popular-do-Livro-abre-espaco-para-exposicao-de-escritores-de-Araxa-pag-04.jpg\" alt=\"\" class=\"wp-image-2757\" srcset=\"http:\/\/blogdoarmindomaia.com.br\/wp-content\/uploads\/2022\/09\/Feira-Popular-do-Livro-abre-espaco-para-exposicao-de-escritores-de-Araxa-pag-04.jpg 1024w, http:\/\/blogdoarmindomaia.com.br\/wp-content\/uploads\/2022\/09\/Feira-Popular-do-Livro-abre-espaco-para-exposicao-de-escritores-de-Araxa-pag-04-300x199.jpg 300w, http:\/\/blogdoarmindomaia.com.br\/wp-content\/uploads\/2022\/09\/Feira-Popular-do-Livro-abre-espaco-para-exposicao-de-escritores-de-Araxa-pag-04-768x510.jpg 768w\" sizes=\"auto, (max-width: 1024px) 100vw, 1024px\" \/><\/figure>\n\n\n\n<p>Arax\u00e1 recebe, at\u00e9 30 de setembro, a Feira Popular do Livro, instalada em uma tenda montada na Pra\u00e7a Governador Valadares, com funcionamento todos os dias, das 8h \u00e0s 20h. S\u00e3o mais de 2.000 t\u00edtulos, de 30 editoras, com temas como culin\u00e1ria, filosofia, literatura brasileira e estrangeira, autoajuda, entre outros. Os descontos chegam a at\u00e9 70%.<\/p>\n\n\n\n<p>Com o apoio da Prefeitura de Arax\u00e1 e Funda\u00e7\u00e3o Cultural Calmon Barreto (FCCB), como contrapartida a feira itinerante vai doar 100 exemplares para a Biblioteca P\u00fablica Municipal \u201cViriato Corr\u00eaa\u201d. Durante os dias de perman\u00eancia na cidade, a feira tamb\u00e9m oferece espa\u00e7o para que escritores de Arax\u00e1 possam expor suas obras.<\/p>\n\n\n\n<p>\u201cConvidar os escritores para participar da feira \u00e9 uma forma de valorizar a literatura local. J\u00e1 a doa\u00e7\u00e3o dos exemplares para a Biblioteca P\u00fablica Municipal busca incentivar a leitura e fazer com que a cidade tenha mais t\u00edtulos e op\u00e7\u00f5es de livros dispon\u00edveis para toda a popula\u00e7\u00e3o\u201d, destaca o organizador da feira, Carlos Kataoka.<\/p>\n","protected":false},"excerpt":{"rendered":"<p>Arax\u00e1 recebe, at\u00e9 30 de setembro, a Feira Popular do Livro, instalada em uma tenda montada na Pra\u00e7a Governador Valadares,<\/p>\n","protected":false},"author":2,"featured_media":2757,"comment_status":"open","ping_status":"open","sticky":false,"template":"","format":"standard","meta":{"footnotes":""},"categories":[9,5],"tags":[],"class_list":["post-2755","post","type-post","status-publish","format-standard","has-post-thumbnail","hentry","category-araxa","category-arte-e-cultura"],"_links":{"self":[{"href":"http:\/\/blogdoarmindomaia.com.br\/index.php?rest_route=\/wp\/v2\/posts\/2755","targetHints":{"allow":["GET"]}}],"collection":[{"href":"http:\/\/blogdoarmindomaia.com.br\/index.php?rest_route=\/wp\/v2\/posts"}],"about":[{"href":"http:\/\/blogdoarmindomaia.com.br\/index.php?rest_route=\/wp\/v2\/types\/post"}],"author":[{"embeddable":true,"href":"http:\/\/blogdoarmindomaia.com.br\/index.php?rest_route=\/wp\/v2\/users\/2"}],"replies":[{"embeddable":true,"href":"http:\/\/blogdoarmindomaia.com.br\/index.php?rest_route=%2Fwp%2Fv2%2Fcomments&post=2755"}],"version-history":[{"count":1,"href":"http:\/\/blogdoarmindomaia.com.br\/index.php?rest_route=\/wp\/v2\/posts\/2755\/revisions"}],"predecessor-version":[{"id":2758,"href":"http:\/\/blogdoarmindomaia.com.br\/index.php?rest_route=\/wp\/v2\/posts\/2755\/revisions\/2758"}],"wp:featuredmedia":[{"embeddable":true,"href":"http:\/\/blogdoarmindomaia.com.br\/index.php?rest_route=\/wp\/v2\/media\/2757"}],"wp:attachment":[{"href":"http:\/\/blogdoarmindomaia.com.br\/index.php?rest_route=%2Fwp%2Fv2%2Fmedia&parent=2755"}],"wp:term":[{"taxonomy":"category","embeddable":true,"href":"http:\/\/blogdoarmindomaia.com.br\/index.php?rest_route=%2Fwp%2Fv2%2Fcategories&post=2755"},{"taxonomy":"post_tag","embeddable":true,"href":"http:\/\/blogdoarmindomaia.com.br\/index.php?rest_route=%2Fwp%2Fv2%2Ftags&post=2755"}],"curies":[{"name":"wp","href":"https:\/\/api.w.org\/{rel}","templated":true}]}}